{"id":16301,"date":"2026-03-05T15:29:00","date_gmt":"2026-03-05T14:29:00","guid":{"rendered":"https:\/\/www.gigroupholding.com\/switzerland\/?p=16301"},"modified":"2026-03-05T16:35:20","modified_gmt":"2026-03-05T15:35:20","slug":"women-in-leadership-2026-come-gi-group-switzerland-radica-la-parita-e-cosa-ne-dicono-tre-leader-donne","status":"publish","type":"post","link":"https:\/\/www.gigroupholding.com\/switzerland\/it\/women-in-leadership-2026-come-gi-group-switzerland-radica-la-parita-e-cosa-ne-dicono-tre-leader-donne\/","title":{"rendered":"Women in Leadership 2026: Come Gi Group Switzerland radica la parit\u00e0 \u2013 e cosa ne dicono tre leader donne"},"content":{"rendered":"\t\t<div data-elementor-type=\"wp-post\" data-elementor-id=\"16301\" class=\"elementor elementor-16301 elementor-16182\" data-elementor-post-type=\"post\">\n\t\t\t\t\t\t<section class=\"elementor-section elementor-top-section elementor-element elementor-element-5cf886e elementor-section-boxed elementor-section-height-default elementor-section-height-default\" data-id=\"5cf886e\" data-element_type=\"section\" data-settings=\"{&quot;background_background&quot;:&quot;classic&quot;}\">\n\t\t\t\t\t\t<div class=\"elementor-container elementor-column-gap-default\">\n\t\t\t\t\t<div class=\"elementor-column elementor-col-100 elementor-top-column elementor-element elementor-element-f2b9aa2\" data-id=\"f2b9aa2\" data-element_type=\"column\">\n\t\t\t<div class=\"elementor-widget-wrap elementor-element-populated\">\n\t\t\t\t\t\t<div class=\"elementor-element elementor-element-062b795 elementor-widget elementor-widget-heading\" data-id=\"062b795\" data-element_type=\"widget\" data-widget_type=\"heading.default\">\n\t\t\t\t<div class=\"elementor-widget-container\">\n\t\t\t<span class=\"elementor-heading-title elementor-size-default\">News<\/span>\t\t<\/div>\n\t\t\t\t<\/div>\n\t\t\t\t<div class=\"elementor-element elementor-element-17bf8dc elementor-widget elementor-widget-spacer\" data-id=\"17bf8dc\" data-element_type=\"widget\" data-widget_type=\"spacer.default\">\n\t\t\t\t<div class=\"elementor-widget-container\">\n\t\t\t\t\t<div class=\"elementor-spacer\">\n\t\t\t<div class=\"elementor-spacer-inner\"><\/div>\n\t\t<\/div>\n\t\t\t\t<\/div>\n\t\t\t\t<\/div>\n\t\t\t\t<div class=\"elementor-element elementor-element-f9e83dd elementor-widget elementor-widget-heading\" data-id=\"f9e83dd\" data-element_type=\"widget\" data-widget_type=\"heading.default\">\n\t\t\t\t<div class=\"elementor-widget-container\">\n\t\t\t<h1 class=\"elementor-heading-title elementor-size-default\"><h1><span>Women in Leadership 2026: Come Gi Group Switzerland radica la\nparit\u00e0 \u2013 e cosa ne dicono tre leader donne<\/span><\/h1><\/h1>\t\t<\/div>\n\t\t\t\t<\/div>\n\t\t\t\t<div class=\"elementor-element elementor-element-6f22a50 elementor-widget elementor-widget-spacer\" data-id=\"6f22a50\" data-element_type=\"widget\" data-widget_type=\"spacer.default\">\n\t\t\t\t<div class=\"elementor-widget-container\">\n\t\t\t\t\t<div class=\"elementor-spacer\">\n\t\t\t<div class=\"elementor-spacer-inner\"><\/div>\n\t\t<\/div>\n\t\t\t\t<\/div>\n\t\t\t\t<\/div>\n\t\t\t\t\t<\/div>\n\t\t<\/div>\n\t\t\t\t\t<\/div>\n\t\t<\/section>\n\t\t\t\t<section class=\"elementor-section elementor-top-section elementor-element elementor-element-3076ecb elementor-section-boxed elementor-section-height-default elementor-section-height-default\" data-id=\"3076ecb\" data-element_type=\"section\">\n\t\t\t\t\t\t<div class=\"elementor-container elementor-column-gap-default\">\n\t\t\t\t\t<div class=\"elementor-column elementor-col-100 elementor-top-column elementor-element elementor-element-b74bc0c\" data-id=\"b74bc0c\" data-element_type=\"column\">\n\t\t\t<div class=\"elementor-widget-wrap elementor-element-populated\">\n\t\t\t\t\t\t<div class=\"elementor-element elementor-element-31753af elementor-widget elementor-widget-text-editor\" data-id=\"31753af\" data-element_type=\"widget\" data-widget_type=\"text-editor.default\">\n\t\t\t\t<div class=\"elementor-widget-container\">\n\t\t\t\t\t\t\t<p><img fetchpriority=\"high\" decoding=\"async\" class=\"aligncenter wp-image-16252 size-full\" src=\"https:\/\/www.gigroupholding.com\/switzerland\/wp-content\/uploads\/sites\/11\/2026\/03\/1.png\" alt=\"\" width=\"2561\" height=\"1440\" srcset=\"https:\/\/www.gigroupholding.com\/switzerland\/wp-content\/uploads\/sites\/11\/2026\/03\/1.png 2561w, https:\/\/www.gigroupholding.com\/switzerland\/wp-content\/uploads\/sites\/11\/2026\/03\/1-300x169.png 300w, https:\/\/www.gigroupholding.com\/switzerland\/wp-content\/uploads\/sites\/11\/2026\/03\/1-1024x576.png 1024w, https:\/\/www.gigroupholding.com\/switzerland\/wp-content\/uploads\/sites\/11\/2026\/03\/1-768x432.png 768w, https:\/\/www.gigroupholding.com\/switzerland\/wp-content\/uploads\/sites\/11\/2026\/03\/1-1536x864.png 1536w, https:\/\/www.gigroupholding.com\/switzerland\/wp-content\/uploads\/sites\/11\/2026\/03\/1-2048x1152.png 2048w\" sizes=\"(max-width: 2561px) 100vw, 2561px\" \/><\/p><p>La parit\u00e0 non \u00e8 un progetto CSR a breve termine n\u00e9 un&#8217;occasione di comunicazione per la Giornata Internazionale della Donna. In Gi Group Holding, essa fa parte di una strategia globale di sostenibilit\u00e0, integrata in un quadro chiamato \u201cSustainable Work\u201d, basato su quattro pilastri: Decent &amp; Safe Work, Employability &amp; Satisfaction, Diversity, Equity &amp; Inclusion e Safeguarding Resources for the Future.<br \/>\u00a0In questo modello, Diversity, Equity &amp; Inclusion non sono un elemento aggiuntivo, ma il cuore della sostenibilit\u00e0 sociale del nostro gruppo.<\/p><p>La nostra strategia globale si orienta agli Obiettivi di Sviluppo Sostenibile (SDG) delle Nazioni Unite, in particolare al SDG\u00a05 (Gender Equality). Questo significa che la parit\u00e0 non \u00e8 solo un compito interno, ma un contributo a un mercato del lavoro globale pi\u00f9 equo e trasparente. Le nostre linee guida e i nostri standard globali \u2014 compresi i codici etici, di diversit\u00e0 e di condotta \u2014 ne rappresentano la base.<br \/>\u00a0In Svizzera li applichiamo in modo concreto: nei nostri programmi, nei processi HR e nelle decisioni quotidiane.<\/p><p>Con una percentuale femminile del 57%, siamo al di sopra della media svizzera. Tuttavia, il nostro focus non \u00e8 la quota, ma il <em>come<\/em>. I nostri coaching di leadership, i programmi di mentoring, i modelli di lavoro flessibili, l\u2019accompagnamento Parents@Work e processi di carriera e strutture salariali equi non generano effetti isolati, ma portano a cambiamenti strutturali.<\/p><p>Per la Giornata Internazionale della Donna 2026 abbiamo dato voce a tre delle nostre leader donne: Angela, Kathrin e Paola, che raccontano come vivono la parit\u00e0 all\u2019interno dell\u2019azienda.<\/p><p>\u00a0<\/p><h2><strong>Tre donne, tre prospettive sulla parit\u00e0<\/strong><\/h2><p>\u00a0<\/p><h3><strong>Angela Dies, HR Director<\/strong><\/h3><h3><strong><img decoding=\"async\" class=\"size-medium wp-image-16256 alignleft\" src=\"https:\/\/www.gigroupholding.com\/switzerland\/wp-content\/uploads\/sites\/11\/2026\/03\/GiGroup_Leadership_AngelaDies-300x300.png\" alt=\"\" width=\"300\" height=\"300\" srcset=\"https:\/\/www.gigroupholding.com\/switzerland\/wp-content\/uploads\/sites\/11\/2026\/03\/GiGroup_Leadership_AngelaDies-300x300.png 300w, https:\/\/www.gigroupholding.com\/switzerland\/wp-content\/uploads\/sites\/11\/2026\/03\/GiGroup_Leadership_AngelaDies-1024x1024.png 1024w, https:\/\/www.gigroupholding.com\/switzerland\/wp-content\/uploads\/sites\/11\/2026\/03\/GiGroup_Leadership_AngelaDies-150x150.png 150w, https:\/\/www.gigroupholding.com\/switzerland\/wp-content\/uploads\/sites\/11\/2026\/03\/GiGroup_Leadership_AngelaDies-768x768.png 768w, https:\/\/www.gigroupholding.com\/switzerland\/wp-content\/uploads\/sites\/11\/2026\/03\/GiGroup_Leadership_AngelaDies.png 1200w\" sizes=\"(max-width: 300px) 100vw, 300px\" \/><\/strong><\/h3><p><strong>Angela, perch\u00e9 la Giornata Internazionale della Donna \u00e8 importante per Gi Group Switzerland?<\/strong><br \/>\u00a0\u00abPerch\u00e9 ci offre l\u2019opportunit\u00e0 di rendere visibile il nostro impegno e allo stesso tempo approfondire il dialogo interno. Non utilizziamo questa giornata per rituali simbolici, ma per riflettere su dove siamo e su cosa dobbiamo ancora migliorare. Per noi \u00e8 un\u2019occasione per rafforzare una cultura del lavoro basata sulle pari opportunit\u00e0.\u00bb<\/p><p><strong>A che punto siamo oggi sul tema Women in Leadership?<\/strong><br \/>\u00a0\u00abLa nostra cultura dimostra che promuoviamo e sosteniamo le persone indipendentemente da genere, origine o et\u00e0. Per le donne abbiamo strumenti di sviluppo chiari: coaching di leadership, il nostro programma di rientro al lavoro <em>Parents@Work<\/em>, formazione esterna. Offriamo modelli di lavoro flessibili e permettiamo congedi parentali prolungati. E lasciatemi dire una cosa: in Svizzera non \u00e8 affatto scontato che una donna incinta venga nominata a un ruolo di leadership. Da noi succede, ed \u00e8 uno dei motivi per cui lavoro qui.\u00bb<\/p><p><strong>Quali iniziative avete implementato concretamente?<\/strong><br \/>\u00a0\u00abProcessi HR oggettivi, analisi Equal Pay, mentoring, programmi di sviluppo, selezione basata sulle competenze e percorsi di carriera strutturati. Tutto allineato ai nostri standard globali DEI e al modello Sustainable Work.\u00bb<\/p><p><strong>Avete risultati misurabili?<\/strong><br \/>\u00a0\u00abLa percentuale di donne \u00e8 stabilmente alta da anni, anche nei ruoli di leadership. Non \u00e8 un caso, ma il risultato di un lavoro strutturato. Inoltre, la nostra analisi Equal Pay mostra che siamo sulla strada giusta: il divario salariale tra donne e uomini \u00e8 inferiore alla soglia del 5% raccomandata dalla Confederazione.\u00bb<\/p><p><strong>Quali sono le sfide principali?<\/strong><br \/>\u00a0\u00abDobbiamo mantenere il ritmo e assicurarci che l\u2019equilibrio di genere raggiunga davvero tutti i settori, inclusi quelli tecnici o altamente specializzati. E naturalmente: il mercato delle leader esperte \u00e8 molto competitivo. Ma quando le assumiamo, restano e crescono con noi.\u00bb<\/p><p>\u00a0<\/p><h3><strong>Kathrin Gasser, Director Corporate Sales &amp; Marketing<\/strong><\/h3><p><img decoding=\"async\" class=\"alignleft size-medium wp-image-16260\" src=\"https:\/\/www.gigroupholding.com\/switzerland\/wp-content\/uploads\/sites\/11\/2026\/03\/GiGroup_Leadership_KathrinGasser-300x300.png\" alt=\"\" width=\"300\" height=\"300\" srcset=\"https:\/\/www.gigroupholding.com\/switzerland\/wp-content\/uploads\/sites\/11\/2026\/03\/GiGroup_Leadership_KathrinGasser-300x300.png 300w, https:\/\/www.gigroupholding.com\/switzerland\/wp-content\/uploads\/sites\/11\/2026\/03\/GiGroup_Leadership_KathrinGasser-1024x1024.png 1024w, https:\/\/www.gigroupholding.com\/switzerland\/wp-content\/uploads\/sites\/11\/2026\/03\/GiGroup_Leadership_KathrinGasser-150x150.png 150w, https:\/\/www.gigroupholding.com\/switzerland\/wp-content\/uploads\/sites\/11\/2026\/03\/GiGroup_Leadership_KathrinGasser-768x768.png 768w, https:\/\/www.gigroupholding.com\/switzerland\/wp-content\/uploads\/sites\/11\/2026\/03\/GiGroup_Leadership_KathrinGasser.png 1200w\" sizes=\"(max-width: 300px) 100vw, 300px\" \/><\/p><p><strong>Kathrin, cosa significa per te \u201cleadership\u201d?<\/strong><br \/>\u00a0\u00abCreare un ambiente in cui le persone possano esprimere pienamente il proprio potenziale. Leadership, per me, significa dare spazio, sicurezza e chiarezza.\u00bb<\/p><p><strong>Quali esperienze ti hanno pi\u00f9 formata?<\/strong><br \/>\u00a0\u00abSono cresciuta soprattutto nelle situazioni fuori dalla mia comfort zone: incarichi internazionali, progetti falliti, nuovi ruoli. Questo mi ha resa pi\u00f9 resiliente e ha affinato il mio stile di leadership.\u00bb<\/p><p><strong>Come nasce una cultura in cui le donne possono crescere?<\/strong><br \/>\u00a0\u00abAttraverso la sicurezza psicologica. Le donne e tutti i gruppi sottorappresentati hanno bisogno di un ambiente in cui possano ammettere errori, correre rischi ed esprimere opinioni senza paura. \u00c8 uno dei fattori di successo pi\u00f9 potenti, confermato anche dagli studi. Comunicazione, valori chiari e leadership coerente sono fondamentali.\u00bb<\/p><p><strong>Quali barriere vedi nel settore?<\/strong><br \/>\u00a0\u00abLe donne sono presenti nel settore svizzero dei servizi HR, ma spesso in ruoli di supporto. Nelle decisioni strategiche, a partire dal middle management, sono ancora poco rappresentate. Ed \u00e8 proprio l\u00ec che si trova la leva pi\u00f9 forte per generare cambiamento.\u00bb<\/p><p><strong>Come si manifesta la parit\u00e0 nella vita quotidiana?<\/strong><br \/>\u00a0\u00abNel mio caso, in modo molto concreto: sono stata promossa durante la mia prima gravidanza. E durante il congedo maternit\u00e0 del mio secondo figlio mi \u00e8 stato offerto un nuovo ruolo. Questo dice pi\u00f9 di qualsiasi programma: da noi la parit\u00e0 \u00e8 una realt\u00e0 vissuta.\u00bb<\/p><p>\u00a0<\/p><h2><strong>Paola Giardini, Branch Manager Grafton Mendrisio<\/strong><\/h2><p><strong><img loading=\"lazy\" decoding=\"async\" class=\"alignleft size-medium wp-image-16264\" src=\"https:\/\/www.gigroupholding.com\/switzerland\/wp-content\/uploads\/sites\/11\/2026\/03\/Paola-300x300.png\" alt=\"\" width=\"300\" height=\"300\" srcset=\"https:\/\/www.gigroupholding.com\/switzerland\/wp-content\/uploads\/sites\/11\/2026\/03\/Paola-300x300.png 300w, https:\/\/www.gigroupholding.com\/switzerland\/wp-content\/uploads\/sites\/11\/2026\/03\/Paola-1024x1024.png 1024w, https:\/\/www.gigroupholding.com\/switzerland\/wp-content\/uploads\/sites\/11\/2026\/03\/Paola-150x150.png 150w, https:\/\/www.gigroupholding.com\/switzerland\/wp-content\/uploads\/sites\/11\/2026\/03\/Paola-768x768.png 768w, https:\/\/www.gigroupholding.com\/switzerland\/wp-content\/uploads\/sites\/11\/2026\/03\/Paola.png 1200w\" sizes=\"(max-width: 300px) 100vw, 300px\" \/>Paola, come si \u00e8 sviluppato il tuo percorso verso la leadership?<\/strong><br \/>\u00a0\u00ab Il mio percorso con molta onest\u00e0 non \u00e8 stato pianificato come un obiettivo da raggiungere a tutti i costi. La mia carriera \u00e8 cresciuta in modo naturale grazie ai risultati, alla responsabilit\u00e0 e alla fiducia. Ho iniziato come consulente, ho costruito un portafoglio clienti e ottenuto risultati. La leadership \u00e8 arrivata perch\u00e9 altri hanno visto che potevo assumermi maggiore responsabilit\u00e0.\u00bb<\/p><p><strong>Cosa ti motiva nel tuo ruolo?<\/strong><br \/>\u00a0\u00abMi motiva osservare come le persone si rafforzano, imparano, sperimentano e portano idee nuove che arricchiscono anche me. Vedere le persone crescere. Mi sento efficace quando posso rafforzare il mio team con chiarezza, supporto, organizzazione o semplicemente con la mia presenza.\u00bb<\/p><p><strong>Quali capacit\u00e0 ti hanno aiutata?<\/strong><br \/>\u00abLa perseveranza \u00e8 sicuramente una delle pi\u00f9 importanti: la capacit\u00e0 di andare avanti anche quando il risultato non \u00e8 immediato, di continuare a costruire con pazienza e visione. Un altro elemento decisivo \u00e8 il desiderio di migliorarmi ogni giorno, empatia, adattabilit\u00e0, la capacit\u00e0 di assorbire le difficolt\u00e0 e rialzarmi. E naturalmente la passione per ci\u00f2 che faccio.\u00bb<\/p><p><strong>Come promuovi la diversit\u00e0 nel tuo team?<\/strong><br \/>\u00a0\u00abCerco di implementare quotidianamente un modello basato sul rispetto, sulla collaborazione e sulla libert\u00e0 di espressione. Credo che mostrare con l\u2019esempio che si pu\u00f2 guidare senza imporre, che si pu\u00f2 essere forti senza alzare i toni, sia uno dei modi pi\u00f9 concreti per creare un ambiente inclusivo in cui tutti si sentano legittimati a partecipare, ad esprimersi e a crescere.\u00bb<\/p><p><strong>Ci sono sfide specifiche per le donne?<\/strong><br \/>\u00a0\u00abS\u00ec, sottili ma presenti. Mi \u00e8 capitato in passato, ad esempio, di sentirmi un po&#8217; tagliata fuori, non per mancanza di competenze, ma per dinamiche sociali. Oppure in situazioni professionali in cui l\u2019emotivit\u00e0 viene osservata con pi\u00f9 attenzione se appartiene a una donna. Un\u2019altra sfida importante \u00e8 la maternit\u00e0. \u00c8 un periodo bellissimo ma complesso: ti allontana dal lavoro, cambia le priorit\u00e0 e richiede una grande capacit\u00e0 di conciliare tempi, energie e responsabilit\u00e0. Queste esperienze mi hanno resa una leader pi\u00f9 consapevole ed empatica.<\/p><p>\u00a0<\/p><h3><strong>Come DEI e CSR lavorano insieme \u2013 e perch\u00e9 Women in Leadership resta una missione strategica<\/strong><\/h3><p>\u00a0<\/p><p>Le prospettive di Angela, Kathrin e Paola mostrano un quadro che va oltre i messaggi tradizionali dell\u20198 marzo. Dimostrano che la parit\u00e0 nasce quando un\u2019azienda non offre solo programmi, ma allinea l\u2019intera struttura a questo obiettivo: dalle linee guida globali ai processi HR fino alle decisioni quotidiane.<\/p><p>Gi Group Holding non considera CSR e Diversity come ambiti separati, ma come parti di un sistema interconnesso. Il nostro approccio \u201cSustainable Work\u201d sottolinea che condizioni di lavoro eque, pari opportunit\u00e0, inclusione e sviluppo sostenibile sono inseparabili. DEI non \u00e8 un elemento comunicativo, ma uno dei pilastri fondamentali della nostra responsabilit\u00e0 come attore globale del mercato del lavoro. I programmi implementati in Svizzera, coaching, mentoring, Parents@Work, modelli flessibili, processi HR equi, ne sono una prova concreta.<\/p><p>Allo stesso tempo, la quotidianit\u00e0 delle nostre leader mostra che le linee guida hanno valore solo se vissute: nella cultura descritta da Kathrin, nelle decisioni strutturali guidate da Angela, nello stile di leadership di Paola. \u00c8 cos\u00ec che Diversity, Equity &amp; Inclusion diventano un valore reale, non uno slogan.<\/p><p>La Giornata Internazionale della Donna ci ricorda che in Svizzera c\u2019\u00e8 ancora molto da fare. Ma dimostra anche che il progresso \u00e8 possibile quando le aziende si assumono pienamente la responsabilit\u00e0.<\/p><p>Per noi, Women in Leadership non \u00e8 un impegno annuale, ma una missione a lungo termine: le donne non devono essere un\u2019eccezione nei ruoli di leadership, ma una presenza naturale.<br \/>\u00a0E continueremo a lavorare in questa direzione, con struttura, coerenza e la convinzione che un lavoro sostenibile debba essere sempre anche un lavoro equo.<\/p><p>\u00a0<\/p><p>\u00a0<\/p><p><a href=\"https:\/\/www.gigroupholding.com\/careers\/change-your-life\/?country=switzerland#openpositions\"><strong>Scopri di pi\u00f9 sulle opportunit\u00e0 di carriera in Gi Group Holding<\/strong><\/a><\/p><p><strong><a href=\"https:\/\/www.gigroupholding.com\/switzerland\/it\/impegno-sociale\/\">Scopri di pi\u00f9 sul nostro impegno sociale<\/a> <\/strong><\/p><p>\u00a0<\/p><p><strong>Se sei alla ricerca di un\u2019opportunit\u00e0 lavorativa, scopri le posizioni aperte delle nostre societ\u00e0 di reclutamento:<\/strong><\/p><p><strong><a href=\"https:\/\/ch.gigroup.com\/it\/posizioni-aperte\/\">Gi Group<\/a><\/strong><\/p><p><a href=\"https:\/\/ch.grafton.com\/it\"><strong>Grafton<\/strong><\/a><\/p>\t\t\t\t\t\t<\/div>\n\t\t\t\t<\/div>\n\t\t\t\t\t<\/div>\n\t\t<\/div>\n\t\t\t\t\t<\/div>\n\t\t<\/section>\n\t\t\t\t<section class=\"elementor-section elementor-top-section elementor-element elementor-element-f6927e3 elementor-section-boxed elementor-section-height-default elementor-section-height-default\" data-id=\"f6927e3\" data-element_type=\"section\">\n\t\t\t\t\t\t<div class=\"elementor-container elementor-column-gap-default\">\n\t\t\t\t\t<div class=\"elementor-column elementor-col-50 elementor-top-column elementor-element elementor-element-851dd7a\" data-id=\"851dd7a\" data-element_type=\"column\">\n\t\t\t<div class=\"elementor-widget-wrap\">\n\t\t\t\t\t\t\t<\/div>\n\t\t<\/div>\n\t\t\t\t<div class=\"elementor-column elementor-col-50 elementor-top-column elementor-element elementor-element-faedd54\" data-id=\"faedd54\" data-element_type=\"column\">\n\t\t\t<div class=\"elementor-widget-wrap\">\n\t\t\t\t\t\t\t<\/div>\n\t\t<\/div>\n\t\t\t\t\t<\/div>\n\t\t<\/section>\n\t\t\t\t<section class=\"elementor-section elementor-top-section elementor-element elementor-element-064ae00 elementor-section-boxed elementor-section-height-default elementor-section-height-default\" data-id=\"064ae00\" data-element_type=\"section\">\n\t\t\t\t\t\t<div class=\"elementor-container elementor-column-gap-default\">\n\t\t\t\t\t<div class=\"elementor-column elementor-col-100 elementor-top-column elementor-element elementor-element-9b958ea\" data-id=\"9b958ea\" data-element_type=\"column\">\n\t\t\t<div class=\"elementor-widget-wrap elementor-element-populated\">\n\t\t\t\t\t\t<div class=\"elementor-element elementor-element-06b6747 elementor-widget elementor-widget-spacer\" data-id=\"06b6747\" data-element_type=\"widget\" data-widget_type=\"spacer.default\">\n\t\t\t\t<div class=\"elementor-widget-container\">\n\t\t\t\t\t<div class=\"elementor-spacer\">\n\t\t\t<div class=\"elementor-spacer-inner\"><\/div>\n\t\t<\/div>\n\t\t\t\t<\/div>\n\t\t\t\t<\/div>\n\t\t\t\t\t<\/div>\n\t\t<\/div>\n\t\t\t\t\t<\/div>\n\t\t<\/section>\n\t\t\t\t<\/div>\n\t\t","protected":false},"excerpt":{"rendered":"<p>News Women in Leadership 2026: Come Gi Group Switzerland radica la parit\u00e0 \u2013 e cosa ne dicono tre leader donne La parit\u00e0 non \u00e8 un progetto CSR a breve termine n\u00e9 un&#8217;occasione di comunicazione per la Giornata Internazionale della Donna. In Gi Group Holding, essa fa parte di una strategia globale di sostenibilit\u00e0, integrata in [&hellip;]<\/p>\n","protected":false},"author":60,"featured_media":16302,"comment_status":"open","ping_status":"open","sticky":false,"template":"","format":"standard","meta":{"_acf_changed":false,"footnotes":"","_links_to":"","_links_to_target":""},"categories":[129,72],"tags":[],"class_list":["post-16301","post","type-post","status-publish","format-standard","has-post-thumbnail","hentry","category-holding-news-it","category-non-categorizzato"],"acf":[],"yoast_head":"<!-- This site is optimized with the Yoast SEO plugin v23.9 - https:\/\/yoast.com\/wordpress\/plugins\/seo\/ -->\n<title>Women in Leadership 2026: Come Gi Group Switzerland radica la parit\u00e0 \u2013 e cosa ne dicono tre leader donne - Gi Group Holding Switzerland<\/title>\n<meta name=\"robots\" content=\"index, follow, max-snippet:-1, max-image-preview:large, max-video-preview:-1\" \/>\n<link rel=\"canonical\" href=\"https:\/\/www.gigroupholding.com\/switzerland\/it\/women-in-leadership-2026-come-gi-group-switzerland-radica-la-parita-e-cosa-ne-dicono-tre-leader-donne\/\" \/>\n<meta property=\"og:locale\" content=\"it_IT\" \/>\n<meta property=\"og:type\" content=\"article\" \/>\n<meta property=\"og:title\" content=\"Women in Leadership 2026: Come Gi Group Switzerland radica la parit\u00e0 \u2013 e cosa ne dicono tre leader donne - Gi Group Holding Switzerland\" \/>\n<meta property=\"og:description\" content=\"News Women in Leadership 2026: Come Gi Group Switzerland radica la parit\u00e0 \u2013 e cosa ne dicono tre leader donne La parit\u00e0 non \u00e8 un progetto CSR a breve termine n\u00e9 un&#8217;occasione di comunicazione per la Giornata Internazionale della Donna. In Gi Group Holding, essa fa parte di una strategia globale di sostenibilit\u00e0, integrata in [&hellip;]\" \/>\n<meta property=\"og:url\" content=\"https:\/\/www.gigroupholding.com\/switzerland\/it\/women-in-leadership-2026-come-gi-group-switzerland-radica-la-parita-e-cosa-ne-dicono-tre-leader-donne\/\" \/>\n<meta property=\"og:site_name\" content=\"Gi Group Holding Switzerland\" \/>\n<meta property=\"article:published_time\" content=\"2026-03-05T14:29:00+00:00\" \/>\n<meta property=\"article:modified_time\" content=\"2026-03-05T15:35:20+00:00\" \/>\n<meta property=\"og:image\" content=\"https:\/\/www.gigroupholding.com\/switzerland\/wp-content\/uploads\/sites\/11\/2026\/03\/1-1-1024x576.png\" \/>\n\t<meta property=\"og:image:width\" content=\"1024\" \/>\n\t<meta property=\"og:image:height\" content=\"576\" \/>\n\t<meta property=\"og:image:type\" content=\"image\/png\" \/>\n<meta name=\"author\" content=\"sbianchi\" \/>\n<meta name=\"twitter:card\" content=\"summary_large_image\" \/>\n<meta name=\"twitter:label1\" content=\"Scritto da\" \/>\n\t<meta name=\"twitter:data1\" content=\"sbianchi\" \/>\n\t<meta name=\"twitter:label2\" content=\"Tempo di lettura stimato\" \/>\n\t<meta name=\"twitter:data2\" content=\"9 minuti\" \/>\n<script type=\"application\/ld+json\" class=\"yoast-schema-graph\">{\"@context\":\"https:\/\/schema.org\",\"@graph\":[{\"@type\":\"WebPage\",\"@id\":\"https:\/\/www.gigroupholding.com\/switzerland\/it\/women-in-leadership-2026-come-gi-group-switzerland-radica-la-parita-e-cosa-ne-dicono-tre-leader-donne\/\",\"url\":\"https:\/\/www.gigroupholding.com\/switzerland\/it\/women-in-leadership-2026-come-gi-group-switzerland-radica-la-parita-e-cosa-ne-dicono-tre-leader-donne\/\",\"name\":\"Women in Leadership 2026: Come Gi Group Switzerland radica la parit\u00e0 \u2013 e cosa ne dicono tre leader donne - Gi Group Holding Switzerland\",\"isPartOf\":{\"@id\":\"https:\/\/www.gigroupholding.com\/switzerland\/#website\"},\"primaryImageOfPage\":{\"@id\":\"https:\/\/www.gigroupholding.com\/switzerland\/it\/women-in-leadership-2026-come-gi-group-switzerland-radica-la-parita-e-cosa-ne-dicono-tre-leader-donne\/#primaryimage\"},\"image\":{\"@id\":\"https:\/\/www.gigroupholding.com\/switzerland\/it\/women-in-leadership-2026-come-gi-group-switzerland-radica-la-parita-e-cosa-ne-dicono-tre-leader-donne\/#primaryimage\"},\"thumbnailUrl\":\"https:\/\/www.gigroupholding.com\/switzerland\/wp-content\/uploads\/sites\/11\/2026\/03\/1-1.png\",\"datePublished\":\"2026-03-05T14:29:00+00:00\",\"dateModified\":\"2026-03-05T15:35:20+00:00\",\"author\":{\"@id\":\"https:\/\/www.gigroupholding.com\/switzerland\/#\/schema\/person\/37ead87f718262627f9f9f3dd276ffdd\"},\"inLanguage\":\"it-IT\",\"potentialAction\":[{\"@type\":\"ReadAction\",\"target\":[\"https:\/\/www.gigroupholding.com\/switzerland\/it\/women-in-leadership-2026-come-gi-group-switzerland-radica-la-parita-e-cosa-ne-dicono-tre-leader-donne\/\"]}]},{\"@type\":\"ImageObject\",\"inLanguage\":\"it-IT\",\"@id\":\"https:\/\/www.gigroupholding.com\/switzerland\/it\/women-in-leadership-2026-come-gi-group-switzerland-radica-la-parita-e-cosa-ne-dicono-tre-leader-donne\/#primaryimage\",\"url\":\"https:\/\/www.gigroupholding.com\/switzerland\/wp-content\/uploads\/sites\/11\/2026\/03\/1-1.png\",\"contentUrl\":\"https:\/\/www.gigroupholding.com\/switzerland\/wp-content\/uploads\/sites\/11\/2026\/03\/1-1.png\",\"width\":2561,\"height\":1440},{\"@type\":\"WebSite\",\"@id\":\"https:\/\/www.gigroupholding.com\/switzerland\/#website\",\"url\":\"https:\/\/www.gigroupholding.com\/switzerland\/\",\"name\":\"Gi Group Holding Switzerland\",\"description\":\"\",\"potentialAction\":[{\"@type\":\"SearchAction\",\"target\":{\"@type\":\"EntryPoint\",\"urlTemplate\":\"https:\/\/www.gigroupholding.com\/switzerland\/?s={search_term_string}\"},\"query-input\":{\"@type\":\"PropertyValueSpecification\",\"valueRequired\":true,\"valueName\":\"search_term_string\"}}],\"inLanguage\":\"it-IT\"},{\"@type\":\"Person\",\"@id\":\"https:\/\/www.gigroupholding.com\/switzerland\/#\/schema\/person\/37ead87f718262627f9f9f3dd276ffdd\",\"name\":\"sbianchi\",\"image\":{\"@type\":\"ImageObject\",\"inLanguage\":\"it-IT\",\"@id\":\"https:\/\/www.gigroupholding.com\/switzerland\/#\/schema\/person\/image\/\",\"url\":\"https:\/\/secure.gravatar.com\/avatar\/111413ffea89a35cf575c4ae3109d36a?s=96&d=mm&r=g\",\"contentUrl\":\"https:\/\/secure.gravatar.com\/avatar\/111413ffea89a35cf575c4ae3109d36a?s=96&d=mm&r=g\",\"caption\":\"sbianchi\"},\"url\":\"https:\/\/www.gigroupholding.com\/switzerland\/it\/author\/sbianchi\/\"}]}<\/script>\n<!-- \/ Yoast SEO plugin. -->","yoast_head_json":{"title":"Women in Leadership 2026: Come Gi Group Switzerland radica la parit\u00e0 \u2013 e cosa ne dicono tre leader donne - Gi Group Holding Switzerland","robots":{"index":"index","follow":"follow","max-snippet":"max-snippet:-1","max-image-preview":"max-image-preview:large","max-video-preview":"max-video-preview:-1"},"canonical":"https:\/\/www.gigroupholding.com\/switzerland\/it\/women-in-leadership-2026-come-gi-group-switzerland-radica-la-parita-e-cosa-ne-dicono-tre-leader-donne\/","og_locale":"it_IT","og_type":"article","og_title":"Women in Leadership 2026: Come Gi Group Switzerland radica la parit\u00e0 \u2013 e cosa ne dicono tre leader donne - Gi Group Holding Switzerland","og_description":"News Women in Leadership 2026: Come Gi Group Switzerland radica la parit\u00e0 \u2013 e cosa ne dicono tre leader donne La parit\u00e0 non \u00e8 un progetto CSR a breve termine n\u00e9 un&#8217;occasione di comunicazione per la Giornata Internazionale della Donna. In Gi Group Holding, essa fa parte di una strategia globale di sostenibilit\u00e0, integrata in [&hellip;]","og_url":"https:\/\/www.gigroupholding.com\/switzerland\/it\/women-in-leadership-2026-come-gi-group-switzerland-radica-la-parita-e-cosa-ne-dicono-tre-leader-donne\/","og_site_name":"Gi Group Holding Switzerland","article_published_time":"2026-03-05T14:29:00+00:00","article_modified_time":"2026-03-05T15:35:20+00:00","og_image":[{"width":1024,"height":576,"url":"https:\/\/www.gigroupholding.com\/switzerland\/wp-content\/uploads\/sites\/11\/2026\/03\/1-1-1024x576.png","type":"image\/png"}],"author":"sbianchi","twitter_card":"summary_large_image","twitter_misc":{"Scritto da":"sbianchi","Tempo di lettura stimato":"9 minuti"},"schema":{"@context":"https:\/\/schema.org","@graph":[{"@type":"WebPage","@id":"https:\/\/www.gigroupholding.com\/switzerland\/it\/women-in-leadership-2026-come-gi-group-switzerland-radica-la-parita-e-cosa-ne-dicono-tre-leader-donne\/","url":"https:\/\/www.gigroupholding.com\/switzerland\/it\/women-in-leadership-2026-come-gi-group-switzerland-radica-la-parita-e-cosa-ne-dicono-tre-leader-donne\/","name":"Women in Leadership 2026: Come Gi Group Switzerland radica la parit\u00e0 \u2013 e cosa ne dicono tre leader donne - Gi Group Holding Switzerland","isPartOf":{"@id":"https:\/\/www.gigroupholding.com\/switzerland\/#website"},"primaryImageOfPage":{"@id":"https:\/\/www.gigroupholding.com\/switzerland\/it\/women-in-leadership-2026-come-gi-group-switzerland-radica-la-parita-e-cosa-ne-dicono-tre-leader-donne\/#primaryimage"},"image":{"@id":"https:\/\/www.gigroupholding.com\/switzerland\/it\/women-in-leadership-2026-come-gi-group-switzerland-radica-la-parita-e-cosa-ne-dicono-tre-leader-donne\/#primaryimage"},"thumbnailUrl":"https:\/\/www.gigroupholding.com\/switzerland\/wp-content\/uploads\/sites\/11\/2026\/03\/1-1.png","datePublished":"2026-03-05T14:29:00+00:00","dateModified":"2026-03-05T15:35:20+00:00","author":{"@id":"https:\/\/www.gigroupholding.com\/switzerland\/#\/schema\/person\/37ead87f718262627f9f9f3dd276ffdd"},"inLanguage":"it-IT","potentialAction":[{"@type":"ReadAction","target":["https:\/\/www.gigroupholding.com\/switzerland\/it\/women-in-leadership-2026-come-gi-group-switzerland-radica-la-parita-e-cosa-ne-dicono-tre-leader-donne\/"]}]},{"@type":"ImageObject","inLanguage":"it-IT","@id":"https:\/\/www.gigroupholding.com\/switzerland\/it\/women-in-leadership-2026-come-gi-group-switzerland-radica-la-parita-e-cosa-ne-dicono-tre-leader-donne\/#primaryimage","url":"https:\/\/www.gigroupholding.com\/switzerland\/wp-content\/uploads\/sites\/11\/2026\/03\/1-1.png","contentUrl":"https:\/\/www.gigroupholding.com\/switzerland\/wp-content\/uploads\/sites\/11\/2026\/03\/1-1.png","width":2561,"height":1440},{"@type":"WebSite","@id":"https:\/\/www.gigroupholding.com\/switzerland\/#website","url":"https:\/\/www.gigroupholding.com\/switzerland\/","name":"Gi Group Holding Switzerland","description":"","potentialAction":[{"@type":"SearchAction","target":{"@type":"EntryPoint","urlTemplate":"https:\/\/www.gigroupholding.com\/switzerland\/?s={search_term_string}"},"query-input":{"@type":"PropertyValueSpecification","valueRequired":true,"valueName":"search_term_string"}}],"inLanguage":"it-IT"},{"@type":"Person","@id":"https:\/\/www.gigroupholding.com\/switzerland\/#\/schema\/person\/37ead87f718262627f9f9f3dd276ffdd","name":"sbianchi","image":{"@type":"ImageObject","inLanguage":"it-IT","@id":"https:\/\/www.gigroupholding.com\/switzerland\/#\/schema\/person\/image\/","url":"https:\/\/secure.gravatar.com\/avatar\/111413ffea89a35cf575c4ae3109d36a?s=96&d=mm&r=g","contentUrl":"https:\/\/secure.gravatar.com\/avatar\/111413ffea89a35cf575c4ae3109d36a?s=96&d=mm&r=g","caption":"sbianchi"},"url":"https:\/\/www.gigroupholding.com\/switzerland\/it\/author\/sbianchi\/"}]}},"_links":{"self":[{"href":"https:\/\/www.gigroupholding.com\/switzerland\/it\/wp-json\/wp\/v2\/posts\/16301","targetHints":{"allow":["GET"]}}],"collection":[{"href":"https:\/\/www.gigroupholding.com\/switzerland\/it\/wp-json\/wp\/v2\/posts"}],"about":[{"href":"https:\/\/www.gigroupholding.com\/switzerland\/it\/wp-json\/wp\/v2\/types\/post"}],"author":[{"embeddable":true,"href":"https:\/\/www.gigroupholding.com\/switzerland\/it\/wp-json\/wp\/v2\/users\/60"}],"replies":[{"embeddable":true,"href":"https:\/\/www.gigroupholding.com\/switzerland\/it\/wp-json\/wp\/v2\/comments?post=16301"}],"version-history":[{"count":4,"href":"https:\/\/www.gigroupholding.com\/switzerland\/it\/wp-json\/wp\/v2\/posts\/16301\/revisions"}],"predecessor-version":[{"id":16310,"href":"https:\/\/www.gigroupholding.com\/switzerland\/it\/wp-json\/wp\/v2\/posts\/16301\/revisions\/16310"}],"wp:featuredmedia":[{"embeddable":true,"href":"https:\/\/www.gigroupholding.com\/switzerland\/it\/wp-json\/wp\/v2\/media\/16302"}],"wp:attachment":[{"href":"https:\/\/www.gigroupholding.com\/switzerland\/it\/wp-json\/wp\/v2\/media?parent=16301"}],"wp:term":[{"taxonomy":"category","embeddable":true,"href":"https:\/\/www.gigroupholding.com\/switzerland\/it\/wp-json\/wp\/v2\/categories?post=16301"},{"taxonomy":"post_tag","embeddable":true,"href":"https:\/\/www.gigroupholding.com\/switzerland\/it\/wp-json\/wp\/v2\/tags?post=16301"}],"curies":[{"name":"wp","href":"https:\/\/api.w.org\/{rel}","templated":true}]}}