{"id":36071,"date":"2026-04-22T11:22:50","date_gmt":"2026-04-22T11:22:50","guid":{"rendered":"https:\/\/www.gigroupholding.com\/portugal\/gi-group-portugal-futuro-do-trabalho-2\/"},"modified":"2026-04-22T11:22:57","modified_gmt":"2026-04-22T11:22:57","slug":"conferencia-trabalho-2026","status":"publish","type":"post","link":"https:\/\/www.gigroupholding.com\/portugal\/conferencia-trabalho-2026\/","title":{"rendered":"Confer\u00eancia Anual do Trabalho: seis horas de debate sobre o futuro do mercado de trabalho em Portugal"},"content":{"rendered":"\t\t<div data-elementor-type=\"wp-post\" data-elementor-id=\"36071\" class=\"elementor elementor-36071\" data-elementor-post-type=\"post\">\n\t\t\t\t\t\t<section class=\"elementor-section elementor-top-section elementor-element elementor-element-4058590b elementor-section-full_width elementor-section-stretched one_group_container elementor-section-height-default elementor-section-height-default\" data-id=\"4058590b\" data-element_type=\"section\" data-settings=\"{&quot;stretch_section&quot;:&quot;section-stretched&quot;,&quot;background_background&quot;:&quot;classic&quot;}\">\n\t\t\t\t\t\t<div class=\"elementor-container elementor-column-gap-default\">\n\t\t\t\t\t<div class=\"elementor-column elementor-col-100 elementor-top-column elementor-element elementor-element-7a4e16f\" data-id=\"7a4e16f\" data-element_type=\"column\">\n\t\t\t<div class=\"elementor-widget-wrap elementor-element-populated\">\n\t\t\t\t\t\t<div class=\"elementor-element elementor-element-d46f3eb elementor-widget elementor-widget-heading\" data-id=\"d46f3eb\" data-element_type=\"widget\" data-widget_type=\"heading.default\">\n\t\t\t\t<div class=\"elementor-widget-container\">\n\t\t\t<h1 class=\"elementor-heading-title elementor-size-default\">Confer\u00eancia Anual do Trabalho:<\/h1>\t\t<\/div>\n\t\t\t\t<\/div>\n\t\t\t\t<div class=\"elementor-element elementor-element-5f24c288 elementor-widget elementor-widget-text-editor\" data-id=\"5f24c288\" data-element_type=\"widget\" data-widget_type=\"text-editor.default\">\n\t\t\t\t<div class=\"elementor-widget-container\">\n\t\t\t\t\t\t\t<p>Foram seis horas de debate sobre o futuro do mercado de trabalho em Portugal<\/p>\t\t\t\t\t\t<\/div>\n\t\t\t\t<\/div>\n\t\t\t\t\t<\/div>\n\t\t<\/div>\n\t\t\t\t\t<\/div>\n\t\t<\/section>\n\t\t\t\t<section class=\"elementor-section elementor-top-section elementor-element elementor-element-4571bf89 one_group_container elementor-section-boxed elementor-section-height-default elementor-section-height-default\" data-id=\"4571bf89\" data-element_type=\"section\">\n\t\t\t\t\t\t<div class=\"elementor-container elementor-column-gap-default\">\n\t\t\t\t\t<div class=\"elementor-column elementor-col-100 elementor-top-column elementor-element elementor-element-1cb7461d\" data-id=\"1cb7461d\" data-element_type=\"column\">\n\t\t\t<div class=\"elementor-widget-wrap elementor-element-populated\">\n\t\t\t\t\t\t<div class=\"elementor-element elementor-element-45eb8fa6 elementor-widget__width-initial elementor-widget-mobile__width-initial elementor-widget elementor-widget-text-editor\" data-id=\"45eb8fa6\" data-element_type=\"widget\" data-widget_type=\"text-editor.default\">\n\t\t\t\t<div class=\"elementor-widget-container\">\n\t\t\t\t\t\t\t<p><span data-contrast=\"auto\">Recebemos na sede da Gi Group Holding a 3.\u00aa edi\u00e7\u00e3o da Confer\u00eancia Anual do Trabalho, uma iniciativa do ECO que reuniu decisores pol\u00edticos, especialistas e l\u00edderes empresariais para discutir os principais desafios do mercado de trabalho em Portugal. O evento contou com a presen\u00e7a da ministra do Trabalho, Maria do Ros\u00e1rio Palma Ramalho,\u00a0e com\u00a0uma interven\u00e7\u00e3o do economista e ex-governador do Banco de Portugal, M\u00e1rio Centeno para o encerramento.<\/span><span data-ccp-props=\"{&quot;134233117&quot;:false,&quot;134233118&quot;:false,&quot;201341983&quot;:0,&quot;335551550&quot;:1,&quot;335551620&quot;:1,&quot;335559685&quot;:0,&quot;335559737&quot;:0,&quot;335559738&quot;:240,&quot;335559739&quot;:240,&quot;335559740&quot;:279}\">\u00a0<\/span><\/p>\n<p><span data-contrast=\"auto\">Ao longo de v\u00e1rias horas de debate, estiveram em destaque temas como a flexibilidade da legisla\u00e7\u00e3o laboral, a rela\u00e7\u00e3o entre produtividade e sal\u00e1rios e o papel\u00a0cada vez mais importante das\u00a0compet\u00eancias\u00a0necess\u00e1rias para acompanhar a evolu\u00e7\u00e3o do mercado.<\/span><\/p>\t\t\t\t\t\t<\/div>\n\t\t\t\t<\/div>\n\t\t\t\t<div class=\"elementor-element elementor-element-e733dcf elementor-widget elementor-widget-heading\" data-id=\"e733dcf\" data-element_type=\"widget\" data-widget_type=\"heading.default\">\n\t\t\t\t<div class=\"elementor-widget-container\">\n\t\t\t<h2 class=\"elementor-heading-title elementor-size-default\">Um mercado de trabalho em transforma\u00e7\u00e3o <\/h2>\t\t<\/div>\n\t\t\t\t<\/div>\n\t\t\t\t<div class=\"elementor-element elementor-element-bb6702a elementor-widget elementor-widget-text-editor\" data-id=\"bb6702a\" data-element_type=\"widget\" data-widget_type=\"text-editor.default\">\n\t\t\t\t<div class=\"elementor-widget-container\">\n\t\t\t\t\t\t\t<p><span data-contrast=\"auto\">Um dos eixos centrais da confer\u00eancia foi a discuss\u00e3o em torno da flexibilidade da lei laboral. As diferentes perspetivas evidenciaram a complexidade do tema: enquanto alguns intervenientes apontaram limita\u00e7\u00f5es no enquadramento atual, outros destacaram que os principais constrangimentos residem na sua aplica\u00e7\u00e3o pr\u00e1tica.<\/span><span data-ccp-props=\"{&quot;134233117&quot;:false,&quot;134233118&quot;:false,&quot;335551550&quot;:0,&quot;335551620&quot;:0,&quot;335559738&quot;:240,&quot;335559739&quot;:240}\">\u00a0<\/span><\/p>\n<p><span data-contrast=\"auto\">Mais do que um consenso absoluto,\u00a0h\u00e1\u00a0uma ideia transversal\u00a0a todos:\u00a0a necessidade de encontrar um equil\u00edbrio entre estabilidade regulat\u00f3ria e capacidade de adapta\u00e7\u00e3o a um contexto econ\u00f3mico em mudan\u00e7a.<\/span><span data-ccp-props=\"{&quot;134233117&quot;:false,&quot;134233118&quot;:false,&quot;201341983&quot;:0,&quot;335551550&quot;:1,&quot;335551620&quot;:1,&quot;335559685&quot;:0,&quot;335559737&quot;:0,&quot;335559738&quot;:240,&quot;335559739&quot;:240,&quot;335559740&quot;:279}\">\u00a0<\/span><\/p>\t\t\t\t\t\t<\/div>\n\t\t\t\t<\/div>\n\t\t\t\t<div class=\"elementor-element elementor-element-2a30604 elementor-widget elementor-widget-heading\" data-id=\"2a30604\" data-element_type=\"widget\" data-widget_type=\"heading.default\">\n\t\t\t\t<div class=\"elementor-widget-container\">\n\t\t\t<h2 class=\"elementor-heading-title elementor-size-default\">Produtividade e sal\u00e1rios: um equil\u00edbrio cr\u00edtico <\/h2>\t\t<\/div>\n\t\t\t\t<\/div>\n\t\t\t\t<div class=\"elementor-element elementor-element-852620f elementor-widget elementor-widget-text-editor\" data-id=\"852620f\" data-element_type=\"widget\" data-widget_type=\"text-editor.default\">\n\t\t\t\t<div class=\"elementor-widget-container\">\n\t\t\t\t\t\t\t<p><span data-contrast=\"auto\">A rela\u00e7\u00e3o entre produtividade, competitividade e sal\u00e1rios foi outro dos temas\u00a0em debate.\u00a0O desafio de promover aumentos salariais sustentados continua diretamente ligado \u00e0 capacidade de gerar maior valor acrescentado.<\/span><span data-ccp-props=\"{&quot;134233117&quot;:false,&quot;134233118&quot;:false,&quot;335551550&quot;:0,&quot;335551620&quot;:0,&quot;335559738&quot;:240,&quot;335559739&quot;:240}\">\u00a0<\/span><\/p>\n<p><span data-contrast=\"auto\">Neste contexto, foi sublinhada a import\u00e2ncia de refor\u00e7ar o investimento em inova\u00e7\u00e3o, qualifica\u00e7\u00e3o e efici\u00eancia organizacional, fatores considerados essenciais para sustentar o crescimento econ\u00f3mico e melhorar as condi\u00e7\u00f5es de trabalho.<\/span><\/p>\t\t\t\t\t\t<\/div>\n\t\t\t\t<\/div>\n\t\t\t\t<div class=\"elementor-element elementor-element-b27ffa4 elementor-widget elementor-widget-heading\" data-id=\"b27ffa4\" data-element_type=\"widget\" data-widget_type=\"heading.default\">\n\t\t\t\t<div class=\"elementor-widget-container\">\n\t\t\t<h2 class=\"elementor-heading-title elementor-size-default\">Compet\u00eancias como fator decisivo <\/h2>\t\t<\/div>\n\t\t\t\t<\/div>\n\t\t\t\t<div class=\"elementor-element elementor-element-629b8b0 elementor-widget elementor-widget-text-editor\" data-id=\"629b8b0\" data-element_type=\"widget\" data-widget_type=\"text-editor.default\">\n\t\t\t\t<div class=\"elementor-widget-container\">\n\t\t\t\t\t\t\t<p><span data-contrast=\"auto\">Num mercado em r\u00e1pida transforma\u00e7\u00e3o, as compet\u00eancias assumem um papel central. A digitaliza\u00e7\u00e3o, a automa\u00e7\u00e3o e a intelig\u00eancia artificial est\u00e3o a alterar profundamente o conte\u00fado das fun\u00e7\u00f5es e as necessidades das organiza\u00e7\u00f5es.<\/span><span data-ccp-props=\"{&quot;134233117&quot;:false,&quot;134233118&quot;:false,&quot;335551550&quot;:0,&quot;335551620&quot;:0,&quot;335559738&quot;:240,&quot;335559739&quot;:240}\">\u00a0<\/span><\/p>\n<p><span data-contrast=\"auto\">A\u00a0aposta\u00a0no\u00a0upskilling\u00a0e\u00a0reskilling\u00a0\u00a0foi apontada como uma prioridade estrat\u00e9gica, exigindo uma resposta articulada entre empresas, sistema educativo e pol\u00edticas p\u00fablicas.<\/span><span data-ccp-props=\"{&quot;134233117&quot;:false,&quot;134233118&quot;:false,&quot;335551550&quot;:0,&quot;335551620&quot;:0,&quot;335559738&quot;:240,&quot;335559739&quot;:240}\">\u00a0<\/span><\/p>\t\t\t\t\t\t<\/div>\n\t\t\t\t<\/div>\n\t\t\t\t<div class=\"elementor-element elementor-element-eb9eb1d elementor-widget elementor-widget-heading\" data-id=\"eb9eb1d\" data-element_type=\"widget\" data-widget_type=\"heading.default\">\n\t\t\t\t<div class=\"elementor-widget-container\">\n\t\t\t<h2 class=\"elementor-heading-title elementor-size-default\">Talento, demografia e atra\u00e7\u00e3o internacional <\/h2>\t\t<\/div>\n\t\t\t\t<\/div>\n\t\t\t\t<div class=\"elementor-element elementor-element-c82bf0b elementor-widget elementor-widget-text-editor\" data-id=\"c82bf0b\" data-element_type=\"widget\" data-widget_type=\"text-editor.default\">\n\t\t\t\t<div class=\"elementor-widget-container\">\n\t\t\t\t\t\t\t<p><span data-contrast=\"auto\">Os desafios demogr\u00e1ficos e a escassez de talento tamb\u00e9m estiveram em destaque. A necessidade de atrair e reter profissionais qualificados, bem como de integrar talento internacional, foi identificada como uma das principais prioridades para a competitividade do pa\u00eds.<\/span><span data-ccp-props=\"{&quot;134233117&quot;:false,&quot;134233118&quot;:false,&quot;335551550&quot;:0,&quot;335551620&quot;:0,&quot;335559738&quot;:240,&quot;335559739&quot;:240}\">\u00a0<\/span><\/p>\n<p><span data-contrast=\"auto\">Este tema evidenciou a import\u00e2ncia de pol\u00edticas consistentes e de estrat\u00e9gias organizacionais capazes de responder a um mercado cada vez mais global e exigente.<\/span><\/p>\t\t\t\t\t\t<\/div>\n\t\t\t\t<\/div>\n\t\t\t\t<div class=\"elementor-element elementor-element-807b32b elementor-widget elementor-widget-heading\" data-id=\"807b32b\" data-element_type=\"widget\" data-widget_type=\"heading.default\">\n\t\t\t\t<div class=\"elementor-widget-container\">\n\t\t\t<h2 class=\"elementor-heading-title elementor-size-default\">Um desafio coletivo <\/h2>\t\t<\/div>\n\t\t\t\t<\/div>\n\t\t\t\t<div class=\"elementor-element elementor-element-930e171 elementor-widget elementor-widget-text-editor\" data-id=\"930e171\" data-element_type=\"widget\" data-widget_type=\"text-editor.default\">\n\t\t\t\t<div class=\"elementor-widget-container\">\n\t\t\t\t\t\t\t<p><span data-contrast=\"auto\">Ao longo da confer\u00eancia, ficou evidente que o futuro do trabalho depende de uma articula\u00e7\u00e3o eficaz entre empresas, trabalhadores e decisores pol\u00edticos, num esfor\u00e7o conjunto para responder a desafios cada vez mais complexos.\u00a0A 3.\u00aa edi\u00e7\u00e3o da Confer\u00eancia Anual do Trabalho refor\u00e7ou a ideia de que o mercado de trabalho est\u00e1\u00a0em transforma\u00e7\u00e3o\u00a0e temas como flexibilidade, produtividade e compet\u00eancias surgem como dimens\u00f5es cr\u00edticas para garantir crescimento econ\u00f3mico sustentado.<\/span><span data-ccp-props=\"{&quot;134233117&quot;:false,&quot;134233118&quot;:false,&quot;201341983&quot;:0,&quot;335551550&quot;:1,&quot;335551620&quot;:1,&quot;335559685&quot;:0,&quot;335559737&quot;:0,&quot;335559738&quot;:240,&quot;335559739&quot;:240,&quot;335559740&quot;:279}\">\u00a0<\/span><\/p>\n<p><span data-contrast=\"auto\">Mais do que respostas definitivas, o debate evidenciou a necessidade de continuidade na reflex\u00e3o e, sobretudo, de capacidade de adapta\u00e7\u00e3o perante um contexto em evolu\u00e7\u00e3o.<\/span><span data-ccp-props=\"{&quot;134233117&quot;:false,&quot;134233118&quot;:false,&quot;335551550&quot;:0,&quot;335551620&quot;:0,&quot;335559738&quot;:240,&quot;335559739&quot;:240}\">\u00a0<\/span><\/p>\t\t\t\t\t\t<\/div>\n\t\t\t\t<\/div>\n\t\t\t\t<div class=\"elementor-element elementor-element-a39a889 elementor-widget elementor-widget-gallery\" data-id=\"a39a889\" data-element_type=\"widget\" data-settings=\"{&quot;lazyload&quot;:&quot;yes&quot;,&quot;gallery_layout&quot;:&quot;grid&quot;,&quot;columns&quot;:4,&quot;columns_tablet&quot;:2,&quot;columns_mobile&quot;:1,&quot;gap&quot;:{&quot;unit&quot;:&quot;px&quot;,&quot;size&quot;:10,&quot;sizes&quot;:[]},&quot;gap_tablet&quot;:{&quot;unit&quot;:&quot;px&quot;,&quot;size&quot;:10,&quot;sizes&quot;:[]},&quot;gap_mobile&quot;:{&quot;unit&quot;:&quot;px&quot;,&quot;size&quot;:10,&quot;sizes&quot;:[]},&quot;link_to&quot;:&quot;file&quot;,&quot;aspect_ratio&quot;:&quot;3:2&quot;,&quot;overlay_background&quot;:&quot;yes&quot;,&quot;content_hover_animation&quot;:&quot;fade-in&quot;}\" data-widget_type=\"gallery.default\">\n\t\t\t\t<div class=\"elementor-widget-container\">\n\t\t\t\t\t<div class=\"elementor-gallery__container\">\n\t\t\t\t\t\t\t<a class=\"e-gallery-item elementor-gallery-item elementor-animated-content\" href=\"https:\/\/www.gigroupholding.com\/portugal\/wp-content\/uploads\/sites\/10\/2026\/04\/P1037837.jpg\" data-elementor-open-lightbox=\"yes\" data-elementor-lightbox-slideshow=\"a39a889\" data-elementor-lightbox-title=\"P1037837\" data-e-action-hash=\"#elementor-action%3Aaction%3Dlightbox%26settings%3DeyJpZCI6MzYwNzcsInVybCI6Imh0dHBzOlwvXC93d3cuZ2lncm91cGhvbGRpbmcuY29tXC9wb3J0dWdhbFwvd3AtY29udGVudFwvdXBsb2Fkc1wvc2l0ZXNcLzEwXC8yMDI2XC8wNFwvUDEwMzc4MzcuanBnIiwic2xpZGVzaG93IjoiYTM5YTg4OSJ9\">\n\t\t\t\t\t<div class=\"e-gallery-image elementor-gallery-item__image\" data-thumbnail=\"https:\/\/www.gigroupholding.com\/portugal\/wp-content\/uploads\/sites\/10\/2026\/04\/P1037837-300x200.jpg\" data-width=\"300\" data-height=\"200\" aria-label=\"\" role=\"img\" ><\/div>\n\t\t\t\t\t\t\t\t\t\t\t<div class=\"elementor-gallery-item__overlay\"><\/div>\n\t\t\t\t\t\t\t\t\t\t\t\t\t\t<\/a>\n\t\t\t\t\t\t\t<a class=\"e-gallery-item elementor-gallery-item elementor-animated-content\" href=\"https:\/\/www.gigroupholding.com\/portugal\/wp-content\/uploads\/sites\/10\/2026\/04\/P1037984.jpg\" data-elementor-open-lightbox=\"yes\" data-elementor-lightbox-slideshow=\"a39a889\" data-elementor-lightbox-title=\"P1037984\" data-e-action-hash=\"#elementor-action%3Aaction%3Dlightbox%26settings%3DeyJpZCI6MzYwNzgsInVybCI6Imh0dHBzOlwvXC93d3cuZ2lncm91cGhvbGRpbmcuY29tXC9wb3J0dWdhbFwvd3AtY29udGVudFwvdXBsb2Fkc1wvc2l0ZXNcLzEwXC8yMDI2XC8wNFwvUDEwMzc5ODQuanBnIiwic2xpZGVzaG93IjoiYTM5YTg4OSJ9\">\n\t\t\t\t\t<div class=\"e-gallery-image elementor-gallery-item__image\" data-thumbnail=\"https:\/\/www.gigroupholding.com\/portugal\/wp-content\/uploads\/sites\/10\/2026\/04\/P1037984-300x196.jpg\" data-width=\"300\" data-height=\"196\" aria-label=\"\" role=\"img\" ><\/div>\n\t\t\t\t\t\t\t\t\t\t\t<div class=\"elementor-gallery-item__overlay\"><\/div>\n\t\t\t\t\t\t\t\t\t\t\t\t\t\t<\/a>\n\t\t\t\t\t\t\t<a class=\"e-gallery-item elementor-gallery-item elementor-animated-content\" href=\"https:\/\/www.gigroupholding.com\/portugal\/wp-content\/uploads\/sites\/10\/2026\/04\/P1037999.jpg\" data-elementor-open-lightbox=\"yes\" data-elementor-lightbox-slideshow=\"a39a889\" data-elementor-lightbox-title=\"P1037999\" data-e-action-hash=\"#elementor-action%3Aaction%3Dlightbox%26settings%3DeyJpZCI6MzYwNzksInVybCI6Imh0dHBzOlwvXC93d3cuZ2lncm91cGhvbGRpbmcuY29tXC9wb3J0dWdhbFwvd3AtY29udGVudFwvdXBsb2Fkc1wvc2l0ZXNcLzEwXC8yMDI2XC8wNFwvUDEwMzc5OTkuanBnIiwic2xpZGVzaG93IjoiYTM5YTg4OSJ9\">\n\t\t\t\t\t<div class=\"e-gallery-image elementor-gallery-item__image\" data-thumbnail=\"https:\/\/www.gigroupholding.com\/portugal\/wp-content\/uploads\/sites\/10\/2026\/04\/P1037999-300x200.jpg\" data-width=\"300\" data-height=\"200\" aria-label=\"\" role=\"img\" ><\/div>\n\t\t\t\t\t\t\t\t\t\t\t<div class=\"elementor-gallery-item__overlay\"><\/div>\n\t\t\t\t\t\t\t\t\t\t\t\t\t\t<\/a>\n\t\t\t\t\t\t\t<a class=\"e-gallery-item elementor-gallery-item elementor-animated-content\" href=\"https:\/\/www.gigroupholding.com\/portugal\/wp-content\/uploads\/sites\/10\/2026\/04\/P1038057-1.jpg\" data-elementor-open-lightbox=\"yes\" data-elementor-lightbox-slideshow=\"a39a889\" data-elementor-lightbox-title=\"P1038057\" data-e-action-hash=\"#elementor-action%3Aaction%3Dlightbox%26settings%3DeyJpZCI6MzYwODAsInVybCI6Imh0dHBzOlwvXC93d3cuZ2lncm91cGhvbGRpbmcuY29tXC9wb3J0dWdhbFwvd3AtY29udGVudFwvdXBsb2Fkc1wvc2l0ZXNcLzEwXC8yMDI2XC8wNFwvUDEwMzgwNTctMS5qcGciLCJzbGlkZXNob3ciOiJhMzlhODg5In0%3D\">\n\t\t\t\t\t<div class=\"e-gallery-image elementor-gallery-item__image\" data-thumbnail=\"https:\/\/www.gigroupholding.com\/portugal\/wp-content\/uploads\/sites\/10\/2026\/04\/P1038057-1-300x195.jpg\" data-width=\"300\" data-height=\"195\" aria-label=\"\" role=\"img\" ><\/div>\n\t\t\t\t\t\t\t\t\t\t\t<div class=\"elementor-gallery-item__overlay\"><\/div>\n\t\t\t\t\t\t\t\t\t\t\t\t\t\t<\/a>\n\t\t\t\t\t\t\t<a class=\"e-gallery-item elementor-gallery-item elementor-animated-content\" href=\"https:\/\/www.gigroupholding.com\/portugal\/wp-content\/uploads\/sites\/10\/2026\/04\/P1038072.jpg\" data-elementor-open-lightbox=\"yes\" data-elementor-lightbox-slideshow=\"a39a889\" data-elementor-lightbox-title=\"P1038072\" data-e-action-hash=\"#elementor-action%3Aaction%3Dlightbox%26settings%3DeyJpZCI6MzYwODEsInVybCI6Imh0dHBzOlwvXC93d3cuZ2lncm91cGhvbGRpbmcuY29tXC9wb3J0dWdhbFwvd3AtY29udGVudFwvdXBsb2Fkc1wvc2l0ZXNcLzEwXC8yMDI2XC8wNFwvUDEwMzgwNzIuanBnIiwic2xpZGVzaG93IjoiYTM5YTg4OSJ9\">\n\t\t\t\t\t<div class=\"e-gallery-image elementor-gallery-item__image\" data-thumbnail=\"https:\/\/www.gigroupholding.com\/portugal\/wp-content\/uploads\/sites\/10\/2026\/04\/P1038072-300x210.jpg\" data-width=\"300\" data-height=\"210\" aria-label=\"\" role=\"img\" ><\/div>\n\t\t\t\t\t\t\t\t\t\t\t<div class=\"elementor-gallery-item__overlay\"><\/div>\n\t\t\t\t\t\t\t\t\t\t\t\t\t\t<\/a>\n\t\t\t\t\t\t\t<a class=\"e-gallery-item elementor-gallery-item elementor-animated-content\" href=\"https:\/\/www.gigroupholding.com\/portugal\/wp-content\/uploads\/sites\/10\/2026\/04\/P1038149.jpg\" data-elementor-open-lightbox=\"yes\" data-elementor-lightbox-slideshow=\"a39a889\" data-elementor-lightbox-title=\"P1038149\" data-e-action-hash=\"#elementor-action%3Aaction%3Dlightbox%26settings%3DeyJpZCI6MzYwODIsInVybCI6Imh0dHBzOlwvXC93d3cuZ2lncm91cGhvbGRpbmcuY29tXC9wb3J0dWdhbFwvd3AtY29udGVudFwvdXBsb2Fkc1wvc2l0ZXNcLzEwXC8yMDI2XC8wNFwvUDEwMzgxNDkuanBnIiwic2xpZGVzaG93IjoiYTM5YTg4OSJ9\">\n\t\t\t\t\t<div class=\"e-gallery-image elementor-gallery-item__image\" data-thumbnail=\"https:\/\/www.gigroupholding.com\/portugal\/wp-content\/uploads\/sites\/10\/2026\/04\/P1038149-300x200.jpg\" data-width=\"300\" data-height=\"200\" aria-label=\"\" role=\"img\" ><\/div>\n\t\t\t\t\t\t\t\t\t\t\t<div class=\"elementor-gallery-item__overlay\"><\/div>\n\t\t\t\t\t\t\t\t\t\t\t\t\t\t<\/a>\n\t\t\t\t\t\t\t<a class=\"e-gallery-item elementor-gallery-item elementor-animated-content\" href=\"https:\/\/www.gigroupholding.com\/portugal\/wp-content\/uploads\/sites\/10\/2026\/04\/P1038157.jpg\" data-elementor-open-lightbox=\"yes\" data-elementor-lightbox-slideshow=\"a39a889\" data-elementor-lightbox-title=\"P1038157\" data-e-action-hash=\"#elementor-action%3Aaction%3Dlightbox%26settings%3DeyJpZCI6MzYwODMsInVybCI6Imh0dHBzOlwvXC93d3cuZ2lncm91cGhvbGRpbmcuY29tXC9wb3J0dWdhbFwvd3AtY29udGVudFwvdXBsb2Fkc1wvc2l0ZXNcLzEwXC8yMDI2XC8wNFwvUDEwMzgxNTcuanBnIiwic2xpZGVzaG93IjoiYTM5YTg4OSJ9\">\n\t\t\t\t\t<div class=\"e-gallery-image elementor-gallery-item__image\" data-thumbnail=\"https:\/\/www.gigroupholding.com\/portugal\/wp-content\/uploads\/sites\/10\/2026\/04\/P1038157-300x200.jpg\" data-width=\"300\" data-height=\"200\" aria-label=\"\" role=\"img\" ><\/div>\n\t\t\t\t\t\t\t\t\t\t\t<div class=\"elementor-gallery-item__overlay\"><\/div>\n\t\t\t\t\t\t\t\t\t\t\t\t\t\t<\/a>\n\t\t\t\t\t\t\t<a class=\"e-gallery-item elementor-gallery-item elementor-animated-content\" href=\"https:\/\/www.gigroupholding.com\/portugal\/wp-content\/uploads\/sites\/10\/2026\/04\/P1038235.jpg\" data-elementor-open-lightbox=\"yes\" data-elementor-lightbox-slideshow=\"a39a889\" data-elementor-lightbox-title=\"P1038235\" data-e-action-hash=\"#elementor-action%3Aaction%3Dlightbox%26settings%3DeyJpZCI6MzYwODQsInVybCI6Imh0dHBzOlwvXC93d3cuZ2lncm91cGhvbGRpbmcuY29tXC9wb3J0dWdhbFwvd3AtY29udGVudFwvdXBsb2Fkc1wvc2l0ZXNcLzEwXC8yMDI2XC8wNFwvUDEwMzgyMzUuanBnIiwic2xpZGVzaG93IjoiYTM5YTg4OSJ9\">\n\t\t\t\t\t<div class=\"e-gallery-image elementor-gallery-item__image\" data-thumbnail=\"https:\/\/www.gigroupholding.com\/portugal\/wp-content\/uploads\/sites\/10\/2026\/04\/P1038235-300x204.jpg\" data-width=\"300\" data-height=\"204\" aria-label=\"\" role=\"img\" ><\/div>\n\t\t\t\t\t\t\t\t\t\t\t<div class=\"elementor-gallery-item__overlay\"><\/div>\n\t\t\t\t\t\t\t\t\t\t\t\t\t\t<\/a>\n\t\t\t\t\t\t\t<a class=\"e-gallery-item elementor-gallery-item elementor-animated-content\" href=\"https:\/\/www.gigroupholding.com\/portugal\/wp-content\/uploads\/sites\/10\/2026\/04\/P1038311.jpg\" data-elementor-open-lightbox=\"yes\" data-elementor-lightbox-slideshow=\"a39a889\" data-elementor-lightbox-title=\"P1038311\" data-e-action-hash=\"#elementor-action%3Aaction%3Dlightbox%26settings%3DeyJpZCI6MzYwODUsInVybCI6Imh0dHBzOlwvXC93d3cuZ2lncm91cGhvbGRpbmcuY29tXC9wb3J0dWdhbFwvd3AtY29udGVudFwvdXBsb2Fkc1wvc2l0ZXNcLzEwXC8yMDI2XC8wNFwvUDEwMzgzMTEuanBnIiwic2xpZGVzaG93IjoiYTM5YTg4OSJ9\">\n\t\t\t\t\t<div class=\"e-gallery-image elementor-gallery-item__image\" data-thumbnail=\"https:\/\/www.gigroupholding.com\/portugal\/wp-content\/uploads\/sites\/10\/2026\/04\/P1038311-300x199.jpg\" data-width=\"300\" data-height=\"199\" aria-label=\"\" role=\"img\" ><\/div>\n\t\t\t\t\t\t\t\t\t\t\t<div class=\"elementor-gallery-item__overlay\"><\/div>\n\t\t\t\t\t\t\t\t\t\t\t\t\t\t<\/a>\n\t\t\t\t\t\t\t<a class=\"e-gallery-item elementor-gallery-item elementor-animated-content\" href=\"https:\/\/www.gigroupholding.com\/portugal\/wp-content\/uploads\/sites\/10\/2026\/04\/P1038313.jpg\" data-elementor-open-lightbox=\"yes\" data-elementor-lightbox-slideshow=\"a39a889\" data-elementor-lightbox-title=\"P1038313\" data-e-action-hash=\"#elementor-action%3Aaction%3Dlightbox%26settings%3DeyJpZCI6MzYwODYsInVybCI6Imh0dHBzOlwvXC93d3cuZ2lncm91cGhvbGRpbmcuY29tXC9wb3J0dWdhbFwvd3AtY29udGVudFwvdXBsb2Fkc1wvc2l0ZXNcLzEwXC8yMDI2XC8wNFwvUDEwMzgzMTMuanBnIiwic2xpZGVzaG93IjoiYTM5YTg4OSJ9\">\n\t\t\t\t\t<div class=\"e-gallery-image elementor-gallery-item__image\" data-thumbnail=\"https:\/\/www.gigroupholding.com\/portugal\/wp-content\/uploads\/sites\/10\/2026\/04\/P1038313-300x200.jpg\" data-width=\"300\" data-height=\"200\" aria-label=\"\" role=\"img\" ><\/div>\n\t\t\t\t\t\t\t\t\t\t\t<div class=\"elementor-gallery-item__overlay\"><\/div>\n\t\t\t\t\t\t\t\t\t\t\t\t\t\t<\/a>\n\t\t\t\t\t\t\t<a class=\"e-gallery-item elementor-gallery-item elementor-animated-content\" href=\"https:\/\/www.gigroupholding.com\/portugal\/wp-content\/uploads\/sites\/10\/2026\/04\/P1038368.jpg\" data-elementor-open-lightbox=\"yes\" data-elementor-lightbox-slideshow=\"a39a889\" data-elementor-lightbox-title=\"P1038368\" data-e-action-hash=\"#elementor-action%3Aaction%3Dlightbox%26settings%3DeyJpZCI6MzYwODcsInVybCI6Imh0dHBzOlwvXC93d3cuZ2lncm91cGhvbGRpbmcuY29tXC9wb3J0dWdhbFwvd3AtY29udGVudFwvdXBsb2Fkc1wvc2l0ZXNcLzEwXC8yMDI2XC8wNFwvUDEwMzgzNjguanBnIiwic2xpZGVzaG93IjoiYTM5YTg4OSJ9\">\n\t\t\t\t\t<div class=\"e-gallery-image elementor-gallery-item__image\" data-thumbnail=\"https:\/\/www.gigroupholding.com\/portugal\/wp-content\/uploads\/sites\/10\/2026\/04\/P1038368-300x200.jpg\" data-width=\"300\" data-height=\"200\" aria-label=\"\" role=\"img\" ><\/div>\n\t\t\t\t\t\t\t\t\t\t\t<div class=\"elementor-gallery-item__overlay\"><\/div>\n\t\t\t\t\t\t\t\t\t\t\t\t\t\t<\/a>\n\t\t\t\t\t<\/div>\n\t\t\t<\/div>\n\t\t\t\t<\/div>\n\t\t\t\t\t<\/div>\n\t\t<\/div>\n\t\t\t\t\t<\/div>\n\t\t<\/section>\n\t\t\t\t<\/div>\n\t\t","protected":false},"excerpt":{"rendered":"<p>A Gi Group Holding, em parceria com o ECO, promoveu nas suas instala\u00e7\u00f5es, no Oriente Green Campus, a 3.\u00aa Confer\u00eancia Anual do Trabalho Ao longo do dia, reunimos decisores, especialistas e l\u00edderes empresariais para refletir sobre os principais desafios do mercado de trabalho em Portugal.<\/p>\n","protected":false},"author":85,"featured_media":36080,"comment_status":"open","ping_status":"open","sticky":false,"template":"","format":"standard","meta":{"_acf_changed":false,"footnotes":"","_links_to":"","_links_to_target":""},"categories":[1],"tags":[],"class_list":["post-36071","post","type-post","status-publish","format-standard","has-post-thumbnail","hentry","category-gerais"],"acf":[],"yoast_head":"<!-- This site is optimized with the Yoast SEO plugin v23.9 - https:\/\/yoast.com\/wordpress\/plugins\/seo\/ -->\n<title>3.\u00aa Confer\u00eancia Anual do Trabalho<\/title>\n<meta name=\"description\" content=\"A Gi Group Holding, em parceria com o ECO, promoveu a 3.\u00aa Confer\u00eancia Anual do Trabalho Ao longo do dia, reunimos decisores, especialistas e l\u00edderes empresariais para refletir sobre os principais desafios do mercado de trabalho em Portugal.\" \/>\n<meta name=\"robots\" content=\"index, follow, max-snippet:-1, max-image-preview:large, max-video-preview:-1\" \/>\n<link rel=\"canonical\" href=\"https:\/\/www.gigroupholding.com\/portugal\/conferencia-trabalho-2026\/\" \/>\n<meta property=\"og:locale\" content=\"pt_PT\" \/>\n<meta property=\"og:type\" content=\"article\" \/>\n<meta property=\"og:title\" content=\"3.\u00aa Confer\u00eancia Anual do Trabalho\" \/>\n<meta property=\"og:description\" content=\"A Gi Group Holding, em parceria com o ECO, promoveu a 3.\u00aa Confer\u00eancia Anual do Trabalho Ao longo do dia, reunimos decisores, especialistas e l\u00edderes empresariais para refletir sobre os principais desafios do mercado de trabalho em Portugal.\" \/>\n<meta property=\"og:url\" content=\"https:\/\/www.gigroupholding.com\/portugal\/conferencia-trabalho-2026\/\" \/>\n<meta property=\"og:site_name\" content=\"Gi Group Holding Portugal\" \/>\n<meta property=\"article:published_time\" content=\"2026-04-22T11:22:50+00:00\" \/>\n<meta property=\"article:modified_time\" content=\"2026-04-22T11:22:57+00:00\" \/>\n<meta property=\"og:image\" content=\"https:\/\/www.gigroupholding.com\/portugal\/wp-content\/uploads\/sites\/10\/2026\/04\/P1038057-1-1024x665.jpg\" \/>\n\t<meta property=\"og:image:width\" content=\"1024\" \/>\n\t<meta property=\"og:image:height\" content=\"665\" \/>\n\t<meta property=\"og:image:type\" content=\"image\/jpeg\" \/>\n<meta name=\"author\" content=\"cgaliza\" \/>\n<meta name=\"twitter:card\" content=\"summary_large_image\" \/>\n<meta name=\"twitter:label1\" content=\"Written by\" \/>\n\t<meta name=\"twitter:data1\" content=\"cgaliza\" \/>\n\t<meta name=\"twitter:label2\" content=\"Est. reading time\" \/>\n\t<meta name=\"twitter:data2\" content=\"3 minutes\" \/>\n<script type=\"application\/ld+json\" class=\"yoast-schema-graph\">{\"@context\":\"https:\/\/schema.org\",\"@graph\":[{\"@type\":\"WebPage\",\"@id\":\"https:\/\/www.gigroupholding.com\/portugal\/conferencia-trabalho-2026\/\",\"url\":\"https:\/\/www.gigroupholding.com\/portugal\/conferencia-trabalho-2026\/\",\"name\":\"3.\u00aa Confer\u00eancia Anual do Trabalho\",\"isPartOf\":{\"@id\":\"https:\/\/www.gigroupholding.com\/portugal\/#website\"},\"primaryImageOfPage\":{\"@id\":\"https:\/\/www.gigroupholding.com\/portugal\/conferencia-trabalho-2026\/#primaryimage\"},\"image\":{\"@id\":\"https:\/\/www.gigroupholding.com\/portugal\/conferencia-trabalho-2026\/#primaryimage\"},\"thumbnailUrl\":\"https:\/\/www.gigroupholding.com\/portugal\/wp-content\/uploads\/sites\/10\/2026\/04\/P1038057-1.jpg\",\"datePublished\":\"2026-04-22T11:22:50+00:00\",\"dateModified\":\"2026-04-22T11:22:57+00:00\",\"author\":{\"@id\":\"https:\/\/www.gigroupholding.com\/portugal\/#\/schema\/person\/3a5e3f7f339aebbdd1d1e543a40eefcb\"},\"description\":\"A Gi Group Holding, em parceria com o ECO, promoveu a 3.\u00aa Confer\u00eancia Anual do Trabalho Ao longo do dia, reunimos decisores, especialistas e l\u00edderes empresariais para refletir sobre os principais desafios do mercado de trabalho em Portugal.\",\"breadcrumb\":{\"@id\":\"https:\/\/www.gigroupholding.com\/portugal\/conferencia-trabalho-2026\/#breadcrumb\"},\"inLanguage\":\"pt-PT\",\"potentialAction\":[{\"@type\":\"ReadAction\",\"target\":[\"https:\/\/www.gigroupholding.com\/portugal\/conferencia-trabalho-2026\/\"]}]},{\"@type\":\"ImageObject\",\"inLanguage\":\"pt-PT\",\"@id\":\"https:\/\/www.gigroupholding.com\/portugal\/conferencia-trabalho-2026\/#primaryimage\",\"url\":\"https:\/\/www.gigroupholding.com\/portugal\/wp-content\/uploads\/sites\/10\/2026\/04\/P1038057-1.jpg\",\"contentUrl\":\"https:\/\/www.gigroupholding.com\/portugal\/wp-content\/uploads\/sites\/10\/2026\/04\/P1038057-1.jpg\",\"width\":2048,\"height\":1330},{\"@type\":\"BreadcrumbList\",\"@id\":\"https:\/\/www.gigroupholding.com\/portugal\/conferencia-trabalho-2026\/#breadcrumb\",\"itemListElement\":[{\"@type\":\"ListItem\",\"position\":1,\"name\":\"Gerais\",\"item\":\"https:\/\/www.gigroupholding.com\/portugal\/category\/gerais\/\"},{\"@type\":\"ListItem\",\"position\":2,\"name\":\"Confer\u00eancia Anual do Trabalho: seis horas de debate sobre o futuro do mercado de trabalho em Portugal\"}]},{\"@type\":\"WebSite\",\"@id\":\"https:\/\/www.gigroupholding.com\/portugal\/#website\",\"url\":\"https:\/\/www.gigroupholding.com\/portugal\/\",\"name\":\"Gi Group Holding Portugal\",\"description\":\"O nosso ecossistema global de Servi\u00e7os RH desenvolve o mercado de trabalho, cria valor sustent\u00e1vel e transforma vidas num ambiente profissional positivo.\",\"potentialAction\":[{\"@type\":\"SearchAction\",\"target\":{\"@type\":\"EntryPoint\",\"urlTemplate\":\"https:\/\/www.gigroupholding.com\/portugal\/?s={search_term_string}\"},\"query-input\":{\"@type\":\"PropertyValueSpecification\",\"valueRequired\":true,\"valueName\":\"search_term_string\"}}],\"inLanguage\":\"pt-PT\"},{\"@type\":\"Person\",\"@id\":\"https:\/\/www.gigroupholding.com\/portugal\/#\/schema\/person\/3a5e3f7f339aebbdd1d1e543a40eefcb\",\"name\":\"cgaliza\",\"image\":{\"@type\":\"ImageObject\",\"inLanguage\":\"pt-PT\",\"@id\":\"https:\/\/www.gigroupholding.com\/portugal\/#\/schema\/person\/image\/\",\"url\":\"https:\/\/secure.gravatar.com\/avatar\/4e0d0f0fad3c21337ff8172a8b045f5c?s=96&d=mm&r=g\",\"contentUrl\":\"https:\/\/secure.gravatar.com\/avatar\/4e0d0f0fad3c21337ff8172a8b045f5c?s=96&d=mm&r=g\",\"caption\":\"cgaliza\"},\"url\":\"https:\/\/www.gigroupholding.com\/portugal\/author\/cgaliza\/\"}]}<\/script>\n<!-- \/ Yoast SEO plugin. -->","yoast_head_json":{"title":"3.\u00aa Confer\u00eancia Anual do Trabalho","description":"A Gi Group Holding, em parceria com o ECO, promoveu a 3.\u00aa Confer\u00eancia Anual do Trabalho Ao longo do dia, reunimos decisores, especialistas e l\u00edderes empresariais para refletir sobre os principais desafios do mercado de trabalho em Portugal.","robots":{"index":"index","follow":"follow","max-snippet":"max-snippet:-1","max-image-preview":"max-image-preview:large","max-video-preview":"max-video-preview:-1"},"canonical":"https:\/\/www.gigroupholding.com\/portugal\/conferencia-trabalho-2026\/","og_locale":"pt_PT","og_type":"article","og_title":"3.\u00aa Confer\u00eancia Anual do Trabalho","og_description":"A Gi Group Holding, em parceria com o ECO, promoveu a 3.\u00aa Confer\u00eancia Anual do Trabalho Ao longo do dia, reunimos decisores, especialistas e l\u00edderes empresariais para refletir sobre os principais desafios do mercado de trabalho em Portugal.","og_url":"https:\/\/www.gigroupholding.com\/portugal\/conferencia-trabalho-2026\/","og_site_name":"Gi Group Holding Portugal","article_published_time":"2026-04-22T11:22:50+00:00","article_modified_time":"2026-04-22T11:22:57+00:00","og_image":[{"width":1024,"height":665,"url":"https:\/\/www.gigroupholding.com\/portugal\/wp-content\/uploads\/sites\/10\/2026\/04\/P1038057-1-1024x665.jpg","type":"image\/jpeg"}],"author":"cgaliza","twitter_card":"summary_large_image","twitter_misc":{"Written by":"cgaliza","Est. reading time":"3 minutes"},"schema":{"@context":"https:\/\/schema.org","@graph":[{"@type":"WebPage","@id":"https:\/\/www.gigroupholding.com\/portugal\/conferencia-trabalho-2026\/","url":"https:\/\/www.gigroupholding.com\/portugal\/conferencia-trabalho-2026\/","name":"3.\u00aa Confer\u00eancia Anual do Trabalho","isPartOf":{"@id":"https:\/\/www.gigroupholding.com\/portugal\/#website"},"primaryImageOfPage":{"@id":"https:\/\/www.gigroupholding.com\/portugal\/conferencia-trabalho-2026\/#primaryimage"},"image":{"@id":"https:\/\/www.gigroupholding.com\/portugal\/conferencia-trabalho-2026\/#primaryimage"},"thumbnailUrl":"https:\/\/www.gigroupholding.com\/portugal\/wp-content\/uploads\/sites\/10\/2026\/04\/P1038057-1.jpg","datePublished":"2026-04-22T11:22:50+00:00","dateModified":"2026-04-22T11:22:57+00:00","author":{"@id":"https:\/\/www.gigroupholding.com\/portugal\/#\/schema\/person\/3a5e3f7f339aebbdd1d1e543a40eefcb"},"description":"A Gi Group Holding, em parceria com o ECO, promoveu a 3.\u00aa Confer\u00eancia Anual do Trabalho Ao longo do dia, reunimos decisores, especialistas e l\u00edderes empresariais para refletir sobre os principais desafios do mercado de trabalho em Portugal.","breadcrumb":{"@id":"https:\/\/www.gigroupholding.com\/portugal\/conferencia-trabalho-2026\/#breadcrumb"},"inLanguage":"pt-PT","potentialAction":[{"@type":"ReadAction","target":["https:\/\/www.gigroupholding.com\/portugal\/conferencia-trabalho-2026\/"]}]},{"@type":"ImageObject","inLanguage":"pt-PT","@id":"https:\/\/www.gigroupholding.com\/portugal\/conferencia-trabalho-2026\/#primaryimage","url":"https:\/\/www.gigroupholding.com\/portugal\/wp-content\/uploads\/sites\/10\/2026\/04\/P1038057-1.jpg","contentUrl":"https:\/\/www.gigroupholding.com\/portugal\/wp-content\/uploads\/sites\/10\/2026\/04\/P1038057-1.jpg","width":2048,"height":1330},{"@type":"BreadcrumbList","@id":"https:\/\/www.gigroupholding.com\/portugal\/conferencia-trabalho-2026\/#breadcrumb","itemListElement":[{"@type":"ListItem","position":1,"name":"Gerais","item":"https:\/\/www.gigroupholding.com\/portugal\/category\/gerais\/"},{"@type":"ListItem","position":2,"name":"Confer\u00eancia Anual do Trabalho: seis horas de debate sobre o futuro do mercado de trabalho em Portugal"}]},{"@type":"WebSite","@id":"https:\/\/www.gigroupholding.com\/portugal\/#website","url":"https:\/\/www.gigroupholding.com\/portugal\/","name":"Gi Group Holding Portugal","description":"O nosso ecossistema global de Servi\u00e7os RH desenvolve o mercado de trabalho, cria valor sustent\u00e1vel e transforma vidas num ambiente profissional positivo.","potentialAction":[{"@type":"SearchAction","target":{"@type":"EntryPoint","urlTemplate":"https:\/\/www.gigroupholding.com\/portugal\/?s={search_term_string}"},"query-input":{"@type":"PropertyValueSpecification","valueRequired":true,"valueName":"search_term_string"}}],"inLanguage":"pt-PT"},{"@type":"Person","@id":"https:\/\/www.gigroupholding.com\/portugal\/#\/schema\/person\/3a5e3f7f339aebbdd1d1e543a40eefcb","name":"cgaliza","image":{"@type":"ImageObject","inLanguage":"pt-PT","@id":"https:\/\/www.gigroupholding.com\/portugal\/#\/schema\/person\/image\/","url":"https:\/\/secure.gravatar.com\/avatar\/4e0d0f0fad3c21337ff8172a8b045f5c?s=96&d=mm&r=g","contentUrl":"https:\/\/secure.gravatar.com\/avatar\/4e0d0f0fad3c21337ff8172a8b045f5c?s=96&d=mm&r=g","caption":"cgaliza"},"url":"https:\/\/www.gigroupholding.com\/portugal\/author\/cgaliza\/"}]}},"_links":{"self":[{"href":"https:\/\/www.gigroupholding.com\/portugal\/wp-json\/wp\/v2\/posts\/36071","targetHints":{"allow":["GET"]}}],"collection":[{"href":"https:\/\/www.gigroupholding.com\/portugal\/wp-json\/wp\/v2\/posts"}],"about":[{"href":"https:\/\/www.gigroupholding.com\/portugal\/wp-json\/wp\/v2\/types\/post"}],"author":[{"embeddable":true,"href":"https:\/\/www.gigroupholding.com\/portugal\/wp-json\/wp\/v2\/users\/85"}],"replies":[{"embeddable":true,"href":"https:\/\/www.gigroupholding.com\/portugal\/wp-json\/wp\/v2\/comments?post=36071"}],"version-history":[{"count":6,"href":"https:\/\/www.gigroupholding.com\/portugal\/wp-json\/wp\/v2\/posts\/36071\/revisions"}],"predecessor-version":[{"id":36090,"href":"https:\/\/www.gigroupholding.com\/portugal\/wp-json\/wp\/v2\/posts\/36071\/revisions\/36090"}],"wp:featuredmedia":[{"embeddable":true,"href":"https:\/\/www.gigroupholding.com\/portugal\/wp-json\/wp\/v2\/media\/36080"}],"wp:attachment":[{"href":"https:\/\/www.gigroupholding.com\/portugal\/wp-json\/wp\/v2\/media?parent=36071"}],"wp:term":[{"taxonomy":"category","embeddable":true,"href":"https:\/\/www.gigroupholding.com\/portugal\/wp-json\/wp\/v2\/categories?post=36071"},{"taxonomy":"post_tag","embeddable":true,"href":"https:\/\/www.gigroupholding.com\/portugal\/wp-json\/wp\/v2\/tags?post=36071"}],"curies":[{"name":"wp","href":"https:\/\/api.w.org\/{rel}","templated":true}]}}