{"id":36499,"date":"2025-11-12T10:14:39","date_gmt":"2025-11-12T10:14:39","guid":{"rendered":"https:\/\/www.gigroupholding.com\/polska\/?p=36499"},"modified":"2025-11-12T10:14:51","modified_gmt":"2025-11-12T10:14:51","slug":"w-poszukiwaniu-lepszych-perspektyw-miedzy-emigracja-a-powrotem-do-pracy","status":"publish","type":"post","link":"https:\/\/www.gigroupholding.com\/polska\/w-poszukiwaniu-lepszych-perspektyw-miedzy-emigracja-a-powrotem-do-pracy\/","title":{"rendered":"W poszukiwaniu lepszych perspektyw \u2013 mi\u0119dzy emigracj\u0105 a powrotem do kraju. Reemigracja Polak\u00f3w: rosn\u0105cy trend i szansa dla polskiego rynku pracy"},"content":{"rendered":"\t\t<div data-elementor-type=\"wp-post\" data-elementor-id=\"36499\" class=\"elementor elementor-36499\" data-elementor-post-type=\"post\">\n\t\t\t\t\t\t<section class=\"elementor-section elementor-top-section elementor-element elementor-element-fcd5849 elementor-section-boxed elementor-section-height-default elementor-section-height-default\" data-id=\"fcd5849\" data-element_type=\"section\">\n\t\t\t\t\t\t<div class=\"elementor-container elementor-column-gap-default\">\n\t\t\t\t\t<div class=\"elementor-column elementor-col-100 elementor-top-column elementor-element elementor-element-4d03816\" data-id=\"4d03816\" data-element_type=\"column\">\n\t\t\t<div class=\"elementor-widget-wrap\">\n\t\t\t\t\t\t\t<\/div>\n\t\t<\/div>\n\t\t\t\t\t<\/div>\n\t\t<\/section>\n\t\t\t\t<section class=\"elementor-section elementor-top-section elementor-element elementor-element-a3174a4 elementor-section-boxed elementor-section-height-default elementor-section-height-default\" data-id=\"a3174a4\" data-element_type=\"section\">\n\t\t\t\t\t\t<div class=\"elementor-container elementor-column-gap-default\">\n\t\t\t\t\t<div class=\"elementor-column elementor-col-100 elementor-top-column elementor-element elementor-element-817c1fd\" data-id=\"817c1fd\" data-element_type=\"column\">\n\t\t\t<div class=\"elementor-widget-wrap\">\n\t\t\t\t\t\t\t<\/div>\n\t\t<\/div>\n\t\t\t\t\t<\/div>\n\t\t<\/section>\n\t\t\t\t<section class=\"elementor-section elementor-top-section elementor-element elementor-element-c5c5f75 elementor-section-boxed elementor-section-height-default elementor-section-height-default\" data-id=\"c5c5f75\" data-element_type=\"section\">\n\t\t\t\t\t\t<div class=\"elementor-container elementor-column-gap-default\">\n\t\t\t\t\t<div class=\"elementor-column elementor-col-100 elementor-top-column elementor-element elementor-element-99c7936\" data-id=\"99c7936\" data-element_type=\"column\">\n\t\t\t<div class=\"elementor-widget-wrap elementor-element-populated\">\n\t\t\t\t\t\t<div class=\"elementor-element elementor-element-cb74430 elementor-widget elementor-widget-text-editor\" data-id=\"cb74430\" data-element_type=\"widget\" data-widget_type=\"text-editor.default\">\n\t\t\t\t<div class=\"elementor-widget-container\">\n\t\t\t\t\t\t\t<h1><strong>W poszukiwaniu lepszych perspektyw \u2013 mi\u0119dzy emigracj\u0105 a powrotem do kraju. Reemigracja Polak\u00f3w: rosn\u0105cy trend i szansa dla polskiego rynku pracy<\/strong><\/h1><p><strong>Coraz wi\u0119cej Polak\u00f3w decyduje si\u0119 na powr\u00f3t z emigracji. Po latach lub miesi\u0105cach sp\u0119dzonych za granic\u0105 w poszukiwaniu lepszych zarobk\u00f3w i stabilizacji coraz cz\u0119\u015bciej wybieraj\u0105 \u017cycie w kraju. Powody decyzji s\u0105 r\u00f3\u017cne \u2013 od wi\u0119zi rodzinnych, przez poprawiaj\u0105ce si\u0119 warunki zatrudnienia, po poczucie bezpiecze\u0144stwa. Eksperci Gi Group podkre\u015blaj\u0105, \u017ce ten trend mo\u017ce by\u0107 wa\u017cn\u0105 odpowiedzi\u0105 na wyzwania demograficzne oraz realnym wsparciem dla polskiego rynku pracy i gospodarki.<\/strong><\/p><p><strong>Demograficzna zima<\/strong><\/p><p>Polska mierzy si\u0119 z jednym z najtrudniejszych wyzwa\u0144 demograficznych. Z danych GUS wynika, \u017ce liczba ludno\u015bci kraju zmniejszy\u0142a si\u0119 o oko\u0142o 147 tys. os\u00f3b r.\/r. i wynios\u0142a 37,5 mln na koniec 2024 r. To kolejny sygna\u0142 d\u0142ugotrwa\u0142ego negatywnego trendu &#8211; w ci\u0105gu dekady populacja Polski zmniejszy\u0142a si\u0119 o oko\u0142o 1 mln os\u00f3b. Jednocze\u015bnie spo\u0142ecze\u0144stwo si\u0119 starzeje \u2013 \u017cyjemy d\u0142u\u017cej, a liczba urodze\u0144 utrzymuje si\u0119 znacznie poni\u017cej poziomu zast\u0119powalno\u015bci pokole\u0144. Decyzje o powi\u0119kszeniu rodziny s\u0105 coraz cz\u0119\u015bciej odk\u0142adane z powodu niepewno\u015bci ekonomicznej, ograniczonej dost\u0119pno\u015bci mieszka\u0144 i zmieniaj\u0105cych si\u0119 priorytet\u00f3w \u017cyciowych. W efekcie na koniec 2024 roku liczba os\u00f3b w wieku produkcyjnym (kobiety 18\u201359 lat, m\u0119\u017cczy\u017ani 18\u201364 lata) wynios\u0142a 24,3 mln, czyli o 2,6 mln mniej ni\u017c dekad\u0119 wcze\u015bniej, co oznacza spadek o 9,6%.<\/p><p>W rzeczywisto\u015bci skala niedoboru pracuj\u0105cych jest jeszcze wi\u0119ksza, gdy\u017c dane GUS uwzgl\u0119dniaj\u0105 w populacji Polski tak\u017ce obywateli, kt\u00f3rzy od ponad roku mieszkaj\u0105 za granic\u0105. Wed\u0142ug danych Eurostatu na pocz\u0105tku 2024 r. tylko w krajach UE mieszka\u0142o ok. 1,5 mln polskich obywateli, a dodatkowo \u2013 co najmniej 700 tys. \u2013 w Wielkiej Brytanii i Norwegii. Oznacza to, \u017ce \u0142\u0105cznie w krajach Europy Zachodniej przebywa ponad 2,2 mln Polak\u00f3w, kt\u00f3rzy s\u0105 uj\u0119ci w krajowych statystykach.<\/p><p>\u2013 \u00a0<em>Demograficzna zima sprawia, \u017ce liczba pracuj\u0105cych z roku na rok maleje, jednocze\u015bnie ro\u015bnie presja na system emerytalny i rynek pracy.<\/em> <em>Dlatego tak potrzebna jest sp\u00f3jna i d\u0142ugofalowa polityka spo\u0142eczno-gospodarcza, w tym dzia\u0142ania na rzecz aktywizacji zawodowej os\u00f3b pozostaj\u0105cych poza rynkiem pracy i przemy\u015blana strategia migracyjna. Tylko w ten spos\u00f3b mo\u017cna utrzyma\u0107 r\u00f3wnowag\u0119 na rynku pracy i zapewni\u0107 stabilny rozw\u00f3j gospodarczy<\/em> \u2013 podkre\u015bla Anna Weso\u0142owska, Dyrektor Zarz\u0105dzaj\u0105ca Gi Group.<\/p><p><strong>Migracje Polak\u00f3w \u2013 w poszukiwaniu lepszego \u017cycia<\/strong><\/p><p>Tymczasem zainteresowanie emigracj\u0105 zarobkow\u0105 pozostaje wysokie. W badaniu przeprowadzonym przez SW Research w lutym br. na zlecenie Gi Group (\u201eMigracje zarobkowe Polak\u00f3w\u201d) 16,3% respondent\u00f3w przyzna\u0142o, \u017ce rozwa\u017ca wyjazd z Polski w celach zarobkowych w ci\u0105gu najbli\u017cszego roku. Jednocze\u015bnie 65% nie planowa\u0142o podj\u0119cia takich krok\u00f3w, a 18,7% nie mia\u0142o opinii na ten temat. Takie wyniki oznaczaj\u0105 powr\u00f3t do utrzymuj\u0105cego si\u0119 od lat trendu, po ubieg\u0142orocznym spadku odsetka zainteresowanych wyjazdem do 13,3%. Nadal do emigracji zarobkowej sk\u0142onni s\u0105 bardziej m\u0119\u017cczy\u017ani (19%) ni\u017c kobiety (13,8%), g\u0142\u00f3wnie osoby w wieku 18\u201324 lata (24%). W tej grupie s\u0105 cz\u0119\u015bciej osoby z wykszta\u0142ceniem podstawowym (23%) \u00a0i \u015brednim (19%), rzadziej z wy\u017cszym (11%).<\/p>\t\t\t\t\t\t<\/div>\n\t\t\t\t<\/div>\n\t\t\t\t\t<\/div>\n\t\t<\/div>\n\t\t\t\t\t<\/div>\n\t\t<\/section>\n\t\t\t\t<section class=\"elementor-section elementor-top-section elementor-element elementor-element-3753cc5 elementor-section-boxed elementor-section-height-default elementor-section-height-default\" data-id=\"3753cc5\" data-element_type=\"section\">\n\t\t\t\t\t\t<div class=\"elementor-container elementor-column-gap-default\">\n\t\t\t\t\t<div class=\"elementor-column elementor-col-100 elementor-top-column elementor-element elementor-element-cbe42e6\" data-id=\"cbe42e6\" data-element_type=\"column\">\n\t\t\t<div class=\"elementor-widget-wrap elementor-element-populated\">\n\t\t\t\t\t\t<div class=\"elementor-element elementor-element-8e60a7a elementor-widget elementor-widget-image\" data-id=\"8e60a7a\" data-element_type=\"widget\" data-widget_type=\"image.default\">\n\t\t\t\t<div class=\"elementor-widget-container\">\n\t\t\t\t\t\t\t\t\t\t\t\t\t<img fetchpriority=\"high\" decoding=\"async\" width=\"800\" height=\"406\" src=\"https:\/\/www.gigroupholding.com\/polska\/wp-content\/uploads\/sites\/9\/2025\/11\/zamiar-emigracji-zarobkowej-na-przestrzeni-lat_1-1024x520.png\" class=\"attachment-large size-large wp-image-36637\" alt=\"\" srcset=\"https:\/\/www.gigroupholding.com\/polska\/wp-content\/uploads\/sites\/9\/2025\/11\/zamiar-emigracji-zarobkowej-na-przestrzeni-lat_1-1024x520.png 1024w, https:\/\/www.gigroupholding.com\/polska\/wp-content\/uploads\/sites\/9\/2025\/11\/zamiar-emigracji-zarobkowej-na-przestrzeni-lat_1-300x152.png 300w, https:\/\/www.gigroupholding.com\/polska\/wp-content\/uploads\/sites\/9\/2025\/11\/zamiar-emigracji-zarobkowej-na-przestrzeni-lat_1-768x390.png 768w, https:\/\/www.gigroupholding.com\/polska\/wp-content\/uploads\/sites\/9\/2025\/11\/zamiar-emigracji-zarobkowej-na-przestrzeni-lat_1-1536x781.png 1536w, https:\/\/www.gigroupholding.com\/polska\/wp-content\/uploads\/sites\/9\/2025\/11\/zamiar-emigracji-zarobkowej-na-przestrzeni-lat_1-2048x1041.png 2048w\" sizes=\"(max-width: 800px) 100vw, 800px\" \/>\t\t\t\t\t\t\t\t\t\t\t\t\t<\/div>\n\t\t\t\t<\/div>\n\t\t\t\t\t<\/div>\n\t\t<\/div>\n\t\t\t\t\t<\/div>\n\t\t<\/section>\n\t\t\t\t<section class=\"elementor-section elementor-top-section elementor-element elementor-element-b4c2eba elementor-section-boxed elementor-section-height-default elementor-section-height-default\" data-id=\"b4c2eba\" data-element_type=\"section\">\n\t\t\t\t\t\t<div class=\"elementor-container elementor-column-gap-default\">\n\t\t\t\t\t<div class=\"elementor-column elementor-col-100 elementor-top-column elementor-element elementor-element-896793d\" data-id=\"896793d\" data-element_type=\"column\">\n\t\t\t<div class=\"elementor-widget-wrap elementor-element-populated\">\n\t\t\t\t\t\t<div class=\"elementor-element elementor-element-eaead89 elementor-widget elementor-widget-text-editor\" data-id=\"eaead89\" data-element_type=\"widget\" data-widget_type=\"text-editor.default\">\n\t\t\t\t<div class=\"elementor-widget-container\">\n\t\t\t\t\t\t\t<p>Wyjazd kusi z jednej strony wizj\u0105 poprawy warunk\u00f3w bytowych, z drugiej poznawania \u015bwiata, wynika z badania Gi Group. Motywacj\u0105 do emigracji s\u0105 przede wszystkim czynniki ekonomiczne: wy\u017csze zarobki (57%), wi\u0119ksze mo\u017cliwo\u015bci rozwoju zawodowego (31,6%), brak odpowiedniej pracy w kraju (22,8%) czy korzystniejszy system podatkowy (27,2%). Z aspektami finansowymi wi\u0105\u017ce si\u0119 te\u017c perspektywa poprawy standardu \u017cycia (42%), co z kolei idzie w parze z potrzeb\u0105 podr\u00f3\u017cowania (36,8%), do\u0142\u0105czenia do rodziny mieszkaj\u0105cej za granic\u0105 (17,5%), ale tak\u017ce przekonaniem o wi\u0119kszym poszanowaniu praw obywatelskich (17,5%) oraz bezpieczniejszym po\u0142o\u017ceniu geopolitycznym (11,4%).<br \/>Podj\u0119cie decyzji o wyje\u017adzie, zw\u0142aszcza na d\u0142u\u017cszy czas, nie nale\u017cy jednak do \u0142atwych. G\u0142\u00f3wn\u0105 barier\u0105 okazuj\u0105 si\u0119 wi\u0119zi rodzinne, na co wskaza\u0142o 59,5% badanych, cz\u0119\u015bciej kobiety (65%) ni\u017c m\u0119\u017cczy\u017ani (52,3%). Kolejnymi przeszkodami s\u0105 obawy zwi\u0105zane z niewystarczaj\u0105c\u0105 znajomo\u015bci\u0105 j\u0119zyka (30,5%) oraz niepewno\u015b\u0107 co do znalezienia atrakcyjnej pracy (24,7%). Powodem wahania jest te\u017c satysfakcjonuj\u0105ca obecna sytuacja zawodowa (20,1%). <br \/>\u2013 Powody, dla kt\u00f3rych Polacy wahaj\u0105 si\u0119 przy podejmowaniu decyzji o emigracji koresponduj\u0105 z czynnikami, kt\u00f3re motywuj\u0105 do powrotu do kraju. Dla wielu os\u00f3b najwa\u017cniejsze znaczenie maj\u0105 wi\u0119zi rodzinne, ch\u0119\u0107 stabilizacji oraz lepsze perspektywy zawodowe w Polsce. Reemigracja przestaje by\u0107 postrzegana jako ryzyko, ale atrakcyjna alternatywa wobec dalszego \u017cycia za granic\u0105 \u2013 t\u0142umaczy Beata Oczkowicz, Dyrektor ds. rekrutacji sta\u0142ych w Gi Group.<br \/>Polacy wracaj\u0105 <br \/>Z drugiej strony coraz bardziej zauwa\u017calnym zjawiskiem staj\u0105 si\u0119 powroty Polak\u00f3w do kraju. Dane GUS (\u201eLudno\u015b\u0107. Stan i struktura oraz ruch naturalny w przekroju terytorialnym w 2024 r.\u201d) pokazuj\u0105, \u017ce w ubieg\u0142ym roku na sta\u0142e wr\u00f3ci\u0142o do Polski 19,5 tys. os\u00f3b, co oznacza wzrost o blisko 30% wzgl\u0119dem roku poprzedniego. Co ciekawe, wed\u0142ug Federalnego Urz\u0119du Statystycznego Niemiec Destatis w 2024 roku po raz pierwszy wi\u0119cej Polak\u00f3w wr\u00f3ci\u0142o do swojego kraju (88 tys. os\u00f3b) ni\u017c wyemigrowa\u0142o do zachodniego s\u0105siada (76 tys.). O nasilaj\u0105cym si\u0119 zjawisku reemigracji \u015bwiadcz\u0105 tak\u017ce badania European Labour Force Survey oraz analizy Centrum Bada\u0144 nad Zmian\u0105 Spo\u0142eczn\u0105 i Mobilno\u015bci\u0105 (CRASH), z kt\u00f3rych wynika, \u017ce w latach 2017\u20132024 mog\u0142o wr\u00f3ci\u0107 do kraju oko\u0142o 300 tysi\u0119cy Polak\u00f3w, g\u0142\u00f3wnie z Wielkiej Brytanii, Niemiec i kraj\u00f3w skandynawskich. Warto podkre\u015bli\u0107, \u017ce zjawisko to nie ma charakteru skumulowanego, przebiega stopniowo, na przestrzeni lat, a w\u015br\u00f3d istotnych czynnik\u00f3w wskazywane s\u0105 m.in. Brexit oraz pandemia COVID-19.<br \/>Decyzje o reemigracji s\u0105 z\u0142o\u017cone, wynikaj\u0105 z kombinacji wielu czynnik\u00f3w, a motywacje r\u00f3\u017cni\u0105 si\u0119 w zale\u017cno\u015bci od kraju pobytu. Jak pokazuje raport NBP \u201ePolacy pracuj\u0105cy za granic\u0105 w 2022 r.\u201d, w przypadku Polak\u00f3w mieszkaj\u0105cych w Niemczech oraz w Niderlandach przewa\u017caj\u0105 powody rodzinne, w dalszej kolejno\u015bci poziom wynagrodze\u0144, a nast\u0119pnie aspekty zdrowotne. Natomiast Polacy przebywaj\u0105cy w nieco odleglejszej Wielkiej Brytanii najcz\u0119\u015bciej podkre\u015blaj\u0105 brak pracy, na drugim miejscu powody rodzinne, a na trzecim poziom zarobk\u00f3w. <br \/>Na decyzje o powrocie oddzia\u0142uje r\u00f3wnie\u017c atrakcyjno\u015b\u0107 Polski jako miejsca do \u017cycia i pracy. W najnowszym opracowaniu \u201eQuality of Life Index 2025\u201d przygotowanym przez Numbeo i przedstawiaj\u0105cym list\u0119 kraj\u00f3w pod wzgl\u0119dem jako\u015bci \u017cycia, Polska zaj\u0119\u0142a 37. miejsce na \u015bwiecie, awansuj\u0105c o pi\u0119\u0107 pozycji w stosunku do poprzedniego roku. Na wynik ten z\u0142o\u017cy\u0142y si\u0119: wysokie poczucie bezpiecze\u0144stwa (22. miejsce globalnie), korzystna relacja koszt\u00f3w \u017cycia do dochod\u00f3w oraz relatywnie wysoki poziom si\u0142y nabywczej. Wed\u0142ug danych Eurostatu w 2024 roku polskie PKB na mieszka\u0144ca w parytecie si\u0142y nabywczej wynios\u0142o 79% \u015bredniej UE, co oznacza wzrost o 2 punkty procentowe r.\/r. Tak\u017ce Trading Economics zwraca uwag\u0119 na rosn\u0105c\u0105 warto\u015b\u0107 PKB w Polsce, z uwzgl\u0119dnieniem r\u00f3\u017cnic w poziomie cen mi\u0119dzy krajami \u2013 z 34,3 tys. USD w 2017 roku, do poziomu 45\u202ftys. USD w 2024 r.<br \/>\u2013 Bardzo wa\u017cne znaczenie w podejmowaniu decyzji o powrocie z emigracji ma sytuacja ekonomiczna na \u015bwiecie i rosn\u0105ce poczucie niepewno\u015bci. W tym kontek\u015bcie realn\u0105 zach\u0119t\u0105 mo\u017ce by\u0107 kondycja rodzinnej gospodarki, atrakcyjne perspektywy zawodowe, poczucie stabilno\u015bci i bezpiecze\u0144stwa. Im bardziej Polska b\u0119dzie si\u0119 wyr\u00f3\u017cnia\u0142a pod tym wzgl\u0119dem na tle innych kraj\u00f3w, tym silniejsza stanie si\u0119 motywacja do powrotu \u2013 podkre\u015bla Joanna Wanatowicz, Dyrektor Zarz\u0105dzaj\u0105ca Grafton Recruitment.<br \/>Wracaj\u0105cy z emigracji a polski rynek pracy <br \/>Eksperci Gi Group podkre\u015blaj\u0105, \u017ce powroty Polak\u00f3w mog\u0105 znacz\u0105co wzmocni\u0107 rodzimy rynek pracy, zw\u0142aszcza w bran\u017cach, w kt\u00f3rych zdobywali dodatkowe do\u015bwiadczenie. Jak pokazuje raport NBP, za granic\u0105 znajduj\u0105 zatrudnienie g\u0142\u00f3wnie w przemy\u015ble, budownictwie, hotelarstwie lub gastronomii, rolnictwie, ale tak\u017ce ochronie zdrowia lub pomocy spo\u0142ecznej. Pracuj\u0105 przede wszystkim jako robotnicy wykwalifikowani \u2013 w Niemczech stanowi\u0105 38% podejmuj\u0105cych tam prac\u0119 Polak\u00f3w, w Wielkiej Brytanii 40%, a w Niderlandach wr\u0119cz 51%. Co pi\u0105ty wykonuje natomiast proste prace w tych krajach. Znacznie rzadziej zajmuj\u0105 stanowiska wymagaj\u0105ce specjalistycznej wiedzy, kompetencji mened\u017cerskich lub zarz\u0105dczych.<br \/>Z raportu NBP wynika tak\u017ce, \u017ce wi\u0119kszo\u015b\u0107 z nich skupia\u0142a si\u0119 na pracy, nie uczy\u0142a si\u0119 i nie podnosi\u0142a kwalifikacji (63% w Niemczech, 64% w Wielkiej Brytanii, 73% w Niderlandach). Ci, kt\u00f3rzy si\u0119 dokszta\u0142cali, najcz\u0119\u015bciej wybierali kursy j\u0119zykowe (19% w Niemczech, 11% w Wielkiej Brytanii, 18% w Niderlandach) oraz szkolenia daj\u0105ce uprawnienia zawodowe &#8211; od 13 do 16%.<br \/>\u2013 Polacy znajduj\u0105 za granic\u0105 zatrudnienie najcz\u0119\u015bciej w przemy\u015ble, budownictwie, logistyce, hotelarstwie czy rolnictwie. Cz\u0119\u015b\u0107 z nich wykonuje proste zadania, inni pracuj\u0105 na stanowiskach wymagaj\u0105cych kwalifikacji, zdobywaj\u0105c do\u015bwiadczenie w mi\u0119dzynarodowym \u015brodowisku. Dlatego cho\u0107 wi\u0119kszo\u015b\u0107 reemigrant\u00f3w zasila rynek pracy w zawodach ni\u017cszego lub \u015bredniego szczebla, wielu z nich wnosi r\u00f3wnie\u017c unikalne kompetencje i know-how, kt\u00f3re mog\u0105 sta\u0107 si\u0119 realn\u0105 warto\u015bci\u0105 \u2013 t\u0142umaczy Agnieszka \u017bak, Dyrektor Regionalna Gi Group.<br \/>Reemigranci mog\u0105 wnie\u015b\u0107 do polskiej gospodarki warto\u015bciowe umiej\u0119tno\u015bci, takie jak znajomo\u015b\u0107 j\u0119zyk\u00f3w obcych na poziomie komunikatywnym, do\u015bwiadczenie czy elastyczno\u015b\u0107 wynikaj\u0105c\u0105 z pracy w r\u00f3\u017cnych bran\u017cach, cz\u0119sto o odmiennych standardach organizacyjnych. <br \/>\u2013 Reemigracja daje nowe mo\u017cliwo\u015bci powracaj\u0105cym, z kolei firmom pozwala uzupe\u0142nia\u0107 braki kadrowe i czerpa\u0107 z do\u015bwiadczenia zdobytego przez Polak\u00f3w za granic\u0105. Ostatecznie jednak to, czy Polacy b\u0119d\u0105 wraca\u0107 na sta\u0142e, zale\u017cy nie tylko od indywidualnych i osobistych motywacji, lecz od tego, czy Polska b\u0119dzie miejscem, do kt\u00f3rego naprawd\u0119 zechc\u0105 wraca\u0107 \u2013 daj\u0105cym poczucie stabilno\u015bci i perspektywy rozwoju \u2013 podkre\u015bla Anna Weso\u0142owska, Dyrektor Zarz\u0105dzaj\u0105ca Gi Group.<br \/>###<br \/>Gi Group Poland S.A.<br \/>Gi Group Poland S.A. jest wiod\u0105cym dostawc\u0105 kompleksowych us\u0142ug HR, \u015bwiadcz\u0105cym us\u0142ugi w zakresie doradztwa, zatrudnienia sta\u0142ego i tymczasowego oraz outsourcingu. Jest cz\u0119\u015bci\u0105 Gi Group Holding, \u015bwiatowego lidera w bran\u017cy rozwi\u0105za\u0144 rekrutacyjnych, dzia\u0142aj\u0105cego w 37 krajach w Europie, Azji, Afryce i obu Amerykach, plasuj\u0105cego si\u0119 na 9. miejscu w\u015br\u00f3d najwi\u0119kszych europejskich firm rekrutacyjnych i 19. pozycji na \u015bwiecie. W Polsce Gi Group Holding \u015bwiadczy us\u0142ugi w ramach czterech marek \u2013 Gi Group, Grafton Recruitment, Wyser oraz Thomas International. Wi\u0119cej: pl.gigroup.com<\/p><p>KONTAKT DLA MEDI\u00d3W <br \/>Dorota Zawadzka<br \/>Communications Manager, rzecznik prasowy Gi Group Holding w Polsce<br \/>E: dorota.zawadzka@gigroupholding.com<br \/>M: tel. +48 724 870 909<\/p><p>\u00a0<\/p>\t\t\t\t\t\t<\/div>\n\t\t\t\t<\/div>\n\t\t\t\t\t<\/div>\n\t\t<\/div>\n\t\t\t\t\t<\/div>\n\t\t<\/section>\n\t\t\t\t<section class=\"elementor-section elementor-top-section elementor-element elementor-element-740cb4e elementor-section-boxed elementor-section-height-default elementor-section-height-default\" data-id=\"740cb4e\" data-element_type=\"section\">\n\t\t\t\t\t\t<div class=\"elementor-container elementor-column-gap-default\">\n\t\t\t\t\t<div class=\"elementor-column elementor-col-100 elementor-top-column elementor-element elementor-element-63168d3\" data-id=\"63168d3\" data-element_type=\"column\">\n\t\t\t<div class=\"elementor-widget-wrap elementor-element-populated\">\n\t\t\t\t\t\t<div class=\"elementor-element elementor-element-9e6cd69 elementor-widget elementor-widget-image\" data-id=\"9e6cd69\" data-element_type=\"widget\" data-widget_type=\"image.default\">\n\t\t\t\t<div class=\"elementor-widget-container\">\n\t\t\t\t\t\t\t\t\t\t\t\t\t<img decoding=\"async\" width=\"800\" height=\"429\" src=\"https:\/\/www.gigroupholding.com\/polska\/wp-content\/uploads\/sites\/9\/2025\/10\/przeszkody-w-automatyzacji-w-zaleznosci-od-branzy-1024x549.png\" class=\"attachment-large size-large wp-image-36082\" alt=\"\" srcset=\"https:\/\/www.gigroupholding.com\/polska\/wp-content\/uploads\/sites\/9\/2025\/10\/przeszkody-w-automatyzacji-w-zaleznosci-od-branzy-1024x549.png 1024w, https:\/\/www.gigroupholding.com\/polska\/wp-content\/uploads\/sites\/9\/2025\/10\/przeszkody-w-automatyzacji-w-zaleznosci-od-branzy-300x161.png 300w, https:\/\/www.gigroupholding.com\/polska\/wp-content\/uploads\/sites\/9\/2025\/10\/przeszkody-w-automatyzacji-w-zaleznosci-od-branzy-768x411.png 768w, https:\/\/www.gigroupholding.com\/polska\/wp-content\/uploads\/sites\/9\/2025\/10\/przeszkody-w-automatyzacji-w-zaleznosci-od-branzy-1536x823.png 1536w, https:\/\/www.gigroupholding.com\/polska\/wp-content\/uploads\/sites\/9\/2025\/10\/przeszkody-w-automatyzacji-w-zaleznosci-od-branzy-2048x1097.png 2048w\" sizes=\"(max-width: 800px) 100vw, 800px\" \/>\t\t\t\t\t\t\t\t\t\t\t\t\t<\/div>\n\t\t\t\t<\/div>\n\t\t\t\t\t<\/div>\n\t\t<\/div>\n\t\t\t\t\t<\/div>\n\t\t<\/section>\n\t\t\t\t<section class=\"elementor-section elementor-top-section elementor-element elementor-element-dc3dcbf elementor-section-boxed elementor-section-height-default elementor-section-height-default\" data-id=\"dc3dcbf\" data-element_type=\"section\">\n\t\t\t\t\t\t<div class=\"elementor-container elementor-column-gap-default\">\n\t\t\t\t\t<div class=\"elementor-column elementor-col-100 elementor-top-column elementor-element elementor-element-938c17b\" data-id=\"938c17b\" data-element_type=\"column\">\n\t\t\t<div class=\"elementor-widget-wrap elementor-element-populated\">\n\t\t\t\t\t\t<div class=\"elementor-element elementor-element-965bd8d elementor-widget elementor-widget-text-editor\" data-id=\"965bd8d\" data-element_type=\"widget\" data-widget_type=\"text-editor.default\">\n\t\t\t\t<div class=\"elementor-widget-container\">\n\t\t\t\t\t\t\t<p>O sukcesie transformacji decyduj\u0105 wi\u0119c nie tylko dost\u0119pne technologie czy bud\u017cet, ale kompetencje zespo\u0142u, w tym kadry zarz\u0105dzaj\u0105cej. W logistyce istotna staje si\u0119 umiej\u0119tno\u015b\u0107 \u0142\u0105czenia wiedzy strategicznej z operacyjn\u0105 \u2013 identyfikowania proces\u00f3w o najwi\u0119kszym potencjale automatyzacyjnym, planowania zmian i zapewniania ich sp\u00f3jno\u015bci w skali ca\u0142ej organizacji.<\/p><p>Tak\u017ce raport EY Polska \u201eCyfrowa transformacja\u202f2024\u201d wskazuje, \u017ce brak kompetencji wewn\u0119trznych to jedna z g\u0142\u00f3wnych barier wdra\u017cania nowoczesnych rozwi\u0105za\u0144. W bran\u017cy TSL to w\u0142a\u015bnie kadra zarz\u0105dzaj\u0105ca staje si\u0119 kluczowym czynnikiem powodzenia transformacji. Chodzi nie tylko o znajomo\u015b\u0107 system\u00f3w, ale zdolno\u015b\u0107 zarz\u0105dzania zmian\u0105, kszta\u0142towania kultury cyfrowej i prowadzenia zespo\u0142\u00f3w w dynamicznym \u015brodowisku.<\/p><p>\u2013\u00a0 <em>Brakuje nie tylko ekspert\u00f3w od system\u00f3w IT, w tym klasy WMS. Kluczowym wyzwaniem jest niedob\u00f3r lider\u00f3w, kt\u00f3rzy wyznaczaj\u0105 kierunek zmian, potrafi\u0105 \u0142\u0105czy\u0107 znajomo\u015b\u0107 proces\u00f3w logistycznych z kompetencjami w obszarze zmian technologicznych \u2013 <\/em>t\u0142umaczy Agnieszka Mazurek-Szulim.<\/p><p>Jak podkre\u015blaj\u0105 eksperci, skuteczny lider transformacji nie dzia\u0142a w izolacji \u2013 musi wsp\u00f3\u0142pracowa\u0107 z dzia\u0142ami technologicznymi, ale te\u017c rozumie\u0107 ograniczenia operacyjne. Takie kompetencje rozwija si\u0119 nie tylko poprzez szkolenia, ale przede wszystkim poprzez praktyk\u0119 w realizacji projekt\u00f3w wdro\u017ceniowych.<\/p><h2><strong>Cyfryzacja wymaga gotowo\u015bci organizacyjnej<\/strong><\/h2><p>Analiza KPMG \u201eMonitor transformacji cyfrowej biznesu 2024\u201d pokazuje, \u017ce zaledwie 33% firm planuje zwi\u0119kszenie nak\u0142ad\u00f3w na cyfryzacj\u0119 w najbli\u017cszych 12 miesi\u0105cach, a tylko 18% przewiduje zwi\u0119kszenie zatrudnienia w tym obszarze. To dow\u00f3d, \u017ce niedob\u00f3r zasob\u00f3w ludzkich i brak strategicznego podej\u015bcia wci\u0105\u017c pozostaj\u0105 istotnym ograniczeniem.<\/p><p><em>\u2013 Najwi\u0119kszym zagro\u017ceniem dla polskiego przemys\u0142u, w tym dla firm sektora logistyki i transportu jest nie tylko niepewno\u015b\u0107 gospodarcza, ale tak\u017ce brak decyzji o inwestycjach w rozw\u00f3j. Jednak automatyzacja, cyfryzacja czy dzia\u0142ania propaguj\u0105ce \u201eclean industry\u201d to dzi\u015b po prostu konieczno\u015b\u0107, kt\u00f3ra decyduje o przewadze konkurencyjnej. Firmy, kt\u00f3re potraktuj\u0105 te obszary jako element d\u0142ugofalowej strategii, a nie dodatkowy koszt, b\u0119d\u0105 w stanie skutecznie odpowiedzie\u0107 na wyzwania rynku \u2013<\/em> t\u0142umaczy Danuta Protasewicz, Manager Regionalna w Grafton Recruitment.<\/p><p>Konieczne jest prowadzenie zr\u00f3wnowa\u017conych dzia\u0142a\u0144 \u2013 jednoczesne inwestowanie w infrastruktur\u0119 technologiczn\u0105 i rozw\u00f3j kompetencji pracownik\u00f3w. Bez tego cyfryzacja b\u0119dzie postrzegana jako dora\u017any projekt, a nie sta\u0142y proces buduj\u0105cy przewag\u0119 konkurencyjn\u0105.<\/p><p>\u2013 <em>Wyzwanie nie dotyczy dzi\u015b wy\u0142\u0105cznie wyboru narz\u0119dzi. To przede wszystkim kwestia przygotowania organizacyjnego. Aby transformacja by\u0142a skuteczna, potrzebne s\u0105 dzia\u0142ania sp\u00f3jne ze strategi\u0105 i struktur\u0105 firmy, ale te\u017c z jej kultur\u0105 pracy <\/em>\u2013 podkre\u015bla Pawe\u0142 Prociak, Dyrektor Zarz\u0105dzaj\u0105cy Wyser Executive Search.<\/p><h2><strong>Nowa struktura kompetencyjna rynku pracy<\/strong><\/h2><p>Post\u0119puj\u0105ca automatyzacja oraz cyfryzacja zmieniaj\u0105 profil zatrudnienia w logistyce. Klasyczne role fizyczne stopniowo ust\u0119puj\u0105 miejsca stanowiskom \u0142\u0105cz\u0105cym umiej\u0119tno\u015bci techniczne, analityczne i organizacyjne. Powstaj\u0105 funkcje hybrydowe, kt\u00f3re wymagaj\u0105 jednoczesnego zrozumienia proces\u00f3w operacyjnych i zdolno\u015bci do pracy z systemami klasy WMS czy TMS.<\/p><p>Wed\u0142ug raportu PARP \u201eWsparcie transformacji cyfrowej przedsi\u0119biorstw \u2013 wnioski na przysz\u0142o\u015b\u0107\u201d, firmy logistyczne sygnalizuj\u0105 trudno\u015bci w pozyskiwaniu pracownik\u00f3w o niezb\u0119dnych kompetencjach cyfrowych. Problemem jest nie tylko brak specjalistycznej wiedzy, ale te\u017c niewystarczaj\u0105ce umiej\u0119tno\u015bci mi\u0119kkie \u2013 takie jak adaptacyjno\u015b\u0107, my\u015blenie procesowe i praca zespo\u0142owa.<\/p><p>Z kolei \u201eBarometr Rynku Pracy\u201d wskazuje, \u017ce procesach rekrutacji firmy z sektora transportu i logistyki najcz\u0119\u015bciej zmagaj\u0105 si\u0119 z rezygnacj\u0105 kandydat\u00f3w (44%), niedopasowaniem kompetencji (41%) oraz brakiem kandydat\u00f3w (33%). Wyzwaniem, cho\u0107 mniejszym, s\u0105 tak\u017ce wysokie oczekiwania finansowe (26%) oraz trudno\u015bci zwi\u0105zane z trybem pracy \u2013 najcz\u0119\u015bciej zmianowym (23%). To potwierdza, \u017ce ograniczony dost\u0119p do wykwalifikowanej kadry nie tylko utrudnia bie\u017c\u0105ce procesy rekrutacyjne, ale tak\u017ce stanowi istotn\u0105 barier\u0119 dla wdra\u017cania i skalowania nowoczesnych rozwi\u0105za\u0144 technologicznych.<\/p><p>\u2013 <em>Dost\u0119p do nowoczesnych technologii to dzi\u015b tylko po\u0142owa sukcesu. R\u00f3wnie istotne s\u0105 kompetencje ca\u0142ego zespo\u0142u \u2013 od lider\u00f3w, kt\u00f3rzy wyznaczaj\u0105 kierunek transformacji, po pracownik\u00f3w realizuj\u0105cych codzienne procesy. Tylko wsp\u00f3\u0142praca wszystkich szczebli i budowa kultury organizacyjnej wspieraj\u0105cej cyfryzacj\u0119 pozwalaj\u0105 osi\u0105gn\u0105\u0107 oczekiwane efekty<\/em> \u2013 wyja\u015bnia Agnieszka Mazurek-Szulim, Manager Manufacturing &amp; Supply Chain\u00a0w Wyser Executive Search.<\/p><p>***<\/p><p><strong>Wyser<\/strong> jest nale\u017c\u0105c\u0105 do <a href=\"https:\/\/www.gigroupholding.com\/polska\/\">Gi Group Holding<\/a> firm\u0105 rekrutacyjn\u0105 o globalnym zasi\u0119gu, dzia\u0142aj\u0105c\u0105 w 12\u00a0krajach. Zesp\u00f3\u0142 do\u015bwiadczonych konsultant\u00f3w specjalizuje si\u0119 w doradztwie i rekrutacjach na\u00a0stanowiska kierownicze wy\u017cszego szczebla (Executive Search) oraz managerskie (Managerial Recruitment). Wspiera organizacje w analizie ich\u00a0potrzeb w obszarze HR, dopasowuj\u0105c profil rekrutowanych kandydat\u00f3w do oczekiwa\u0144 i potrzeb. Zapewnia doradztwo i wsparcie w konsekwentnym budowaniu \u015bcie\u017cki zawodowej manager\u00f3w. Wi\u0119cej na stronie: <a href=\"https:\/\/pl.wyser-search.com\/\">https:\/\/pl.wyser-search.com\/<\/a><\/p><p><strong>\u00a0<\/strong><\/p><p><strong>KONTAKT DLA MEDI\u00d3W:<\/strong><\/p><p><strong>Dorota Zawadzka, <\/strong>Communications Manager, rzecznik prasowy Gi Group Holding w Polsce<\/p><p>e-mail: <a href=\"mailto:dorota.zawadzka@gigroupholding.com\">dorota.zawadzka@gigroupholding.com<\/a>, tel. + 48\u00a0724\u00a0870\u00a0909<\/p>\t\t\t\t\t\t<\/div>\n\t\t\t\t<\/div>\n\t\t\t\t\t<\/div>\n\t\t<\/div>\n\t\t\t\t\t<\/div>\n\t\t<\/section>\n\t\t\t\t<section class=\"elementor-section elementor-top-section elementor-element elementor-element-fff3eab elementor-section-boxed elementor-section-height-default elementor-section-height-default\" data-id=\"fff3eab\" data-element_type=\"section\">\n\t\t\t\t\t\t<div class=\"elementor-container elementor-column-gap-default\">\n\t\t\t\t\t<div class=\"elementor-column elementor-col-100 elementor-top-column elementor-element elementor-element-5d4ee06\" data-id=\"5d4ee06\" data-element_type=\"column\">\n\t\t\t<div class=\"elementor-widget-wrap elementor-element-populated\">\n\t\t\t\t\t\t<div class=\"elementor-element elementor-element-92d9369 elementor-widget elementor-widget-image\" data-id=\"92d9369\" data-element_type=\"widget\" data-widget_type=\"image.default\">\n\t\t\t\t<div class=\"elementor-widget-container\">\n\t\t\t\t\t\t\t\t\t\t\t\t\t<img decoding=\"async\" width=\"800\" height=\"430\" src=\"https:\/\/www.gigroupholding.com\/polska\/wp-content\/uploads\/sites\/9\/2025\/10\/Co-jest-dla-Ciebie-najwazniejsze-w-pracy.-Raport-Grafton-Recruitment-1024x551.jpg\" class=\"attachment-large size-large wp-image-35691\" alt=\"\" srcset=\"https:\/\/www.gigroupholding.com\/polska\/wp-content\/uploads\/sites\/9\/2025\/10\/Co-jest-dla-Ciebie-najwazniejsze-w-pracy.-Raport-Grafton-Recruitment-1024x551.jpg 1024w, https:\/\/www.gigroupholding.com\/polska\/wp-content\/uploads\/sites\/9\/2025\/10\/Co-jest-dla-Ciebie-najwazniejsze-w-pracy.-Raport-Grafton-Recruitment-300x162.jpg 300w, https:\/\/www.gigroupholding.com\/polska\/wp-content\/uploads\/sites\/9\/2025\/10\/Co-jest-dla-Ciebie-najwazniejsze-w-pracy.-Raport-Grafton-Recruitment-768x413.jpg 768w, https:\/\/www.gigroupholding.com\/polska\/wp-content\/uploads\/sites\/9\/2025\/10\/Co-jest-dla-Ciebie-najwazniejsze-w-pracy.-Raport-Grafton-Recruitment.jpg 1200w\" sizes=\"(max-width: 800px) 100vw, 800px\" \/>\t\t\t\t\t\t\t\t\t\t\t\t\t<\/div>\n\t\t\t\t<\/div>\n\t\t\t\t\t<\/div>\n\t\t<\/div>\n\t\t\t\t\t<\/div>\n\t\t<\/section>\n\t\t\t\t<section class=\"elementor-section elementor-top-section elementor-element elementor-element-82770b0 elementor-section-boxed elementor-section-height-default elementor-section-height-default\" data-id=\"82770b0\" data-element_type=\"section\">\n\t\t\t\t\t\t<div class=\"elementor-container elementor-column-gap-default\">\n\t\t\t\t\t<div class=\"elementor-column elementor-col-100 elementor-top-column elementor-element elementor-element-6b3c939\" data-id=\"6b3c939\" data-element_type=\"column\">\n\t\t\t<div class=\"elementor-widget-wrap elementor-element-populated\">\n\t\t\t\t\t\t<div class=\"elementor-element elementor-element-6a808cf elementor-widget elementor-widget-text-editor\" data-id=\"6a808cf\" data-element_type=\"widget\" data-widget_type=\"text-editor.default\">\n\t\t\t\t<div class=\"elementor-widget-container\">\n\t\t\t\t\t\t\t<h2><strong>Pracownicy fizyczni czuj\u0105 si\u0119 pewniej ni\u017c specjali\u015bci i mened\u017cerowie<\/strong><\/h2><p>Eksperci podkre\u015blaj\u0105, \u017ce w 2025 roku nastroje pracownik\u00f3w sektora przemys\u0142owego s\u0105 wyra\u017anie zr\u00f3\u017cnicowane i pokazuj\u0105 spadek optymizmu \u2013 odsetek obawiaj\u0105cych si\u0119 o swoj\u0105 sytuacj\u0119 zawodow\u0105 wzr\u00f3s\u0142 z 19% w 2023 roku do 30% w 2025 roku.<\/p><p>Najbardziej stabilnie swoj\u0105 sytuacj\u0119 postrzegaj\u0105 pracownicy fizyczni, a\u017c 62% z nich deklaruje, \u017ce nie dostrzega zmian w swoim otoczeniu zawodowym, a kolejne 21% zauwa\u017ca rozw\u00f3j firmy. Jedynie 17% sygnalizuje brak stabilno\u015bci i obawy o utrat\u0119 pracy. Mniej optymistycznie sytuacj\u0119 oceniaj\u0105 mened\u017cerowie i specjali\u015bci. W\u015br\u00f3d mened\u017cer\u00f3w 42% nie dostrzega zmian, 28% zauwa\u017ca rozw\u00f3j organizacji, a a\u017c 30% obawia si\u0119 zwolnienia. Podobne opinie maj\u0105 specjali\u015bci, stabilno\u015b\u0107 deklaruje 41%, rozw\u00f3j 23%, natomiast 36% odczuwa brak bezpiecze\u0144stwa zatrudnienia. R\u00f3wnocze\u015bnie znacz\u0105co zmala\u0142a liczba respondent\u00f3w dostrzegaj\u0105cych rozw\u00f3j swojej firmy \u2013 obecnie to 24%, wobec niemal 41% w 2023 roku.<\/p><p>\u2013 \u00a0<em>Poczucie stabilno\u015bci zawodowej w sektorze przemys\u0142owym rozk\u0142ada si\u0119 nier\u00f3wnomiernie. Pracownicy fizyczni patrz\u0105 na swoj\u0105 sytuacj\u0119 z wi\u0119kszym spokojem ni\u017c specjali\u015bci i mened\u017cerowie. To zjawisko wskazuje, \u017ce ryzyko zawodowe coraz cz\u0119\u015bciej koncentruje si\u0119 w obszarach wymagaj\u0105cych wy\u017cszych kompetencji technicznych i odpowiedzialno\u015bci za procesy biznesowe. W praktyce oznacza to, \u017ce nie tylko niedob\u00f3r kadr, ale tak\u017ce rosn\u0105ca presja wynikaj\u0105ca z globalnej konkurencji i cyfryzacji mo\u017ce w kolejnych latach wp\u0142ywa\u0107 na pog\u0142\u0119bianie si\u0119 r\u00f3\u017cnic w nastrojach poszczeg\u00f3lnych grup pracownik\u00f3w<\/em> \u2013 podkre\u015bla Agnieszka \u017bak, Dyrektor Regionalna w Gi Group.<\/p><p>Rosn\u0105ce znaczenie stabilno\u015bci zatrudnienia pokazuje, \u017ce pracownicy coraz uwa\u017cniej oceniaj\u0105 ryzyko zawodowe. Oczekuj\u0105 od firm nie tylko atrakcyjnych warunk\u00f3w finansowych, ale te\u017c poczucia bezpiecze\u0144stwa i przewidywalno\u015bci. To sygna\u0142, \u017ce strategie zatrudnienia musz\u0105 by\u0107 dzi\u015b oparte na zaufaniu i d\u0142ugofalowym budowaniu relacji z zespo\u0142em.<\/p><p><strong>Link do pe\u0142nej wersji raportu<\/strong>: https:\/\/pl.grafton.com\/pl\/raport-wynagrodzen-w-sektorze-przemyslowym-2025<\/p><p><strong>Informacje o raporcie: <\/strong>\u201eRaport wynagrodze\u0144 w sektorze przemys\u0142owym 2025\u201d to ju\u017c \u00f3sma edycja cyklicznego opracowania przygotowanego przez ekspert\u00f3w Grafton Recruitment we wsp\u00f3\u0142pracy z Gi Group. Badanie zosta\u0142o przeprowadzone w II kwartale 2025 roku i obj\u0119\u0142o analiz\u0119 8228 rekord\u00f3w z bazy kandydat\u00f3w oraz dane dotycz\u0105ce bud\u017cet\u00f3w wynagrodze\u0144 154 firm z sektora przemys\u0142owego. Raport zawiera zestawienia wynagrodze\u0144 dla ponad 200 stanowisk \u2013 od pracownik\u00f3w fizycznych, przez specjalist\u00f3w, a\u017c po kadr\u0119 mened\u017cersk\u0105 \u2013 w r\u00f3\u017cnych obszarach przemys\u0142u, takich jak farmacja i chemia, motoryzacja i produkcja urz\u0105dze\u0144, FMCG, badania i rozw\u00f3j, centra in\u017cynieryjne i dystrybucyjne oraz budownictwo. Uwzgl\u0119dnia tak\u017ce nowe role, zwi\u0105zane m.in. z automatyk\u0105, robotyzacj\u0105 i ESG. Publikacja zosta\u0142a wzbogacona komentarzami ekspert\u00f3w oraz wynikami ankiet przeprowadzonych w\u015br\u00f3d pracownik\u00f3w i pracodawc\u00f3w, kt\u00f3re pokazuj\u0105 aktualne wyzwania i perspektywy rozwoju sektora.<\/p><p>***<\/p><p><strong>Grafton Recruitment<\/strong> to mi\u0119dzynarodowa firma rekrutacyjna dzia\u0142aj\u0105ca od 1982 roku, specjalizuj\u0105ca si\u0119 w\u00a0rekrutacjach na stanowiska specjalistyczne, kierownicze \u015bredniego i wy\u017cszego szczebla. Poprzez sie\u0107 lokalnych oddzia\u0142\u00f3w w najwi\u0119kszych polskich miastach wspiera firmy i kandydat\u00f3w w rekrutacjach w obszarze pracy sta\u0142ej i tymczasowej, outsourcingu, IT contractingu i RPO. Wachlarz us\u0142ug dope\u0142nia doradztwo inwestycyjne i doradztwo HR, analizy i raporty rynkowe. Grafton Recruitment jest te\u017c wy\u0142\u0105cznym dostawc\u0105 narz\u0119dzi Thomas International w Polsce. Od 2018 roku jest cz\u0119\u015bci\u0105 Gi Group Holding, mi\u0119dzynarodowej agencji pracy nale\u017c\u0105cej do czo\u0142\u00f3wki \u015bwiatowych lider\u00f3w bran\u017cy rozwi\u0105za\u0144 rekrutacyjnych. Grupa posiada biura w 57 krajach w Europie, Azji, Afryce i\u00a0Amerykach. Wi\u0119cej: <a href=\"http:\/\/www.grafton.pl\">www.grafton.pl<\/a><\/p><p><strong>KONTAKT DLA MEDI\u00d3W:<\/strong><\/p><p><strong>Dorota Zawadzka<\/strong>, Communication Manager, rzecznik prasowy Gi Group Holding w Polsce<\/p><p>e-mail: <a href=\"mailto:dorota.zawadzka@gigroup.com\">dorota.zawadzka@gigroup.com<\/a>\u00a0 tel. + 48 724 870 909<\/p>\t\t\t\t\t\t<\/div>\n\t\t\t\t<\/div>\n\t\t\t\t\t<\/div>\n\t\t<\/div>\n\t\t\t\t\t<\/div>\n\t\t<\/section>\n\t\t\t\t<\/div>\n\t\t","protected":false},"excerpt":{"rendered":"<p>Coraz wi\u0119cej Polak\u00f3w decyduje si\u0119 na powr\u00f3t z emigracji. Po latach lub miesi\u0105cach sp\u0119dzonych za granic\u0105 w poszukiwaniu lepszych zarobk\u00f3w i stabilizacji coraz cz\u0119\u015bciej wybieraj\u0105 \u017cycie w kraju. Powody decyzji s\u0105 r\u00f3\u017cne \u2013 od wi\u0119zi rodzinnych, przez poprawiaj\u0105ce si\u0119 warunki zatrudnienia, po poczucie bezpiecze\u0144stwa. Eksperci Gi Group podkre\u015blaj\u0105, \u017ce ten trend mo\u017ce by\u0107 wa\u017cn\u0105 odpowiedzi\u0105 na wyzwania demograficzne oraz realnym wsparciem dla polskiego rynku pracy i gospodarki.<\/p>\n","protected":false},"author":55,"featured_media":36637,"comment_status":"open","ping_status":"open","sticky":false,"template":"","format":"standard","meta":{"_acf_changed":false,"footnotes":"","_links_to":"","_links_to_target":""},"categories":[39,97],"tags":[],"class_list":["post-36499","post","type-post","status-publish","format-standard","has-post-thumbnail","hentry","category-biznes","category-centrum-prasowe"],"acf":[],"yoast_head":"<!-- This site is optimized with the Yoast SEO plugin v23.9 - https:\/\/yoast.com\/wordpress\/plugins\/seo\/ -->\n<title>W poszukiwaniu lepszych perspektyw \u2013 mi\u0119dzy emigracj\u0105 a powrotem do kraju. Reemigracja Polak\u00f3w: rosn\u0105cy trend i szansa dla polskiego rynku pracy - Gi Group Holding Polska<\/title>\n<meta name=\"description\" content=\"Wdro\u017cenia sztucznej inteligencji, robotyzacji i automatyzacji w logistyce przebiegaj\u0105 w Polsce zbyt wolno, oceniaj\u0105 eksperci. Kluczowe znaczenie w tym procesie - obok ogranicze\u0144 infrastruktury IT - ma niedob\u00f3r wykwalifikowanych pracownik\u00f3w i brak umiej\u0119tno\u015bci cyfrowych, w tym tak\u017ce kadry zarz\u0105dzaj\u0105cej, kt\u00f3ra wyznacza kierunek transformacji i decyduje o jej wdro\u017ceniu.\" \/>\n<meta name=\"robots\" content=\"index, follow, max-snippet:-1, max-image-preview:large, max-video-preview:-1\" \/>\n<link rel=\"canonical\" href=\"https:\/\/www.gigroupholding.com\/polska\/w-poszukiwaniu-lepszych-perspektyw-miedzy-emigracja-a-powrotem-do-pracy\/\" \/>\n<meta property=\"og:locale\" content=\"pl_PL\" \/>\n<meta property=\"og:type\" content=\"article\" \/>\n<meta property=\"og:title\" content=\"W poszukiwaniu lepszych perspektyw \u2013 mi\u0119dzy emigracj\u0105 a powrotem do kraju. Reemigracja Polak\u00f3w: rosn\u0105cy trend i szansa dla polskiego rynku pracy - Gi Group Holding Polska\" \/>\n<meta property=\"og:description\" content=\"Wdro\u017cenia sztucznej inteligencji, robotyzacji i automatyzacji w logistyce przebiegaj\u0105 w Polsce zbyt wolno, oceniaj\u0105 eksperci. Kluczowe znaczenie w tym procesie - obok ogranicze\u0144 infrastruktury IT - ma niedob\u00f3r wykwalifikowanych pracownik\u00f3w i brak umiej\u0119tno\u015bci cyfrowych, w tym tak\u017ce kadry zarz\u0105dzaj\u0105cej, kt\u00f3ra wyznacza kierunek transformacji i decyduje o jej wdro\u017ceniu.\" \/>\n<meta property=\"og:url\" content=\"https:\/\/www.gigroupholding.com\/polska\/w-poszukiwaniu-lepszych-perspektyw-miedzy-emigracja-a-powrotem-do-pracy\/\" \/>\n<meta property=\"og:site_name\" content=\"Gi Group Holding Polska\" \/>\n<meta property=\"article:published_time\" content=\"2025-11-12T10:14:39+00:00\" \/>\n<meta property=\"article:modified_time\" content=\"2025-11-12T10:14:51+00:00\" \/>\n<meta property=\"og:image\" content=\"https:\/\/www.gigroupholding.com\/polska\/wp-content\/uploads\/sites\/9\/2025\/11\/zamiar-emigracji-zarobkowej-na-przestrzeni-lat_1.png\" \/>\n\t<meta property=\"og:image:width\" content=\"2251\" \/>\n\t<meta property=\"og:image:height\" content=\"1144\" \/>\n\t<meta property=\"og:image:type\" content=\"image\/png\" \/>\n<meta name=\"author\" content=\"kkowol\" \/>\n<meta name=\"twitter:card\" content=\"summary_large_image\" \/>\n<meta name=\"twitter:label1\" content=\"Written by\" \/>\n\t<meta name=\"twitter:data1\" content=\"kkowol\" \/>\n\t<meta name=\"twitter:label2\" content=\"Est. reading time\" \/>\n\t<meta name=\"twitter:data2\" content=\"17 minutes\" \/>\n<script type=\"application\/ld+json\" class=\"yoast-schema-graph\">{\"@context\":\"https:\/\/schema.org\",\"@graph\":[{\"@type\":\"WebPage\",\"@id\":\"https:\/\/www.gigroupholding.com\/polska\/w-poszukiwaniu-lepszych-perspektyw-miedzy-emigracja-a-powrotem-do-pracy\/\",\"url\":\"https:\/\/www.gigroupholding.com\/polska\/w-poszukiwaniu-lepszych-perspektyw-miedzy-emigracja-a-powrotem-do-pracy\/\",\"name\":\"W poszukiwaniu lepszych perspektyw \u2013 mi\u0119dzy emigracj\u0105 a powrotem do kraju. Reemigracja Polak\u00f3w: rosn\u0105cy trend i szansa dla polskiego rynku pracy - Gi Group Holding Polska\",\"isPartOf\":{\"@id\":\"https:\/\/www.gigroupholding.com\/polska\/#website\"},\"primaryImageOfPage\":{\"@id\":\"https:\/\/www.gigroupholding.com\/polska\/w-poszukiwaniu-lepszych-perspektyw-miedzy-emigracja-a-powrotem-do-pracy\/#primaryimage\"},\"image\":{\"@id\":\"https:\/\/www.gigroupholding.com\/polska\/w-poszukiwaniu-lepszych-perspektyw-miedzy-emigracja-a-powrotem-do-pracy\/#primaryimage\"},\"thumbnailUrl\":\"https:\/\/www.gigroupholding.com\/polska\/wp-content\/uploads\/sites\/9\/2025\/11\/zamiar-emigracji-zarobkowej-na-przestrzeni-lat_1.png\",\"datePublished\":\"2025-11-12T10:14:39+00:00\",\"dateModified\":\"2025-11-12T10:14:51+00:00\",\"author\":{\"@id\":\"https:\/\/www.gigroupholding.com\/polska\/#\/schema\/person\/dee87061eaac52886a6ccb2ac7289fb0\"},\"description\":\"Wdro\u017cenia sztucznej inteligencji, robotyzacji i automatyzacji w logistyce przebiegaj\u0105 w Polsce zbyt wolno, oceniaj\u0105 eksperci. Kluczowe znaczenie w tym procesie - obok ogranicze\u0144 infrastruktury IT - ma niedob\u00f3r wykwalifikowanych pracownik\u00f3w i brak umiej\u0119tno\u015bci cyfrowych, w tym tak\u017ce kadry zarz\u0105dzaj\u0105cej, kt\u00f3ra wyznacza kierunek transformacji i decyduje o jej wdro\u017ceniu.\",\"breadcrumb\":{\"@id\":\"https:\/\/www.gigroupholding.com\/polska\/w-poszukiwaniu-lepszych-perspektyw-miedzy-emigracja-a-powrotem-do-pracy\/#breadcrumb\"},\"inLanguage\":\"pl-PL\",\"potentialAction\":[{\"@type\":\"ReadAction\",\"target\":[\"https:\/\/www.gigroupholding.com\/polska\/w-poszukiwaniu-lepszych-perspektyw-miedzy-emigracja-a-powrotem-do-pracy\/\"]}]},{\"@type\":\"ImageObject\",\"inLanguage\":\"pl-PL\",\"@id\":\"https:\/\/www.gigroupholding.com\/polska\/w-poszukiwaniu-lepszych-perspektyw-miedzy-emigracja-a-powrotem-do-pracy\/#primaryimage\",\"url\":\"https:\/\/www.gigroupholding.com\/polska\/wp-content\/uploads\/sites\/9\/2025\/11\/zamiar-emigracji-zarobkowej-na-przestrzeni-lat_1.png\",\"contentUrl\":\"https:\/\/www.gigroupholding.com\/polska\/wp-content\/uploads\/sites\/9\/2025\/11\/zamiar-emigracji-zarobkowej-na-przestrzeni-lat_1.png\",\"width\":2251,\"height\":1144},{\"@type\":\"BreadcrumbList\",\"@id\":\"https:\/\/www.gigroupholding.com\/polska\/w-poszukiwaniu-lepszych-perspektyw-miedzy-emigracja-a-powrotem-do-pracy\/#breadcrumb\",\"itemListElement\":[{\"@type\":\"ListItem\",\"position\":1,\"name\":\"Centrum prasowe\",\"item\":\"https:\/\/www.gigroupholding.com\/polska\/category\/centrum-prasowe\/\"},{\"@type\":\"ListItem\",\"position\":2,\"name\":\"W poszukiwaniu lepszych perspektyw \u2013 mi\u0119dzy emigracj\u0105 a powrotem do kraju. Reemigracja Polak\u00f3w: rosn\u0105cy trend i szansa dla polskiego rynku pracy\"}]},{\"@type\":\"WebSite\",\"@id\":\"https:\/\/www.gigroupholding.com\/polska\/#website\",\"url\":\"https:\/\/www.gigroupholding.com\/polska\/\",\"name\":\"Gi Group Holding Polska\",\"description\":\"\",\"potentialAction\":[{\"@type\":\"SearchAction\",\"target\":{\"@type\":\"EntryPoint\",\"urlTemplate\":\"https:\/\/www.gigroupholding.com\/polska\/?s={search_term_string}\"},\"query-input\":{\"@type\":\"PropertyValueSpecification\",\"valueRequired\":true,\"valueName\":\"search_term_string\"}}],\"inLanguage\":\"pl-PL\"},{\"@type\":\"Person\",\"@id\":\"https:\/\/www.gigroupholding.com\/polska\/#\/schema\/person\/dee87061eaac52886a6ccb2ac7289fb0\",\"name\":\"kkowol\",\"image\":{\"@type\":\"ImageObject\",\"inLanguage\":\"pl-PL\",\"@id\":\"https:\/\/www.gigroupholding.com\/polska\/#\/schema\/person\/image\/\",\"url\":\"https:\/\/secure.gravatar.com\/avatar\/1f3c1b4ed4c41242ce9de6aafbc08afb?s=96&d=mm&r=g\",\"contentUrl\":\"https:\/\/secure.gravatar.com\/avatar\/1f3c1b4ed4c41242ce9de6aafbc08afb?s=96&d=mm&r=g\",\"caption\":\"kkowol\"},\"url\":\"https:\/\/www.gigroupholding.com\/polska\/author\/kkowol\/\"}]}<\/script>\n<!-- \/ Yoast SEO plugin. -->","yoast_head_json":{"title":"W poszukiwaniu lepszych perspektyw \u2013 mi\u0119dzy emigracj\u0105 a powrotem do kraju. Reemigracja Polak\u00f3w: rosn\u0105cy trend i szansa dla polskiego rynku pracy - Gi Group Holding Polska","description":"Wdro\u017cenia sztucznej inteligencji, robotyzacji i automatyzacji w logistyce przebiegaj\u0105 w Polsce zbyt wolno, oceniaj\u0105 eksperci. Kluczowe znaczenie w tym procesie - obok ogranicze\u0144 infrastruktury IT - ma niedob\u00f3r wykwalifikowanych pracownik\u00f3w i brak umiej\u0119tno\u015bci cyfrowych, w tym tak\u017ce kadry zarz\u0105dzaj\u0105cej, kt\u00f3ra wyznacza kierunek transformacji i decyduje o jej wdro\u017ceniu.","robots":{"index":"index","follow":"follow","max-snippet":"max-snippet:-1","max-image-preview":"max-image-preview:large","max-video-preview":"max-video-preview:-1"},"canonical":"https:\/\/www.gigroupholding.com\/polska\/w-poszukiwaniu-lepszych-perspektyw-miedzy-emigracja-a-powrotem-do-pracy\/","og_locale":"pl_PL","og_type":"article","og_title":"W poszukiwaniu lepszych perspektyw \u2013 mi\u0119dzy emigracj\u0105 a powrotem do kraju. Reemigracja Polak\u00f3w: rosn\u0105cy trend i szansa dla polskiego rynku pracy - Gi Group Holding Polska","og_description":"Wdro\u017cenia sztucznej inteligencji, robotyzacji i automatyzacji w logistyce przebiegaj\u0105 w Polsce zbyt wolno, oceniaj\u0105 eksperci. Kluczowe znaczenie w tym procesie - obok ogranicze\u0144 infrastruktury IT - ma niedob\u00f3r wykwalifikowanych pracownik\u00f3w i brak umiej\u0119tno\u015bci cyfrowych, w tym tak\u017ce kadry zarz\u0105dzaj\u0105cej, kt\u00f3ra wyznacza kierunek transformacji i decyduje o jej wdro\u017ceniu.","og_url":"https:\/\/www.gigroupholding.com\/polska\/w-poszukiwaniu-lepszych-perspektyw-miedzy-emigracja-a-powrotem-do-pracy\/","og_site_name":"Gi Group Holding Polska","article_published_time":"2025-11-12T10:14:39+00:00","article_modified_time":"2025-11-12T10:14:51+00:00","og_image":[{"width":2251,"height":1144,"url":"https:\/\/www.gigroupholding.com\/polska\/wp-content\/uploads\/sites\/9\/2025\/11\/zamiar-emigracji-zarobkowej-na-przestrzeni-lat_1.png","type":"image\/png"}],"author":"kkowol","twitter_card":"summary_large_image","twitter_misc":{"Written by":"kkowol","Est. reading time":"17 minutes"},"schema":{"@context":"https:\/\/schema.org","@graph":[{"@type":"WebPage","@id":"https:\/\/www.gigroupholding.com\/polska\/w-poszukiwaniu-lepszych-perspektyw-miedzy-emigracja-a-powrotem-do-pracy\/","url":"https:\/\/www.gigroupholding.com\/polska\/w-poszukiwaniu-lepszych-perspektyw-miedzy-emigracja-a-powrotem-do-pracy\/","name":"W poszukiwaniu lepszych perspektyw \u2013 mi\u0119dzy emigracj\u0105 a powrotem do kraju. Reemigracja Polak\u00f3w: rosn\u0105cy trend i szansa dla polskiego rynku pracy - Gi Group Holding Polska","isPartOf":{"@id":"https:\/\/www.gigroupholding.com\/polska\/#website"},"primaryImageOfPage":{"@id":"https:\/\/www.gigroupholding.com\/polska\/w-poszukiwaniu-lepszych-perspektyw-miedzy-emigracja-a-powrotem-do-pracy\/#primaryimage"},"image":{"@id":"https:\/\/www.gigroupholding.com\/polska\/w-poszukiwaniu-lepszych-perspektyw-miedzy-emigracja-a-powrotem-do-pracy\/#primaryimage"},"thumbnailUrl":"https:\/\/www.gigroupholding.com\/polska\/wp-content\/uploads\/sites\/9\/2025\/11\/zamiar-emigracji-zarobkowej-na-przestrzeni-lat_1.png","datePublished":"2025-11-12T10:14:39+00:00","dateModified":"2025-11-12T10:14:51+00:00","author":{"@id":"https:\/\/www.gigroupholding.com\/polska\/#\/schema\/person\/dee87061eaac52886a6ccb2ac7289fb0"},"description":"Wdro\u017cenia sztucznej inteligencji, robotyzacji i automatyzacji w logistyce przebiegaj\u0105 w Polsce zbyt wolno, oceniaj\u0105 eksperci. Kluczowe znaczenie w tym procesie - obok ogranicze\u0144 infrastruktury IT - ma niedob\u00f3r wykwalifikowanych pracownik\u00f3w i brak umiej\u0119tno\u015bci cyfrowych, w tym tak\u017ce kadry zarz\u0105dzaj\u0105cej, kt\u00f3ra wyznacza kierunek transformacji i decyduje o jej wdro\u017ceniu.","breadcrumb":{"@id":"https:\/\/www.gigroupholding.com\/polska\/w-poszukiwaniu-lepszych-perspektyw-miedzy-emigracja-a-powrotem-do-pracy\/#breadcrumb"},"inLanguage":"pl-PL","potentialAction":[{"@type":"ReadAction","target":["https:\/\/www.gigroupholding.com\/polska\/w-poszukiwaniu-lepszych-perspektyw-miedzy-emigracja-a-powrotem-do-pracy\/"]}]},{"@type":"ImageObject","inLanguage":"pl-PL","@id":"https:\/\/www.gigroupholding.com\/polska\/w-poszukiwaniu-lepszych-perspektyw-miedzy-emigracja-a-powrotem-do-pracy\/#primaryimage","url":"https:\/\/www.gigroupholding.com\/polska\/wp-content\/uploads\/sites\/9\/2025\/11\/zamiar-emigracji-zarobkowej-na-przestrzeni-lat_1.png","contentUrl":"https:\/\/www.gigroupholding.com\/polska\/wp-content\/uploads\/sites\/9\/2025\/11\/zamiar-emigracji-zarobkowej-na-przestrzeni-lat_1.png","width":2251,"height":1144},{"@type":"BreadcrumbList","@id":"https:\/\/www.gigroupholding.com\/polska\/w-poszukiwaniu-lepszych-perspektyw-miedzy-emigracja-a-powrotem-do-pracy\/#breadcrumb","itemListElement":[{"@type":"ListItem","position":1,"name":"Centrum prasowe","item":"https:\/\/www.gigroupholding.com\/polska\/category\/centrum-prasowe\/"},{"@type":"ListItem","position":2,"name":"W poszukiwaniu lepszych perspektyw \u2013 mi\u0119dzy emigracj\u0105 a powrotem do kraju. Reemigracja Polak\u00f3w: rosn\u0105cy trend i szansa dla polskiego rynku pracy"}]},{"@type":"WebSite","@id":"https:\/\/www.gigroupholding.com\/polska\/#website","url":"https:\/\/www.gigroupholding.com\/polska\/","name":"Gi Group Holding Polska","description":"","potentialAction":[{"@type":"SearchAction","target":{"@type":"EntryPoint","urlTemplate":"https:\/\/www.gigroupholding.com\/polska\/?s={search_term_string}"},"query-input":{"@type":"PropertyValueSpecification","valueRequired":true,"valueName":"search_term_string"}}],"inLanguage":"pl-PL"},{"@type":"Person","@id":"https:\/\/www.gigroupholding.com\/polska\/#\/schema\/person\/dee87061eaac52886a6ccb2ac7289fb0","name":"kkowol","image":{"@type":"ImageObject","inLanguage":"pl-PL","@id":"https:\/\/www.gigroupholding.com\/polska\/#\/schema\/person\/image\/","url":"https:\/\/secure.gravatar.com\/avatar\/1f3c1b4ed4c41242ce9de6aafbc08afb?s=96&d=mm&r=g","contentUrl":"https:\/\/secure.gravatar.com\/avatar\/1f3c1b4ed4c41242ce9de6aafbc08afb?s=96&d=mm&r=g","caption":"kkowol"},"url":"https:\/\/www.gigroupholding.com\/polska\/author\/kkowol\/"}]}},"_links":{"self":[{"href":"https:\/\/www.gigroupholding.com\/polska\/wp-json\/wp\/v2\/posts\/36499","targetHints":{"allow":["GET"]}}],"collection":[{"href":"https:\/\/www.gigroupholding.com\/polska\/wp-json\/wp\/v2\/posts"}],"about":[{"href":"https:\/\/www.gigroupholding.com\/polska\/wp-json\/wp\/v2\/types\/post"}],"author":[{"embeddable":true,"href":"https:\/\/www.gigroupholding.com\/polska\/wp-json\/wp\/v2\/users\/55"}],"replies":[{"embeddable":true,"href":"https:\/\/www.gigroupholding.com\/polska\/wp-json\/wp\/v2\/comments?post=36499"}],"version-history":[{"count":7,"href":"https:\/\/www.gigroupholding.com\/polska\/wp-json\/wp\/v2\/posts\/36499\/revisions"}],"predecessor-version":[{"id":36646,"href":"https:\/\/www.gigroupholding.com\/polska\/wp-json\/wp\/v2\/posts\/36499\/revisions\/36646"}],"wp:featuredmedia":[{"embeddable":true,"href":"https:\/\/www.gigroupholding.com\/polska\/wp-json\/wp\/v2\/media\/36637"}],"wp:attachment":[{"href":"https:\/\/www.gigroupholding.com\/polska\/wp-json\/wp\/v2\/media?parent=36499"}],"wp:term":[{"taxonomy":"category","embeddable":true,"href":"https:\/\/www.gigroupholding.com\/polska\/wp-json\/wp\/v2\/categories?post=36499"},{"taxonomy":"post_tag","embeddable":true,"href":"https:\/\/www.gigroupholding.com\/polska\/wp-json\/wp\/v2\/tags?post=36499"}],"curies":[{"name":"wp","href":"https:\/\/api.w.org\/{rel}","templated":true}]}}