{"id":14998,"date":"2023-11-06T10:18:21","date_gmt":"2023-11-06T10:18:21","guid":{"rendered":"https:\/\/www.gigroupholding.com\/polska\/?p=14998"},"modified":"2023-11-06T10:18:44","modified_gmt":"2023-11-06T10:18:44","slug":"antonio-carvelli-w-radzie-rynku-pracy-miasta-stolecznego-warszawy","status":"publish","type":"post","link":"https:\/\/www.gigroupholding.com\/polska\/antonio-carvelli-w-radzie-rynku-pracy-miasta-stolecznego-warszawy\/","title":{"rendered":"Antonio Carvelli w Radzie Rynku Pracy miasta sto\u0142ecznego Warszawy\u00a0"},"content":{"rendered":"\t\t<div data-elementor-type=\"wp-post\" data-elementor-id=\"14998\" class=\"elementor elementor-14998\" data-elementor-post-type=\"post\">\n\t\t\t\t\t\t<section class=\"elementor-section elementor-top-section elementor-element elementor-element-fa26515 elementor-section-boxed elementor-section-height-default elementor-section-height-default\" data-id=\"fa26515\" data-element_type=\"section\">\n\t\t\t\t\t\t<div class=\"elementor-container elementor-column-gap-default\">\n\t\t\t\t\t<div class=\"elementor-column elementor-col-100 elementor-top-column elementor-element elementor-element-2232129\" data-id=\"2232129\" data-element_type=\"column\">\n\t\t\t<div class=\"elementor-widget-wrap\">\n\t\t\t\t\t\t\t<\/div>\n\t\t<\/div>\n\t\t\t\t\t<\/div>\n\t\t<\/section>\n\t\t\t\t<section class=\"elementor-section elementor-top-section elementor-element elementor-element-5ef4560 elementor-section-boxed elementor-section-height-default elementor-section-height-default\" data-id=\"5ef4560\" data-element_type=\"section\">\n\t\t\t\t\t\t<div class=\"elementor-container elementor-column-gap-default\">\n\t\t\t\t\t<div class=\"elementor-column elementor-col-100 elementor-top-column elementor-element elementor-element-eaf8039\" data-id=\"eaf8039\" data-element_type=\"column\">\n\t\t\t<div class=\"elementor-widget-wrap elementor-element-populated\">\n\t\t\t\t\t\t<div class=\"elementor-element elementor-element-4625538 elementor-widget elementor-widget-heading\" data-id=\"4625538\" data-element_type=\"widget\" data-widget_type=\"heading.default\">\n\t\t\t\t<div class=\"elementor-widget-container\">\n\t\t\t<h2 class=\"elementor-heading-title elementor-size-default\">Antonio Carvelli w Radzie Rynku Pracy miasta sto\u0142ecznego Warszawy<\/h2>\t\t<\/div>\n\t\t\t\t<\/div>\n\t\t\t\t\t<\/div>\n\t\t<\/div>\n\t\t\t\t\t<\/div>\n\t\t<\/section>\n\t\t\t\t<section class=\"elementor-section elementor-top-section elementor-element elementor-element-1cc85e6 elementor-section-boxed elementor-section-height-default elementor-section-height-default\" data-id=\"1cc85e6\" data-element_type=\"section\">\n\t\t\t\t\t\t<div class=\"elementor-container elementor-column-gap-default\">\n\t\t\t\t\t<div class=\"elementor-column elementor-col-100 elementor-top-column elementor-element elementor-element-17ce2a9\" data-id=\"17ce2a9\" data-element_type=\"column\">\n\t\t\t<div class=\"elementor-widget-wrap elementor-element-populated\">\n\t\t\t\t\t\t<div class=\"elementor-element elementor-element-f2d7387 elementor-widget elementor-widget-text-editor\" data-id=\"f2d7387\" data-element_type=\"widget\" data-widget_type=\"text-editor.default\">\n\t\t\t\t<div class=\"elementor-widget-container\">\n\t\t\t\t\t\t\t<p><strong>Antonio Carvelli, szef sekcji rynku pracy Federacji Przedsi\u0119biorc\u00f3w Polskich i wiceprezes Zarz\u0105du Gi Group Poland S.A. zosta\u0142 wybrany do Rady Rynku Pracy, organu opiniodawczo-doradczego Prezydenta m.st. Warszawy w sprawach polityki zatrudnienia. B\u0119dzie uczestniczy\u0142 w pracach Rady przez najbli\u017csze cztery lata. <\/strong><\/p>\t\t\t\t\t\t<\/div>\n\t\t\t\t<\/div>\n\t\t\t\t\t<\/div>\n\t\t<\/div>\n\t\t\t\t\t<\/div>\n\t\t<\/section>\n\t\t\t\t<section class=\"elementor-section elementor-top-section elementor-element elementor-element-023dd40 elementor-section-boxed elementor-section-height-default elementor-section-height-default\" data-id=\"023dd40\" data-element_type=\"section\">\n\t\t\t\t\t\t<div class=\"elementor-container elementor-column-gap-default\">\n\t\t\t\t\t<div class=\"elementor-column elementor-col-100 elementor-top-column elementor-element elementor-element-021473e\" data-id=\"021473e\" data-element_type=\"column\">\n\t\t\t<div class=\"elementor-widget-wrap elementor-element-populated\">\n\t\t\t\t\t\t<div class=\"elementor-element elementor-element-8651a2c elementor-widget elementor-widget-text-editor\" data-id=\"8651a2c\" data-element_type=\"widget\" data-widget_type=\"text-editor.default\">\n\t\t\t\t<div class=\"elementor-widget-container\">\n\t\t\t\t\t\t\t<p>Razem z pozosta\u0142ymi cz\u0142onkami Rady Rynku Pracy m.st. Warszawy Antonio Carvelli b\u0119dzie podejmowa\u0142 dzia\u0142ania maj\u0105ce na celu budowanie efektywnego zatrudnienia. B\u0119dzie ocenia\u0142 kryteria podzia\u0142u i racjonalno\u015bci gospodarowania \u015brodkami Funduszu Pracy, opiniowa\u0142 okresowe sprawozdania z dzia\u0142alno\u015bci urz\u0119du pracy oraz inicjatyw zwi\u0105zanych z kierunkami kszta\u0142cenia i szkolenia zawodowego. Do obowi\u0105zk\u00f3w Rady b\u0119dzie te\u017c nale\u017ca\u0142o delegowanie przedstawicieli do komisji konkursowej dokonuj\u0105cej wyboru kandydata na stanowisko dyrektora urz\u0119du pracy oraz opiniowanie wniosk\u00f3w o jego odwo\u0142anie.<\/p><p><em>\u2013 Uczestnictwo w dzia\u0142aniach Rady pozwoli nam jeszcze bardziej zaanga\u017cowa\u0107 si\u0119 w rozwi\u0105zywanie problem\u00f3w zwi\u0105zanych z rynkiem pracy, a tak\u017ce w budowanie wi\u0119kszych szans rozwoju i bezpiecze\u0144stwa zatrudnienia. To szczeg\u00f3lnie istotne w kontek\u015bcie obecnych wyzwa\u0144 zwi\u0105zanych z sytuacj\u0105 gospodarcz\u0105, starzej\u0105cym si\u0119 spo\u0142ecze\u0144stwem, niedoborem pracownik\u00f3w, aktywizacj\u0105 zawodow\u0105 niepracuj\u0105cych czy niedostosowaniem edukacji do potrzeb firm \u2013 <\/em>komentuje Antonio Carvelli, wiceprezes Gi Group Poland S.A.<\/p><p>Wyb\u00f3r cz\u0142onk\u00f3w Rady Rynku Pracy nast\u0105pi\u0142 na mocy ustawy z dnia 20 kwietnia 2004 r. o promocji zatrudnienia i instytucjach rynku pracy. W sk\u0142ad Rady weszli przedstawiciele organizacji zwi\u0105zkowych, pracodawc\u00f3w, spo\u0142eczno-zawodowych organizacji rolnik\u00f3w oraz jednostek pozarz\u0105dowych zajmuj\u0105cych si\u0119 problematyk\u0105 rynku pracy oraz samorz\u0105du terytorialnego i nauki.<\/p><p>W lipcu 2023 roku Antonio Carvelli do\u0142\u0105czy\u0142 do Rady Rynku Pracy, organu opiniodawczo-doradczego Ministra Rodziny i Spraw Spo\u0142ecznych w sprawach polityki rynku pracy na lata 2023-2027.<\/p><p><strong>Gi Group Holding <\/strong><\/p><p>Gi Group Holding to mi\u0119dzynarodowa agencja pracy nale\u017c\u0105ca do czo\u0142\u00f3wki \u015bwiatowych lider\u00f3w bran\u017cy rozwi\u0105za\u0144 rekrutacyjnych. Jest obecna w 57 krajach &#8211; z czego w 30 bezpo\u015brednio &#8211; w Europie, Azji, Afryce i\u00a0Amerykach. W Polsce dzia\u0142a od 2007 roku, zapewniaj\u0105c kompleksowe us\u0142ugi doradztwa w obszarze HR, optymalizacji zatrudnienia oraz rekrutacji pracownik\u00f3w wszystkich szczebli w ramach marek: Gi Group (rekrutacja oraz zatrudnienie sta\u0142e i\u00a0czasowe pracownik\u00f3w ni\u017cszego szczebla, outsourcing), Grafton Recruitment (rekrutacja specjalist\u00f3w oraz na stanowiska kierownicze), Wyser (rekrutacja manager\u00f3w wy\u017cszego i \u015bredniego szczebla) oraz Thomas International (narz\u0119dzia psychometryczne wspieraj\u0105ce rekrutacj\u0119 i rozw\u00f3j). Wi\u0119cejwww.gigroupholding.com\/polska<\/p><p><strong><br \/>KONTAKT DLA MEDI\u00d3W<\/strong><\/p><p><strong>Dorota Zawadzka<\/strong><\/p><p>Communications Manager, rzecznik prasowy Gi Group Holding w Polsce<br \/>E: dorota.zawadzka@gigroup.com<br \/>M:+ 48 724 870 909<\/p>\t\t\t\t\t\t<\/div>\n\t\t\t\t<\/div>\n\t\t\t\t\t<\/div>\n\t\t<\/div>\n\t\t\t\t\t<\/div>\n\t\t<\/section>\n\t\t\t\t<\/div>\n\t\t","protected":false},"excerpt":{"rendered":"<p>Antonio Carvelli, szef sekcji rynku pracy Federacji Przedsi\u0119biorc\u00f3w Polskich i wiceprezes Zarz\u0105du Gi Group Poland S.A. zosta\u0142 wybrany do Rady Rynku Pracy, organu opiniodawczo-doradczego Prezydenta m.st. Warszawy w sprawach polityki zatrudnienia. B\u0119dzie uczestniczy\u0142 w pracach Rady przez najbli\u017csze cztery lata. <\/p>\n","protected":false},"author":25,"featured_media":14999,"comment_status":"closed","ping_status":"open","sticky":false,"template":"","format":"standard","meta":{"_acf_changed":false,"footnotes":"","_links_to":"","_links_to_target":""},"categories":[39,97,1],"tags":[],"class_list":["post-14998","post","type-post","status-publish","format-standard","has-post-thumbnail","hentry","category-biznes","category-centrum-prasowe","category-organizacja"],"acf":[],"yoast_head":"<!-- This site is optimized with the Yoast SEO plugin v23.9 - https:\/\/yoast.com\/wordpress\/plugins\/seo\/ -->\n<title>Antonio Carvelli w Radzie Rynku Pracy miasta sto\u0142ecznego Warszawy\u00a0 - Gi Group Holding Polska<\/title>\n<meta name=\"description\" content=\"Antonio Carvelli, szef sekcji rynku pracy Federacji Przedsi\u0119biorc\u00f3w Polskich i wiceprezes Zarz\u0105du Gi Group Poland S.A. zosta\u0142 wybrany do Rady Rynku Pracy, organu opiniodawczo-doradczego Prezydenta m.st. Warszawy w sprawach polityki zatrudnienia. B\u0119dzie uczestniczy\u0142 w pracach Rady przez najbli\u017csze cztery lata.\" \/>\n<meta name=\"robots\" content=\"index, follow, max-snippet:-1, max-image-preview:large, max-video-preview:-1\" \/>\n<link rel=\"canonical\" href=\"https:\/\/www.gigroupholding.com\/polska\/antonio-carvelli-w-radzie-rynku-pracy-miasta-stolecznego-warszawy\/\" \/>\n<meta property=\"og:locale\" content=\"pl_PL\" \/>\n<meta property=\"og:type\" content=\"article\" \/>\n<meta property=\"og:title\" content=\"Antonio Carvelli w Radzie Rynku Pracy miasta sto\u0142ecznego Warszawy\u00a0 - Gi Group Holding Polska\" \/>\n<meta property=\"og:description\" content=\"Antonio Carvelli, szef sekcji rynku pracy Federacji Przedsi\u0119biorc\u00f3w Polskich i wiceprezes Zarz\u0105du Gi Group Poland S.A. zosta\u0142 wybrany do Rady Rynku Pracy, organu opiniodawczo-doradczego Prezydenta m.st. Warszawy w sprawach polityki zatrudnienia. B\u0119dzie uczestniczy\u0142 w pracach Rady przez najbli\u017csze cztery lata.\" \/>\n<meta property=\"og:url\" content=\"https:\/\/www.gigroupholding.com\/polska\/antonio-carvelli-w-radzie-rynku-pracy-miasta-stolecznego-warszawy\/\" \/>\n<meta property=\"og:site_name\" content=\"Gi Group Holding Polska\" \/>\n<meta property=\"article:published_time\" content=\"2023-11-06T10:18:21+00:00\" \/>\n<meta property=\"article:modified_time\" content=\"2023-11-06T10:18:44+00:00\" \/>\n<meta property=\"og:image\" content=\"https:\/\/www.gigroupholding.com\/polska\/wp-content\/uploads\/sites\/9\/2023\/11\/Antonio-Carvelli-Gi-Group-scaled.jpg\" \/>\n\t<meta property=\"og:image:width\" content=\"1707\" \/>\n\t<meta property=\"og:image:height\" content=\"2560\" \/>\n\t<meta property=\"og:image:type\" content=\"image\/jpeg\" \/>\n<meta name=\"author\" content=\"kjankowski\" \/>\n<meta name=\"twitter:card\" content=\"summary_large_image\" \/>\n<meta name=\"twitter:label1\" content=\"Written by\" \/>\n\t<meta name=\"twitter:data1\" content=\"kjankowski\" \/>\n\t<meta name=\"twitter:label2\" content=\"Est. reading time\" \/>\n\t<meta name=\"twitter:data2\" content=\"3 minutes\" \/>\n<script type=\"application\/ld+json\" class=\"yoast-schema-graph\">{\"@context\":\"https:\/\/schema.org\",\"@graph\":[{\"@type\":\"WebPage\",\"@id\":\"https:\/\/www.gigroupholding.com\/polska\/antonio-carvelli-w-radzie-rynku-pracy-miasta-stolecznego-warszawy\/\",\"url\":\"https:\/\/www.gigroupholding.com\/polska\/antonio-carvelli-w-radzie-rynku-pracy-miasta-stolecznego-warszawy\/\",\"name\":\"Antonio Carvelli w Radzie Rynku Pracy miasta sto\u0142ecznego Warszawy\u00a0 - Gi Group Holding Polska\",\"isPartOf\":{\"@id\":\"https:\/\/www.gigroupholding.com\/polska\/#website\"},\"primaryImageOfPage\":{\"@id\":\"https:\/\/www.gigroupholding.com\/polska\/antonio-carvelli-w-radzie-rynku-pracy-miasta-stolecznego-warszawy\/#primaryimage\"},\"image\":{\"@id\":\"https:\/\/www.gigroupholding.com\/polska\/antonio-carvelli-w-radzie-rynku-pracy-miasta-stolecznego-warszawy\/#primaryimage\"},\"thumbnailUrl\":\"https:\/\/www.gigroupholding.com\/polska\/wp-content\/uploads\/sites\/9\/2023\/11\/Antonio-Carvelli-Gi-Group-scaled.jpg\",\"datePublished\":\"2023-11-06T10:18:21+00:00\",\"dateModified\":\"2023-11-06T10:18:44+00:00\",\"author\":{\"@id\":\"https:\/\/www.gigroupholding.com\/polska\/#\/schema\/person\/e84e3f8466dccd58077903ce690bd777\"},\"description\":\"Antonio Carvelli, szef sekcji rynku pracy Federacji Przedsi\u0119biorc\u00f3w Polskich i wiceprezes Zarz\u0105du Gi Group Poland S.A. zosta\u0142 wybrany do Rady Rynku Pracy, organu opiniodawczo-doradczego Prezydenta m.st. Warszawy w sprawach polityki zatrudnienia. B\u0119dzie uczestniczy\u0142 w pracach Rady przez najbli\u017csze cztery lata.\",\"breadcrumb\":{\"@id\":\"https:\/\/www.gigroupholding.com\/polska\/antonio-carvelli-w-radzie-rynku-pracy-miasta-stolecznego-warszawy\/#breadcrumb\"},\"inLanguage\":\"pl-PL\",\"potentialAction\":[{\"@type\":\"ReadAction\",\"target\":[\"https:\/\/www.gigroupholding.com\/polska\/antonio-carvelli-w-radzie-rynku-pracy-miasta-stolecznego-warszawy\/\"]}]},{\"@type\":\"ImageObject\",\"inLanguage\":\"pl-PL\",\"@id\":\"https:\/\/www.gigroupholding.com\/polska\/antonio-carvelli-w-radzie-rynku-pracy-miasta-stolecznego-warszawy\/#primaryimage\",\"url\":\"https:\/\/www.gigroupholding.com\/polska\/wp-content\/uploads\/sites\/9\/2023\/11\/Antonio-Carvelli-Gi-Group-scaled.jpg\",\"contentUrl\":\"https:\/\/www.gigroupholding.com\/polska\/wp-content\/uploads\/sites\/9\/2023\/11\/Antonio-Carvelli-Gi-Group-scaled.jpg\",\"width\":1707,\"height\":2560},{\"@type\":\"BreadcrumbList\",\"@id\":\"https:\/\/www.gigroupholding.com\/polska\/antonio-carvelli-w-radzie-rynku-pracy-miasta-stolecznego-warszawy\/#breadcrumb\",\"itemListElement\":[{\"@type\":\"ListItem\",\"position\":1,\"name\":\"Centrum prasowe\",\"item\":\"https:\/\/www.gigroupholding.com\/polska\/category\/centrum-prasowe\/\"},{\"@type\":\"ListItem\",\"position\":2,\"name\":\"Antonio Carvelli w Radzie Rynku Pracy miasta sto\u0142ecznego Warszawy\u00a0\"}]},{\"@type\":\"WebSite\",\"@id\":\"https:\/\/www.gigroupholding.com\/polska\/#website\",\"url\":\"https:\/\/www.gigroupholding.com\/polska\/\",\"name\":\"Gi Group Holding Polska\",\"description\":\"\",\"potentialAction\":[{\"@type\":\"SearchAction\",\"target\":{\"@type\":\"EntryPoint\",\"urlTemplate\":\"https:\/\/www.gigroupholding.com\/polska\/?s={search_term_string}\"},\"query-input\":{\"@type\":\"PropertyValueSpecification\",\"valueRequired\":true,\"valueName\":\"search_term_string\"}}],\"inLanguage\":\"pl-PL\"},{\"@type\":\"Person\",\"@id\":\"https:\/\/www.gigroupholding.com\/polska\/#\/schema\/person\/e84e3f8466dccd58077903ce690bd777\",\"name\":\"kjankowski\",\"image\":{\"@type\":\"ImageObject\",\"inLanguage\":\"pl-PL\",\"@id\":\"https:\/\/www.gigroupholding.com\/polska\/#\/schema\/person\/image\/\",\"url\":\"https:\/\/secure.gravatar.com\/avatar\/3c385e874c1a49fb71169c73e05a2fe6?s=96&d=mm&r=g\",\"contentUrl\":\"https:\/\/secure.gravatar.com\/avatar\/3c385e874c1a49fb71169c73e05a2fe6?s=96&d=mm&r=g\",\"caption\":\"kjankowski\"},\"url\":\"https:\/\/www.gigroupholding.com\/polska\/author\/kjankowski\/\"}]}<\/script>\n<!-- \/ Yoast SEO plugin. -->","yoast_head_json":{"title":"Antonio Carvelli w Radzie Rynku Pracy miasta sto\u0142ecznego Warszawy\u00a0 - Gi Group Holding Polska","description":"Antonio Carvelli, szef sekcji rynku pracy Federacji Przedsi\u0119biorc\u00f3w Polskich i wiceprezes Zarz\u0105du Gi Group Poland S.A. zosta\u0142 wybrany do Rady Rynku Pracy, organu opiniodawczo-doradczego Prezydenta m.st. Warszawy w sprawach polityki zatrudnienia. B\u0119dzie uczestniczy\u0142 w pracach Rady przez najbli\u017csze cztery lata.","robots":{"index":"index","follow":"follow","max-snippet":"max-snippet:-1","max-image-preview":"max-image-preview:large","max-video-preview":"max-video-preview:-1"},"canonical":"https:\/\/www.gigroupholding.com\/polska\/antonio-carvelli-w-radzie-rynku-pracy-miasta-stolecznego-warszawy\/","og_locale":"pl_PL","og_type":"article","og_title":"Antonio Carvelli w Radzie Rynku Pracy miasta sto\u0142ecznego Warszawy\u00a0 - Gi Group Holding Polska","og_description":"Antonio Carvelli, szef sekcji rynku pracy Federacji Przedsi\u0119biorc\u00f3w Polskich i wiceprezes Zarz\u0105du Gi Group Poland S.A. zosta\u0142 wybrany do Rady Rynku Pracy, organu opiniodawczo-doradczego Prezydenta m.st. Warszawy w sprawach polityki zatrudnienia. B\u0119dzie uczestniczy\u0142 w pracach Rady przez najbli\u017csze cztery lata.","og_url":"https:\/\/www.gigroupholding.com\/polska\/antonio-carvelli-w-radzie-rynku-pracy-miasta-stolecznego-warszawy\/","og_site_name":"Gi Group Holding Polska","article_published_time":"2023-11-06T10:18:21+00:00","article_modified_time":"2023-11-06T10:18:44+00:00","og_image":[{"width":1707,"height":2560,"url":"https:\/\/www.gigroupholding.com\/polska\/wp-content\/uploads\/sites\/9\/2023\/11\/Antonio-Carvelli-Gi-Group-scaled.jpg","type":"image\/jpeg"}],"author":"kjankowski","twitter_card":"summary_large_image","twitter_misc":{"Written by":"kjankowski","Est. reading time":"3 minutes"},"schema":{"@context":"https:\/\/schema.org","@graph":[{"@type":"WebPage","@id":"https:\/\/www.gigroupholding.com\/polska\/antonio-carvelli-w-radzie-rynku-pracy-miasta-stolecznego-warszawy\/","url":"https:\/\/www.gigroupholding.com\/polska\/antonio-carvelli-w-radzie-rynku-pracy-miasta-stolecznego-warszawy\/","name":"Antonio Carvelli w Radzie Rynku Pracy miasta sto\u0142ecznego Warszawy\u00a0 - Gi Group Holding Polska","isPartOf":{"@id":"https:\/\/www.gigroupholding.com\/polska\/#website"},"primaryImageOfPage":{"@id":"https:\/\/www.gigroupholding.com\/polska\/antonio-carvelli-w-radzie-rynku-pracy-miasta-stolecznego-warszawy\/#primaryimage"},"image":{"@id":"https:\/\/www.gigroupholding.com\/polska\/antonio-carvelli-w-radzie-rynku-pracy-miasta-stolecznego-warszawy\/#primaryimage"},"thumbnailUrl":"https:\/\/www.gigroupholding.com\/polska\/wp-content\/uploads\/sites\/9\/2023\/11\/Antonio-Carvelli-Gi-Group-scaled.jpg","datePublished":"2023-11-06T10:18:21+00:00","dateModified":"2023-11-06T10:18:44+00:00","author":{"@id":"https:\/\/www.gigroupholding.com\/polska\/#\/schema\/person\/e84e3f8466dccd58077903ce690bd777"},"description":"Antonio Carvelli, szef sekcji rynku pracy Federacji Przedsi\u0119biorc\u00f3w Polskich i wiceprezes Zarz\u0105du Gi Group Poland S.A. zosta\u0142 wybrany do Rady Rynku Pracy, organu opiniodawczo-doradczego Prezydenta m.st. Warszawy w sprawach polityki zatrudnienia. B\u0119dzie uczestniczy\u0142 w pracach Rady przez najbli\u017csze cztery lata.","breadcrumb":{"@id":"https:\/\/www.gigroupholding.com\/polska\/antonio-carvelli-w-radzie-rynku-pracy-miasta-stolecznego-warszawy\/#breadcrumb"},"inLanguage":"pl-PL","potentialAction":[{"@type":"ReadAction","target":["https:\/\/www.gigroupholding.com\/polska\/antonio-carvelli-w-radzie-rynku-pracy-miasta-stolecznego-warszawy\/"]}]},{"@type":"ImageObject","inLanguage":"pl-PL","@id":"https:\/\/www.gigroupholding.com\/polska\/antonio-carvelli-w-radzie-rynku-pracy-miasta-stolecznego-warszawy\/#primaryimage","url":"https:\/\/www.gigroupholding.com\/polska\/wp-content\/uploads\/sites\/9\/2023\/11\/Antonio-Carvelli-Gi-Group-scaled.jpg","contentUrl":"https:\/\/www.gigroupholding.com\/polska\/wp-content\/uploads\/sites\/9\/2023\/11\/Antonio-Carvelli-Gi-Group-scaled.jpg","width":1707,"height":2560},{"@type":"BreadcrumbList","@id":"https:\/\/www.gigroupholding.com\/polska\/antonio-carvelli-w-radzie-rynku-pracy-miasta-stolecznego-warszawy\/#breadcrumb","itemListElement":[{"@type":"ListItem","position":1,"name":"Centrum prasowe","item":"https:\/\/www.gigroupholding.com\/polska\/category\/centrum-prasowe\/"},{"@type":"ListItem","position":2,"name":"Antonio Carvelli w Radzie Rynku Pracy miasta sto\u0142ecznego Warszawy\u00a0"}]},{"@type":"WebSite","@id":"https:\/\/www.gigroupholding.com\/polska\/#website","url":"https:\/\/www.gigroupholding.com\/polska\/","name":"Gi Group Holding Polska","description":"","potentialAction":[{"@type":"SearchAction","target":{"@type":"EntryPoint","urlTemplate":"https:\/\/www.gigroupholding.com\/polska\/?s={search_term_string}"},"query-input":{"@type":"PropertyValueSpecification","valueRequired":true,"valueName":"search_term_string"}}],"inLanguage":"pl-PL"},{"@type":"Person","@id":"https:\/\/www.gigroupholding.com\/polska\/#\/schema\/person\/e84e3f8466dccd58077903ce690bd777","name":"kjankowski","image":{"@type":"ImageObject","inLanguage":"pl-PL","@id":"https:\/\/www.gigroupholding.com\/polska\/#\/schema\/person\/image\/","url":"https:\/\/secure.gravatar.com\/avatar\/3c385e874c1a49fb71169c73e05a2fe6?s=96&d=mm&r=g","contentUrl":"https:\/\/secure.gravatar.com\/avatar\/3c385e874c1a49fb71169c73e05a2fe6?s=96&d=mm&r=g","caption":"kjankowski"},"url":"https:\/\/www.gigroupholding.com\/polska\/author\/kjankowski\/"}]}},"_links":{"self":[{"href":"https:\/\/www.gigroupholding.com\/polska\/wp-json\/wp\/v2\/posts\/14998","targetHints":{"allow":["GET"]}}],"collection":[{"href":"https:\/\/www.gigroupholding.com\/polska\/wp-json\/wp\/v2\/posts"}],"about":[{"href":"https:\/\/www.gigroupholding.com\/polska\/wp-json\/wp\/v2\/types\/post"}],"author":[{"embeddable":true,"href":"https:\/\/www.gigroupholding.com\/polska\/wp-json\/wp\/v2\/users\/25"}],"replies":[{"embeddable":true,"href":"https:\/\/www.gigroupholding.com\/polska\/wp-json\/wp\/v2\/comments?post=14998"}],"version-history":[{"count":5,"href":"https:\/\/www.gigroupholding.com\/polska\/wp-json\/wp\/v2\/posts\/14998\/revisions"}],"predecessor-version":[{"id":15005,"href":"https:\/\/www.gigroupholding.com\/polska\/wp-json\/wp\/v2\/posts\/14998\/revisions\/15005"}],"wp:featuredmedia":[{"embeddable":true,"href":"https:\/\/www.gigroupholding.com\/polska\/wp-json\/wp\/v2\/media\/14999"}],"wp:attachment":[{"href":"https:\/\/www.gigroupholding.com\/polska\/wp-json\/wp\/v2\/media?parent=14998"}],"wp:term":[{"taxonomy":"category","embeddable":true,"href":"https:\/\/www.gigroupholding.com\/polska\/wp-json\/wp\/v2\/categories?post=14998"},{"taxonomy":"post_tag","embeddable":true,"href":"https:\/\/www.gigroupholding.com\/polska\/wp-json\/wp\/v2\/tags?post=14998"}],"curies":[{"name":"wp","href":"https:\/\/api.w.org\/{rel}","templated":true}]}}