{"id":53674,"date":"2024-04-18T08:53:23","date_gmt":"2024-04-18T08:53:23","guid":{"rendered":"https:\/\/www.gigroupholding.com\/espana\/?p=53674"},"modified":"2024-05-02T12:00:35","modified_gmt":"2024-05-02T12:00:35","slug":"evento-iese-cambio-generacional","status":"publish","type":"post","link":"https:\/\/www.gigroupholding.com\/espana\/evento-iese-cambio-generacional\/","title":{"rendered":"Evento IESE: Gesti\u00f3n de Carrera y Cambio Generacional"},"content":{"rendered":"\t\t<div data-elementor-type=\"wp-post\" data-elementor-id=\"53674\" class=\"elementor elementor-53674\" data-elementor-post-type=\"post\">\n\t\t\t\t\t\t<section class=\"elementor-section elementor-top-section elementor-element elementor-element-2d3d7b1 elementor-section-boxed elementor-section-height-default elementor-section-height-default\" data-id=\"2d3d7b1\" data-element_type=\"section\" data-settings=\"{&quot;background_background&quot;:&quot;classic&quot;}\">\n\t\t\t\t\t\t<div class=\"elementor-container elementor-column-gap-default\">\n\t\t\t\t\t<div class=\"elementor-column elementor-col-100 elementor-top-column elementor-element elementor-element-a61ced5\" data-id=\"a61ced5\" data-element_type=\"column\">\n\t\t\t<div class=\"elementor-widget-wrap elementor-element-populated\">\n\t\t\t\t\t\t<div class=\"elementor-element elementor-element-4977cb8 elementor-widget elementor-widget-heading\" data-id=\"4977cb8\" data-element_type=\"widget\" data-widget_type=\"heading.default\">\n\t\t\t\t<div class=\"elementor-widget-container\">\n\t\t\t<p class=\"elementor-heading-title elementor-size-default\">News - El cambio generacional y las tendencias en los equipos de RRHH.<\/p>\t\t<\/div>\n\t\t\t\t<\/div>\n\t\t\t\t<div class=\"elementor-element elementor-element-f1e8d83 elementor-widget elementor-widget-spacer\" data-id=\"f1e8d83\" data-element_type=\"widget\" data-widget_type=\"spacer.default\">\n\t\t\t\t<div class=\"elementor-widget-container\">\n\t\t\t\t\t<div class=\"elementor-spacer\">\n\t\t\t<div class=\"elementor-spacer-inner\"><\/div>\n\t\t<\/div>\n\t\t\t\t<\/div>\n\t\t\t\t<\/div>\n\t\t\t\t<div class=\"elementor-element elementor-element-0899b76 elementor-widget elementor-widget-heading\" data-id=\"0899b76\" data-element_type=\"widget\" data-widget_type=\"heading.default\">\n\t\t\t\t<div class=\"elementor-widget-container\">\n\t\t\t<h2 class=\"elementor-heading-title elementor-size-default\">Patricia Barroso participa en el Evento IESE: Gesti\u00f3n de Carrera y Cambio Generacional<\/h2>\t\t<\/div>\n\t\t\t\t<\/div>\n\t\t\t\t<div class=\"elementor-element elementor-element-7c1e6d0 elementor-widget elementor-widget-spacer\" data-id=\"7c1e6d0\" data-element_type=\"widget\" data-widget_type=\"spacer.default\">\n\t\t\t\t<div class=\"elementor-widget-container\">\n\t\t\t\t\t<div class=\"elementor-spacer\">\n\t\t\t<div class=\"elementor-spacer-inner\"><\/div>\n\t\t<\/div>\n\t\t\t\t<\/div>\n\t\t\t\t<\/div>\n\t\t\t\t<div class=\"elementor-element elementor-element-5829a65 max-width-940 elementor-widget elementor-widget-heading\" data-id=\"5829a65\" data-element_type=\"widget\" data-widget_type=\"heading.default\">\n\t\t\t\t<div class=\"elementor-widget-container\">\n\t\t\t<p class=\"elementor-heading-title elementor-size-default\">Patricia Barroso, Country Manager de Gi Group Holding, enfatiz\u00f3 la importancia de compartir el talento dentro de las empresas, sin importar la generaci\u00f3n. <\/p>\t\t<\/div>\n\t\t\t\t<\/div>\n\t\t\t\t\t<\/div>\n\t\t<\/div>\n\t\t\t\t\t<\/div>\n\t\t<\/section>\n\t\t\t\t<section class=\"elementor-section elementor-top-section elementor-element elementor-element-b004013 elementor-section-boxed elementor-section-height-default elementor-section-height-default\" data-id=\"b004013\" data-element_type=\"section\">\n\t\t\t\t\t\t<div class=\"elementor-container elementor-column-gap-default\">\n\t\t\t\t\t<div class=\"elementor-column elementor-col-100 elementor-top-column elementor-element elementor-element-480b442\" data-id=\"480b442\" data-element_type=\"column\">\n\t\t\t<div class=\"elementor-widget-wrap elementor-element-populated\">\n\t\t\t\t\t\t<div class=\"elementor-element elementor-element-84aac98 elementor-widget__width-initial elementor-widget elementor-widget-text-editor\" data-id=\"84aac98\" data-element_type=\"widget\" data-widget_type=\"text-editor.default\">\n\t\t\t\t<div class=\"elementor-widget-container\">\n\t\t\t\t\t\t\t<p>En un mundo empresarial en constante evoluci\u00f3n, la gesti\u00f3n de carrera y el cambio generacional se han convertido en temas cruciales. Las organizaciones deben adaptarse a las <strong>diferentes generaciones que coexisten en sus equipos,<\/strong> aprovechando sus habilidades y experiencias para lograr un a<strong>mbiente de trabajo productivo y armonioso.<\/strong><\/p>\t\t\t\t\t\t<\/div>\n\t\t\t\t<\/div>\n\t\t\t\t<div class=\"elementor-element elementor-element-94d01f8 elementor-widget elementor-widget-heading\" data-id=\"94d01f8\" data-element_type=\"widget\" data-widget_type=\"heading.default\">\n\t\t\t\t<div class=\"elementor-widget-container\">\n\t\t\t<h3 class=\"elementor-heading-title elementor-size-default\">Evento IESE Afterwork<\/h3>\t\t<\/div>\n\t\t\t\t<\/div>\n\t\t\t\t<div class=\"elementor-element elementor-element-8b235da elementor-widget__width-initial elementor-widget elementor-widget-text-editor\" data-id=\"8b235da\" data-element_type=\"widget\" data-widget_type=\"text-editor.default\">\n\t\t\t\t<div class=\"elementor-widget-container\">\n\t\t\t\t\t\t\t<p>El 24 de abril se celebr\u00f3 el evento IESE AfterWork: \u00abGesti\u00f3n de Carrera y Cambio Generacional\u00bb, donde\u00a0 donde los IESE Alumni, l\u00edderes en sus \u00e1reas, compartieron las tendencias en RRHH, as\u00ed como el compromiso de equipos intergeneracionales, y el impacto de la tecnolog\u00eda en los puestos de trabajo.<\/p><p>Entre ellos se encontr\u00f3 Patricia Barroso, Country Manager de Gi Group Holding, quien particip\u00f3 en una charla imprescindible de la mano de dos grandes profesionales; Maria Allende, Human Resources Director at Est\u00e9e Lauder y David Martin, HR Director at AF Steelcase.\u00a0<\/p>\t\t\t\t\t\t<\/div>\n\t\t\t\t<\/div>\n\t\t\t\t\t<\/div>\n\t\t<\/div>\n\t\t\t\t\t<\/div>\n\t\t<\/section>\n\t\t\t\t<section class=\"elementor-section elementor-top-section elementor-element elementor-element-9c07b2c elementor-section-boxed elementor-section-height-default elementor-section-height-default\" data-id=\"9c07b2c\" data-element_type=\"section\">\n\t\t\t\t\t\t<div class=\"elementor-container elementor-column-gap-default\">\n\t\t\t\t\t<div class=\"elementor-column elementor-col-100 elementor-top-column elementor-element elementor-element-076a54d\" data-id=\"076a54d\" data-element_type=\"column\">\n\t\t\t<div class=\"elementor-widget-wrap elementor-element-populated\">\n\t\t\t\t\t\t<div class=\"elementor-element elementor-element-60b37d6 elementor-widget elementor-widget-image\" data-id=\"60b37d6\" data-element_type=\"widget\" data-widget_type=\"image.default\">\n\t\t\t\t<div class=\"elementor-widget-container\">\n\t\t\t\t\t\t\t\t\t\t\t\t\t<img fetchpriority=\"high\" decoding=\"async\" width=\"800\" height=\"450\" src=\"https:\/\/www.gigroupholding.com\/espana\/wp-content\/uploads\/sites\/4\/2024\/04\/evento-iese.png\" class=\"attachment-large size-large wp-image-54610\" alt=\"cambio generacional\" srcset=\"https:\/\/www.gigroupholding.com\/espana\/wp-content\/uploads\/sites\/4\/2024\/04\/evento-iese.png 800w, https:\/\/www.gigroupholding.com\/espana\/wp-content\/uploads\/sites\/4\/2024\/04\/evento-iese-300x169.png 300w, https:\/\/www.gigroupholding.com\/espana\/wp-content\/uploads\/sites\/4\/2024\/04\/evento-iese-768x432.png 768w\" sizes=\"(max-width: 800px) 100vw, 800px\" \/>\t\t\t\t\t\t\t\t\t\t\t\t\t<\/div>\n\t\t\t\t<\/div>\n\t\t\t\t\t<\/div>\n\t\t<\/div>\n\t\t\t\t\t<\/div>\n\t\t<\/section>\n\t\t\t\t<section class=\"elementor-section elementor-top-section elementor-element elementor-element-a2bf83e elementor-section-boxed elementor-section-height-default elementor-section-height-default\" data-id=\"a2bf83e\" data-element_type=\"section\">\n\t\t\t\t\t\t<div class=\"elementor-container elementor-column-gap-default\">\n\t\t\t\t\t<div class=\"elementor-column elementor-col-100 elementor-top-column elementor-element elementor-element-ef5d59a\" data-id=\"ef5d59a\" data-element_type=\"column\">\n\t\t\t<div class=\"elementor-widget-wrap elementor-element-populated\">\n\t\t\t\t\t\t<div class=\"elementor-element elementor-element-636a3b5 elementor-widget__width-initial elementor-blockquote--skin-border elementor-blockquote--button-color-official elementor-widget elementor-widget-blockquote\" data-id=\"636a3b5\" data-element_type=\"widget\" data-widget_type=\"blockquote.default\">\n\t\t\t\t<div class=\"elementor-widget-container\">\n\t\t\t\t\t<blockquote class=\"elementor-blockquote\">\n\t\t\t<p class=\"elementor-blockquote__content\">\n\t\t\t\t\"El talento se comparta dentro de las empresas de forma generosa y sin importar la generaci\u00f3n\"\t\t\t<\/p>\n\t\t\t\t\t\t\t<div class=\"e-q-footer\">\n\t\t\t\t\t\t\t\t\t\t\t<cite class=\"elementor-blockquote__author\">Patricia Barroso, Country Manager de Group Holding,<\/cite>\n\t\t\t\t\t\t\t\t\t\t\t\t\t\t<\/div>\n\t\t\t\t\t<\/blockquote>\n\t\t\t\t<\/div>\n\t\t\t\t<\/div>\n\t\t\t\t<div class=\"elementor-element elementor-element-31c127e elementor-widget elementor-widget-heading\" data-id=\"31c127e\" data-element_type=\"widget\" data-widget_type=\"heading.default\">\n\t\t\t\t<div class=\"elementor-widget-container\">\n\t\t\t<h3 class=\"elementor-heading-title elementor-size-default\">El fututo de los equipos intergeneracionales<\/h3>\t\t<\/div>\n\t\t\t\t<\/div>\n\t\t\t\t<div class=\"elementor-element elementor-element-99e82d3 elementor-widget__width-initial elementor-widget elementor-widget-text-editor\" data-id=\"99e82d3\" data-element_type=\"widget\" data-widget_type=\"text-editor.default\">\n\t\t\t\t<div class=\"elementor-widget-container\">\n\t\t\t\t\t\t\t<p>El encuentro tuvo grandes dosis de <b>optimismo, sinceridad y pasi\u00f3n por el sector de los RRHH<\/b> y la gesti\u00f3n del talento. Se creo una atm\u00f3sfera \u00fanica donde la conversaci\u00f3n surgi\u00f3 de forma natural y sobre todo se mir\u00f3 a un futuro intergeneracional.<\/p><p>Gracias al\u00a0<a href=\"https:\/\/www.iese.edu\/\" target=\"_blank\" rel=\"noopener\">IESE Business School<\/a>\u00a0por invitarnos y en concreto a Ignacio Terry Osborne y F\u00e1tima Ros Bautista por dar siempre la mano a sus alumnis y conseguir sinergias incre\u00edbles entre grandes profesionales.<\/p><p>La gesti\u00f3n de carrera y el cambio generacional son desaf\u00edos apasionantes. Al abrazar la diversidad generacional,<b> las empresas pueden construir equipos m\u00e1s fuertes, creativos y resilientes.<\/b><\/p>\t\t\t\t\t\t<\/div>\n\t\t\t\t<\/div>\n\t\t\t\t<div class=\"elementor-element elementor-element-688fb13 elementor-widget elementor-widget-heading\" data-id=\"688fb13\" data-element_type=\"widget\" data-widget_type=\"heading.default\">\n\t\t\t\t<div class=\"elementor-widget-container\">\n\t\t\t<h3 class=\"elementor-heading-title elementor-size-default\">Curiosidad: conoce los nombres de la diversidad generacional\n\n<\/h3>\t\t<\/div>\n\t\t\t\t<\/div>\n\t\t\t\t<div class=\"elementor-element elementor-element-e45639f elementor-widget__width-initial elementor-widget elementor-widget-text-editor\" data-id=\"e45639f\" data-element_type=\"widget\" data-widget_type=\"text-editor.default\">\n\t\t\t\t<div class=\"elementor-widget-container\">\n\t\t\t\t\t\t\t<p>Las generaciones presentes en el mercado laboral actual son diversas y cada una tiene sus propias caracter\u00edsticas, valores y formas de trabajar:<\/p><ul><li><strong>Veteranos o Tradicionalistas:<\/strong> Nacidos hasta 1945.<\/li><li><strong>Baby Boomers:<\/strong> Nacidos entre 1946 y 1963.<\/li><li><strong>Generaci\u00f3n X:<\/strong> Nacidos entre 1964 y 1980.<\/li><li><strong>Generaci\u00f3n Y o Millennials:<\/strong> Nacidos entre 1981 y 2000.<\/li><li><strong>Generaci\u00f3n Z:<\/strong> Nacidos desde 2001 hasta la actualidad.<\/li><\/ul><p>Estas diferencias generacionales pueden ser una ventaja si se gestionan adecuadamente. La diversidad en los equipos <b>enriquece la toma de decisiones y fomenta la creatividad.<\/b><\/p>\t\t\t\t\t\t<\/div>\n\t\t\t\t<\/div>\n\t\t\t\t\t<\/div>\n\t\t<\/div>\n\t\t\t\t\t<\/div>\n\t\t<\/section>\n\t\t\t\t<\/div>\n\t\t","protected":false},"excerpt":{"rendered":"<p>Gi Group Holding renueva su compromiso como Patrocinador Gold de AEDRH, una organizaci\u00f3n de referencia en Espa\u00f1a en el \u00e1mbito de la gesti\u00f3n de personas.<\/p>\n","protected":false},"author":38,"featured_media":53820,"comment_status":"open","ping_status":"open","sticky":false,"template":"","format":"standard","meta":{"_acf_changed":false,"footnotes":"","_links_to":"","_links_to_target":""},"categories":[46],"tags":[],"class_list":["post-53674","post","type-post","status-publish","format-standard","has-post-thumbnail","hentry","category-advice"],"acf":[],"yoast_head":"<!-- This site is optimized with the Yoast SEO plugin v23.9 - https:\/\/yoast.com\/wordpress\/plugins\/seo\/ -->\n<title>Evento IESE: Gesti\u00f3n de Carrera y Cambio Generacional<\/title>\n<meta name=\"description\" content=\"Patricia Barroso, Country Manager de Gi Group Holding, particip\u00f3 en una charla imprescindible sobre gesti\u00f3n de carrera y cambio generacional.\" \/>\n<meta name=\"robots\" content=\"index, follow, max-snippet:-1, max-image-preview:large, max-video-preview:-1\" \/>\n<link rel=\"canonical\" href=\"https:\/\/www.gigroupholding.com\/espana\/evento-iese-cambio-generacional\/\" \/>\n<meta property=\"og:locale\" content=\"es_ES\" \/>\n<meta property=\"og:type\" content=\"article\" \/>\n<meta property=\"og:title\" content=\"Gi Group Holding Espana - Gi Group anuncia un importante hito en su historia. El lanzamiento de Gi Group Holding\" \/>\n<meta property=\"og:description\" content=\"Esta nueva marca corporativa posiciona al Grupo a nivel Global como una empresa de referencia ofreciendo soluciones 360\u00ba de Recursos Humanos, presente en 30 pa\u00edses.\" \/>\n<meta property=\"og:url\" content=\"https:\/\/www.gigroupholding.com\/espana\/evento-iese-cambio-generacional\/\" \/>\n<meta property=\"og:site_name\" content=\"Gi Group Holding Espa\u00f1a\" \/>\n<meta property=\"article:published_time\" content=\"2024-04-18T08:53:23+00:00\" \/>\n<meta property=\"article:modified_time\" content=\"2024-05-02T12:00:35+00:00\" \/>\n<meta property=\"og:image\" content=\"https:\/\/www.gigroupholding.com\/espana\/wp-content\/uploads\/sites\/4\/2022\/04\/Featured-Image-social-media.png\" \/>\n\t<meta property=\"og:image:width\" content=\"1200\" \/>\n\t<meta property=\"og:image:height\" content=\"628\" \/>\n\t<meta property=\"og:image:type\" content=\"image\/png\" \/>\n<meta name=\"author\" content=\"tmora\" \/>\n<meta name=\"twitter:card\" content=\"summary_large_image\" \/>\n<meta name=\"twitter:title\" content=\"Gi Group Holding Espana - Gi Group anuncia un importante hito en su historia. El lanzamiento de Gi Group Holding\" \/>\n<meta name=\"twitter:description\" content=\"Esta nueva marca corporativa posiciona al Grupo a nivel Global como una empresa de referencia ofreciendo soluciones 360\u00ba de Recursos Humanos, presente en 30 pa\u00edses.\" \/>\n<meta name=\"twitter:image\" content=\"https:\/\/www.gigroupholding.com\/espana\/wp-content\/uploads\/sites\/4\/2022\/04\/Featured-Image-social-media.png\" \/>\n<meta name=\"twitter:label1\" content=\"Escrito por\" \/>\n\t<meta name=\"twitter:data1\" content=\"tmora\" \/>\n\t<meta name=\"twitter:label2\" content=\"Tiempo de lectura\" \/>\n\t<meta name=\"twitter:data2\" content=\"3 minutos\" \/>\n<script type=\"application\/ld+json\" class=\"yoast-schema-graph\">{\"@context\":\"https:\/\/schema.org\",\"@graph\":[{\"@type\":\"Article\",\"@id\":\"https:\/\/www.gigroupholding.com\/espana\/evento-iese-cambio-generacional\/#article\",\"isPartOf\":{\"@id\":\"https:\/\/www.gigroupholding.com\/espana\/evento-iese-cambio-generacional\/\"},\"author\":{\"name\":\"tmora\",\"@id\":\"https:\/\/www.gigroupholding.com\/espana\/#\/schema\/person\/0753f12ad0464892272b5c87c79cf6f7\"},\"headline\":\"Evento IESE: Gesti\u00f3n de Carrera y Cambio Generacional\",\"datePublished\":\"2024-04-18T08:53:23+00:00\",\"dateModified\":\"2024-05-02T12:00:35+00:00\",\"mainEntityOfPage\":{\"@id\":\"https:\/\/www.gigroupholding.com\/espana\/evento-iese-cambio-generacional\/\"},\"wordCount\":433,\"commentCount\":0,\"publisher\":{\"@id\":\"https:\/\/www.gigroupholding.com\/espana\/#organization\"},\"image\":{\"@id\":\"https:\/\/www.gigroupholding.com\/espana\/evento-iese-cambio-generacional\/#primaryimage\"},\"thumbnailUrl\":\"https:\/\/www.gigroupholding.com\/espana\/wp-content\/uploads\/sites\/4\/2024\/04\/Reduccion-de-jornada-ANGELA-1-14-1.png\",\"articleSection\":[\"Advice\"],\"inLanguage\":\"es\",\"potentialAction\":[{\"@type\":\"CommentAction\",\"name\":\"Comment\",\"target\":[\"https:\/\/www.gigroupholding.com\/espana\/evento-iese-cambio-generacional\/#respond\"]}]},{\"@type\":\"WebPage\",\"@id\":\"https:\/\/www.gigroupholding.com\/espana\/evento-iese-cambio-generacional\/\",\"url\":\"https:\/\/www.gigroupholding.com\/espana\/evento-iese-cambio-generacional\/\",\"name\":\"Evento IESE: Gesti\u00f3n de Carrera y Cambio Generacional\",\"isPartOf\":{\"@id\":\"https:\/\/www.gigroupholding.com\/espana\/#website\"},\"primaryImageOfPage\":{\"@id\":\"https:\/\/www.gigroupholding.com\/espana\/evento-iese-cambio-generacional\/#primaryimage\"},\"image\":{\"@id\":\"https:\/\/www.gigroupholding.com\/espana\/evento-iese-cambio-generacional\/#primaryimage\"},\"thumbnailUrl\":\"https:\/\/www.gigroupholding.com\/espana\/wp-content\/uploads\/sites\/4\/2024\/04\/Reduccion-de-jornada-ANGELA-1-14-1.png\",\"datePublished\":\"2024-04-18T08:53:23+00:00\",\"dateModified\":\"2024-05-02T12:00:35+00:00\",\"description\":\"Patricia Barroso, Country Manager de Gi Group Holding, particip\u00f3 en una charla imprescindible sobre gesti\u00f3n de carrera y cambio generacional.\",\"breadcrumb\":{\"@id\":\"https:\/\/www.gigroupholding.com\/espana\/evento-iese-cambio-generacional\/#breadcrumb\"},\"inLanguage\":\"es\",\"potentialAction\":[{\"@type\":\"ReadAction\",\"target\":[\"https:\/\/www.gigroupholding.com\/espana\/evento-iese-cambio-generacional\/\"]}]},{\"@type\":\"ImageObject\",\"inLanguage\":\"es\",\"@id\":\"https:\/\/www.gigroupholding.com\/espana\/evento-iese-cambio-generacional\/#primaryimage\",\"url\":\"https:\/\/www.gigroupholding.com\/espana\/wp-content\/uploads\/sites\/4\/2024\/04\/Reduccion-de-jornada-ANGELA-1-14-1.png\",\"contentUrl\":\"https:\/\/www.gigroupholding.com\/espana\/wp-content\/uploads\/sites\/4\/2024\/04\/Reduccion-de-jornada-ANGELA-1-14-1.png\",\"width\":900,\"height\":900,\"caption\":\"reducci\u00f3n de la jornada laboral\"},{\"@type\":\"BreadcrumbList\",\"@id\":\"https:\/\/www.gigroupholding.com\/espana\/evento-iese-cambio-generacional\/#breadcrumb\",\"itemListElement\":[{\"@type\":\"ListItem\",\"position\":1,\"name\":\"Advice\",\"item\":\"https:\/\/www.gigroupholding.com\/espana\/category\/advice\/\"},{\"@type\":\"ListItem\",\"position\":2,\"name\":\"Evento IESE: Gesti\u00f3n de Carrera y Cambio Generacional\"}]},{\"@type\":\"WebSite\",\"@id\":\"https:\/\/www.gigroupholding.com\/espana\/#website\",\"url\":\"https:\/\/www.gigroupholding.com\/espana\/\",\"name\":\"Gi Group Holding Espa\u00f1a\",\"description\":\"Entorno global de servicios integrados de Recursos Humanos\",\"publisher\":{\"@id\":\"https:\/\/www.gigroupholding.com\/espana\/#organization\"},\"potentialAction\":[{\"@type\":\"SearchAction\",\"target\":{\"@type\":\"EntryPoint\",\"urlTemplate\":\"https:\/\/www.gigroupholding.com\/espana\/?s={search_term_string}\"},\"query-input\":{\"@type\":\"PropertyValueSpecification\",\"valueRequired\":true,\"valueName\":\"search_term_string\"}}],\"inLanguage\":\"es\"},{\"@type\":\"Organization\",\"@id\":\"https:\/\/www.gigroupholding.com\/espana\/#organization\",\"name\":\"Gi Group Holding\",\"url\":\"https:\/\/www.gigroupholding.com\/espana\/\",\"logo\":{\"@type\":\"ImageObject\",\"inLanguage\":\"es\",\"@id\":\"https:\/\/www.gigroupholding.com\/espana\/#\/schema\/logo\/image\/\",\"url\":\"https:\/\/www.gigroupholding.com\/espana\/wp-content\/uploads\/sites\/4\/2022\/04\/GIGROUPHOLDING-LOGO-RGB-e1649316299235.png\",\"contentUrl\":\"https:\/\/www.gigroupholding.com\/espana\/wp-content\/uploads\/sites\/4\/2022\/04\/GIGROUPHOLDING-LOGO-RGB-e1649316299235.png\",\"width\":900,\"height\":456,\"caption\":\"Gi Group Holding\"},\"image\":{\"@id\":\"https:\/\/www.gigroupholding.com\/espana\/#\/schema\/logo\/image\/\"}},{\"@type\":\"Person\",\"@id\":\"https:\/\/www.gigroupholding.com\/espana\/#\/schema\/person\/0753f12ad0464892272b5c87c79cf6f7\",\"name\":\"tmora\",\"image\":{\"@type\":\"ImageObject\",\"inLanguage\":\"es\",\"@id\":\"https:\/\/www.gigroupholding.com\/espana\/#\/schema\/person\/image\/\",\"url\":\"https:\/\/secure.gravatar.com\/avatar\/83a58e8d663c3362e7ce3184b3052d8f?s=96&d=mm&r=g\",\"contentUrl\":\"https:\/\/secure.gravatar.com\/avatar\/83a58e8d663c3362e7ce3184b3052d8f?s=96&d=mm&r=g\",\"caption\":\"tmora\"},\"url\":\"https:\/\/www.gigroupholding.com\/espana\/author\/tmora\/\"}]}<\/script>\n<!-- \/ Yoast SEO plugin. -->","yoast_head_json":{"title":"Evento IESE: Gesti\u00f3n de Carrera y Cambio Generacional","description":"Patricia Barroso, Country Manager de Gi Group Holding, particip\u00f3 en una charla imprescindible sobre gesti\u00f3n de carrera y cambio generacional.","robots":{"index":"index","follow":"follow","max-snippet":"max-snippet:-1","max-image-preview":"max-image-preview:large","max-video-preview":"max-video-preview:-1"},"canonical":"https:\/\/www.gigroupholding.com\/espana\/evento-iese-cambio-generacional\/","og_locale":"es_ES","og_type":"article","og_title":"Gi Group Holding Espana - Gi Group anuncia un importante hito en su historia. El lanzamiento de Gi Group Holding","og_description":"Esta nueva marca corporativa posiciona al Grupo a nivel Global como una empresa de referencia ofreciendo soluciones 360\u00ba de Recursos Humanos, presente en 30 pa\u00edses.","og_url":"https:\/\/www.gigroupholding.com\/espana\/evento-iese-cambio-generacional\/","og_site_name":"Gi Group Holding Espa\u00f1a","article_published_time":"2024-04-18T08:53:23+00:00","article_modified_time":"2024-05-02T12:00:35+00:00","og_image":[{"width":1200,"height":628,"url":"https:\/\/www.gigroupholding.com\/espana\/wp-content\/uploads\/sites\/4\/2022\/04\/Featured-Image-social-media.png","type":"image\/png"}],"author":"tmora","twitter_card":"summary_large_image","twitter_title":"Gi Group Holding Espana - Gi Group anuncia un importante hito en su historia. El lanzamiento de Gi Group Holding","twitter_description":"Esta nueva marca corporativa posiciona al Grupo a nivel Global como una empresa de referencia ofreciendo soluciones 360\u00ba de Recursos Humanos, presente en 30 pa\u00edses.","twitter_image":"https:\/\/www.gigroupholding.com\/espana\/wp-content\/uploads\/sites\/4\/2022\/04\/Featured-Image-social-media.png","twitter_misc":{"Escrito por":"tmora","Tiempo de lectura":"3 minutos"},"schema":{"@context":"https:\/\/schema.org","@graph":[{"@type":"Article","@id":"https:\/\/www.gigroupholding.com\/espana\/evento-iese-cambio-generacional\/#article","isPartOf":{"@id":"https:\/\/www.gigroupholding.com\/espana\/evento-iese-cambio-generacional\/"},"author":{"name":"tmora","@id":"https:\/\/www.gigroupholding.com\/espana\/#\/schema\/person\/0753f12ad0464892272b5c87c79cf6f7"},"headline":"Evento IESE: Gesti\u00f3n de Carrera y Cambio Generacional","datePublished":"2024-04-18T08:53:23+00:00","dateModified":"2024-05-02T12:00:35+00:00","mainEntityOfPage":{"@id":"https:\/\/www.gigroupholding.com\/espana\/evento-iese-cambio-generacional\/"},"wordCount":433,"commentCount":0,"publisher":{"@id":"https:\/\/www.gigroupholding.com\/espana\/#organization"},"image":{"@id":"https:\/\/www.gigroupholding.com\/espana\/evento-iese-cambio-generacional\/#primaryimage"},"thumbnailUrl":"https:\/\/www.gigroupholding.com\/espana\/wp-content\/uploads\/sites\/4\/2024\/04\/Reduccion-de-jornada-ANGELA-1-14-1.png","articleSection":["Advice"],"inLanguage":"es","potentialAction":[{"@type":"CommentAction","name":"Comment","target":["https:\/\/www.gigroupholding.com\/espana\/evento-iese-cambio-generacional\/#respond"]}]},{"@type":"WebPage","@id":"https:\/\/www.gigroupholding.com\/espana\/evento-iese-cambio-generacional\/","url":"https:\/\/www.gigroupholding.com\/espana\/evento-iese-cambio-generacional\/","name":"Evento IESE: Gesti\u00f3n de Carrera y Cambio Generacional","isPartOf":{"@id":"https:\/\/www.gigroupholding.com\/espana\/#website"},"primaryImageOfPage":{"@id":"https:\/\/www.gigroupholding.com\/espana\/evento-iese-cambio-generacional\/#primaryimage"},"image":{"@id":"https:\/\/www.gigroupholding.com\/espana\/evento-iese-cambio-generacional\/#primaryimage"},"thumbnailUrl":"https:\/\/www.gigroupholding.com\/espana\/wp-content\/uploads\/sites\/4\/2024\/04\/Reduccion-de-jornada-ANGELA-1-14-1.png","datePublished":"2024-04-18T08:53:23+00:00","dateModified":"2024-05-02T12:00:35+00:00","description":"Patricia Barroso, Country Manager de Gi Group Holding, particip\u00f3 en una charla imprescindible sobre gesti\u00f3n de carrera y cambio generacional.","breadcrumb":{"@id":"https:\/\/www.gigroupholding.com\/espana\/evento-iese-cambio-generacional\/#breadcrumb"},"inLanguage":"es","potentialAction":[{"@type":"ReadAction","target":["https:\/\/www.gigroupholding.com\/espana\/evento-iese-cambio-generacional\/"]}]},{"@type":"ImageObject","inLanguage":"es","@id":"https:\/\/www.gigroupholding.com\/espana\/evento-iese-cambio-generacional\/#primaryimage","url":"https:\/\/www.gigroupholding.com\/espana\/wp-content\/uploads\/sites\/4\/2024\/04\/Reduccion-de-jornada-ANGELA-1-14-1.png","contentUrl":"https:\/\/www.gigroupholding.com\/espana\/wp-content\/uploads\/sites\/4\/2024\/04\/Reduccion-de-jornada-ANGELA-1-14-1.png","width":900,"height":900,"caption":"reducci\u00f3n de la jornada laboral"},{"@type":"BreadcrumbList","@id":"https:\/\/www.gigroupholding.com\/espana\/evento-iese-cambio-generacional\/#breadcrumb","itemListElement":[{"@type":"ListItem","position":1,"name":"Advice","item":"https:\/\/www.gigroupholding.com\/espana\/category\/advice\/"},{"@type":"ListItem","position":2,"name":"Evento IESE: Gesti\u00f3n de Carrera y Cambio Generacional"}]},{"@type":"WebSite","@id":"https:\/\/www.gigroupholding.com\/espana\/#website","url":"https:\/\/www.gigroupholding.com\/espana\/","name":"Gi Group Holding Espa\u00f1a","description":"Entorno global de servicios integrados de Recursos Humanos","publisher":{"@id":"https:\/\/www.gigroupholding.com\/espana\/#organization"},"potentialAction":[{"@type":"SearchAction","target":{"@type":"EntryPoint","urlTemplate":"https:\/\/www.gigroupholding.com\/espana\/?s={search_term_string}"},"query-input":{"@type":"PropertyValueSpecification","valueRequired":true,"valueName":"search_term_string"}}],"inLanguage":"es"},{"@type":"Organization","@id":"https:\/\/www.gigroupholding.com\/espana\/#organization","name":"Gi Group Holding","url":"https:\/\/www.gigroupholding.com\/espana\/","logo":{"@type":"ImageObject","inLanguage":"es","@id":"https:\/\/www.gigroupholding.com\/espana\/#\/schema\/logo\/image\/","url":"https:\/\/www.gigroupholding.com\/espana\/wp-content\/uploads\/sites\/4\/2022\/04\/GIGROUPHOLDING-LOGO-RGB-e1649316299235.png","contentUrl":"https:\/\/www.gigroupholding.com\/espana\/wp-content\/uploads\/sites\/4\/2022\/04\/GIGROUPHOLDING-LOGO-RGB-e1649316299235.png","width":900,"height":456,"caption":"Gi Group Holding"},"image":{"@id":"https:\/\/www.gigroupholding.com\/espana\/#\/schema\/logo\/image\/"}},{"@type":"Person","@id":"https:\/\/www.gigroupholding.com\/espana\/#\/schema\/person\/0753f12ad0464892272b5c87c79cf6f7","name":"tmora","image":{"@type":"ImageObject","inLanguage":"es","@id":"https:\/\/www.gigroupholding.com\/espana\/#\/schema\/person\/image\/","url":"https:\/\/secure.gravatar.com\/avatar\/83a58e8d663c3362e7ce3184b3052d8f?s=96&d=mm&r=g","contentUrl":"https:\/\/secure.gravatar.com\/avatar\/83a58e8d663c3362e7ce3184b3052d8f?s=96&d=mm&r=g","caption":"tmora"},"url":"https:\/\/www.gigroupholding.com\/espana\/author\/tmora\/"}]}},"_links":{"self":[{"href":"https:\/\/www.gigroupholding.com\/espana\/wp-json\/wp\/v2\/posts\/53674","targetHints":{"allow":["GET"]}}],"collection":[{"href":"https:\/\/www.gigroupholding.com\/espana\/wp-json\/wp\/v2\/posts"}],"about":[{"href":"https:\/\/www.gigroupholding.com\/espana\/wp-json\/wp\/v2\/types\/post"}],"author":[{"embeddable":true,"href":"https:\/\/www.gigroupholding.com\/espana\/wp-json\/wp\/v2\/users\/38"}],"replies":[{"embeddable":true,"href":"https:\/\/www.gigroupholding.com\/espana\/wp-json\/wp\/v2\/comments?post=53674"}],"version-history":[{"count":39,"href":"https:\/\/www.gigroupholding.com\/espana\/wp-json\/wp\/v2\/posts\/53674\/revisions"}],"predecessor-version":[{"id":54639,"href":"https:\/\/www.gigroupholding.com\/espana\/wp-json\/wp\/v2\/posts\/53674\/revisions\/54639"}],"wp:featuredmedia":[{"embeddable":true,"href":"https:\/\/www.gigroupholding.com\/espana\/wp-json\/wp\/v2\/media\/53820"}],"wp:attachment":[{"href":"https:\/\/www.gigroupholding.com\/espana\/wp-json\/wp\/v2\/media?parent=53674"}],"wp:term":[{"taxonomy":"category","embeddable":true,"href":"https:\/\/www.gigroupholding.com\/espana\/wp-json\/wp\/v2\/categories?post=53674"},{"taxonomy":"post_tag","embeddable":true,"href":"https:\/\/www.gigroupholding.com\/espana\/wp-json\/wp\/v2\/tags?post=53674"}],"curies":[{"name":"wp","href":"https:\/\/api.w.org\/{rel}","templated":true}]}}