{"id":38379,"date":"2024-04-18T08:53:23","date_gmt":"2024-04-18T08:53:23","guid":{"rendered":"https:\/\/www.gigroupholding.com\/espana\/reduccion-jornada-laboral-cambios-2\/"},"modified":"2024-04-18T10:55:47","modified_gmt":"2024-04-18T10:55:47","slug":"entorno-laboral-inclusivo","status":"publish","type":"post","link":"https:\/\/www.gigroupholding.com\/espana\/entorno-laboral-inclusivo\/","title":{"rendered":"Equipos y Talento: Talent and Attraction Engagement Day 2024"},"content":{"rendered":"\t\t<div data-elementor-type=\"wp-post\" data-elementor-id=\"38379\" class=\"elementor elementor-38379\" data-elementor-post-type=\"post\">\n\t\t\t\t\t\t<section class=\"elementor-section elementor-top-section elementor-element elementor-element-2d3d7b1 elementor-section-boxed elementor-section-height-default elementor-section-height-default\" data-id=\"2d3d7b1\" data-element_type=\"section\" data-settings=\"{&quot;background_background&quot;:&quot;classic&quot;}\">\n\t\t\t\t\t\t<div class=\"elementor-container elementor-column-gap-default\">\n\t\t\t\t\t<div class=\"elementor-column elementor-col-100 elementor-top-column elementor-element elementor-element-a61ced5\" data-id=\"a61ced5\" data-element_type=\"column\">\n\t\t\t<div class=\"elementor-widget-wrap elementor-element-populated\">\n\t\t\t\t\t\t<div class=\"elementor-element elementor-element-4977cb8 elementor-widget elementor-widget-heading\" data-id=\"4977cb8\" data-element_type=\"widget\" data-widget_type=\"heading.default\">\n\t\t\t\t<div class=\"elementor-widget-container\">\n\t\t\t<p class=\"elementor-heading-title elementor-size-default\">News - Las \u00faltimas tendencias en atracci\u00f3n de talento, engagement y el entorno laboral inclusivo.<\/p>\t\t<\/div>\n\t\t\t\t<\/div>\n\t\t\t\t<div class=\"elementor-element elementor-element-f1e8d83 elementor-widget elementor-widget-spacer\" data-id=\"f1e8d83\" data-element_type=\"widget\" data-widget_type=\"spacer.default\">\n\t\t\t\t<div class=\"elementor-widget-container\">\n\t\t\t\t\t<div class=\"elementor-spacer\">\n\t\t\t<div class=\"elementor-spacer-inner\"><\/div>\n\t\t<\/div>\n\t\t\t\t<\/div>\n\t\t\t\t<\/div>\n\t\t\t\t<div class=\"elementor-element elementor-element-0899b76 elementor-widget elementor-widget-heading\" data-id=\"0899b76\" data-element_type=\"widget\" data-widget_type=\"heading.default\">\n\t\t\t\t<div class=\"elementor-widget-container\">\n\t\t\t<h2 class=\"elementor-heading-title elementor-size-default\">Participamos en el Talent Attraction &amp; Engagement Day hablando del entorno laboral inclusivo y diverso<\/h2>\t\t<\/div>\n\t\t\t\t<\/div>\n\t\t\t\t<div class=\"elementor-element elementor-element-7c1e6d0 elementor-widget elementor-widget-spacer\" data-id=\"7c1e6d0\" data-element_type=\"widget\" data-widget_type=\"spacer.default\">\n\t\t\t\t<div class=\"elementor-widget-container\">\n\t\t\t\t\t<div class=\"elementor-spacer\">\n\t\t\t<div class=\"elementor-spacer-inner\"><\/div>\n\t\t<\/div>\n\t\t\t\t<\/div>\n\t\t\t\t<\/div>\n\t\t\t\t<div class=\"elementor-element elementor-element-5829a65 max-width-940 elementor-widget elementor-widget-heading\" data-id=\"5829a65\" data-element_type=\"widget\" data-widget_type=\"heading.default\">\n\t\t\t\t<div class=\"elementor-widget-container\">\n\t\t\t<p class=\"elementor-heading-title elementor-size-default\">Silvia Mart\u00ednez Mart\u00edn, Corporate HR Director de Gi Group Holding, moder\u00f3 la mesa redonda sobre \"Leading &amp; Engaging All Generations\".<\/p>\t\t<\/div>\n\t\t\t\t<\/div>\n\t\t\t\t\t<\/div>\n\t\t<\/div>\n\t\t\t\t\t<\/div>\n\t\t<\/section>\n\t\t\t\t<section class=\"elementor-section elementor-top-section elementor-element elementor-element-b004013 elementor-section-boxed elementor-section-height-default elementor-section-height-default\" data-id=\"b004013\" data-element_type=\"section\">\n\t\t\t\t\t\t<div class=\"elementor-container elementor-column-gap-default\">\n\t\t\t\t\t<div class=\"elementor-column elementor-col-100 elementor-top-column elementor-element elementor-element-480b442\" data-id=\"480b442\" data-element_type=\"column\">\n\t\t\t<div class=\"elementor-widget-wrap elementor-element-populated\">\n\t\t\t\t\t\t<div class=\"elementor-element elementor-element-84aac98 elementor-widget__width-initial elementor-widget elementor-widget-text-editor\" data-id=\"84aac98\" data-element_type=\"widget\" data-widget_type=\"text-editor.default\">\n\t\t\t\t<div class=\"elementor-widget-container\">\n\t\t\t\t\t\t\t<p>El pasado 16 de abril se celebr\u00f3 el\u00a0<a href=\"https:\/\/www.equiposytalentoeventos.com\/hrtechday\/\" target=\"_blank\" rel=\"noopener\">Talent Attraction &amp; Engagement Day organizado por Equipos&amp;Talento<\/a>, un evento de referencia en el sector de Recursos Humanos que reuni\u00f3 a profesionales de primer nivel para abordar las <strong>\u00faltimas tendencias en atracci\u00f3n de talento, engagement y tecnolog\u00eda aplicada a la gesti\u00f3n de personas.<\/strong><\/p><p>En esta edici\u00f3n, el foco se puso en la innovaci\u00f3n tecnol\u00f3gica como motor de cambio en las organizaciones. Y c\u00f3mo las empresas pueden aprovecharla para crear experiencias de empleado \u00fanicas, <strong>atraer al mejor talento y fidelizarlo a largo plazo.<\/strong><\/p><p><strong>\u00a0<\/strong><\/p><p><span style=\"color: #1d57fb; font-family: inherit; font-size: 2rem;\">Mesa redonda de de alto nivel: Leading &amp; Engaging All Generations<\/span><\/p><p>Silvia Mart\u00ednez, Corporate HR Director de Gi Group Holding, fue qui\u00e9n moder\u00f3 la <span class=\"ui-provider a b c d e f g h i j k l m n o p q r s t u v w x y z ab ac ae af ag ah ai aj ak\" dir=\"ltr\">mesa redonda sobre \u00ab<b>Leading &amp; Engaging All Generations\u00bb.\u00a0<\/b>En este espacio se analizaron las estrategias para liderar y <b>motivar a equipos inclusivos y diversos en el compromiso y v\u00ednculo con los empleados.<\/b><\/span><\/p><p>Entre los ponentes destacaron:\u00a0<\/p><p><b>Ana Valdivielso, HR Director de GSK, <\/b>quien abord\u00f3 el tema de la diversidad e inclusi\u00f3n en el entorno laboral, destacando la importancia de crear un espacio donde todos los empleados se sientan valorados y respetados.<\/p><p>F<b>rancisco Granados Armu\u00f1a,<\/b> Head of Human Resources Iberia de Gr\u00fcnenthal Iberia, quien comparti\u00f3 su experiencia en la implementaci\u00f3n de programas de mentoring y reverse mentoring para fomentar la interacci\u00f3n entre generaciones y romper con las barreras del edadismo.<\/p><p>\u00a0<\/p>\t\t\t\t\t\t<\/div>\n\t\t\t\t<\/div>\n\t\t\t\t\t<\/div>\n\t\t<\/div>\n\t\t\t\t\t<\/div>\n\t\t<\/section>\n\t\t\t\t<section class=\"elementor-section elementor-top-section elementor-element elementor-element-9c07b2c elementor-section-boxed elementor-section-height-default elementor-section-height-default\" data-id=\"9c07b2c\" data-element_type=\"section\">\n\t\t\t\t\t\t<div class=\"elementor-container elementor-column-gap-default\">\n\t\t\t\t\t<div class=\"elementor-column elementor-col-50 elementor-top-column elementor-element elementor-element-73ce82d\" data-id=\"73ce82d\" data-element_type=\"column\">\n\t\t\t<div class=\"elementor-widget-wrap elementor-element-populated\">\n\t\t\t\t\t\t<div class=\"elementor-element elementor-element-3d0b88b elementor-widget elementor-widget-image\" data-id=\"3d0b88b\" data-element_type=\"widget\" data-widget_type=\"image.default\">\n\t\t\t\t<div class=\"elementor-widget-container\">\n\t\t\t\t\t\t\t\t\t\t\t\t\t<img fetchpriority=\"high\" decoding=\"async\" width=\"800\" height=\"450\" src=\"https:\/\/www.gigroupholding.com\/espana\/wp-content\/uploads\/sites\/4\/2024\/04\/mesa-redonda-equipos-y-talento-1024x576.jpg\" class=\"attachment-large size-large wp-image-39531\" alt=\"mesa redonda entorno laboral inclusivo\" srcset=\"https:\/\/www.gigroupholding.com\/espana\/wp-content\/uploads\/sites\/4\/2024\/04\/mesa-redonda-equipos-y-talento-1024x576.jpg 1024w, https:\/\/www.gigroupholding.com\/espana\/wp-content\/uploads\/sites\/4\/2024\/04\/mesa-redonda-equipos-y-talento-300x169.jpg 300w, https:\/\/www.gigroupholding.com\/espana\/wp-content\/uploads\/sites\/4\/2024\/04\/mesa-redonda-equipos-y-talento-768x432.jpg 768w, https:\/\/www.gigroupholding.com\/espana\/wp-content\/uploads\/sites\/4\/2024\/04\/mesa-redonda-equipos-y-talento.jpg 1200w\" sizes=\"(max-width: 800px) 100vw, 800px\" \/>\t\t\t\t\t\t\t\t\t\t\t\t\t<\/div>\n\t\t\t\t<\/div>\n\t\t\t\t\t<\/div>\n\t\t<\/div>\n\t\t\t\t<div class=\"elementor-column elementor-col-50 elementor-top-column elementor-element elementor-element-076a54d\" data-id=\"076a54d\" data-element_type=\"column\">\n\t\t\t<div class=\"elementor-widget-wrap elementor-element-populated\">\n\t\t\t\t\t\t<div class=\"elementor-element elementor-element-60b37d6 elementor-widget elementor-widget-image\" data-id=\"60b37d6\" data-element_type=\"widget\" data-widget_type=\"image.default\">\n\t\t\t\t<div class=\"elementor-widget-container\">\n\t\t\t\t\t\t\t\t\t\t\t\t\t<img decoding=\"async\" width=\"800\" height=\"450\" src=\"https:\/\/www.gigroupholding.com\/espana\/wp-content\/uploads\/sites\/4\/2024\/04\/Attraction-Engagement-Day24-1024x576.jpg\" class=\"attachment-large size-large wp-image-39545\" alt=\"Attraction Engagement Day24 entorno laboral inclusivo\" srcset=\"https:\/\/www.gigroupholding.com\/espana\/wp-content\/uploads\/sites\/4\/2024\/04\/Attraction-Engagement-Day24-1024x576.jpg 1024w, https:\/\/www.gigroupholding.com\/espana\/wp-content\/uploads\/sites\/4\/2024\/04\/Attraction-Engagement-Day24-300x169.jpg 300w, https:\/\/www.gigroupholding.com\/espana\/wp-content\/uploads\/sites\/4\/2024\/04\/Attraction-Engagement-Day24-768x432.jpg 768w, https:\/\/www.gigroupholding.com\/espana\/wp-content\/uploads\/sites\/4\/2024\/04\/Attraction-Engagement-Day24.jpg 1200w\" sizes=\"(max-width: 800px) 100vw, 800px\" \/>\t\t\t\t\t\t\t\t\t\t\t\t\t<\/div>\n\t\t\t\t<\/div>\n\t\t\t\t\t<\/div>\n\t\t<\/div>\n\t\t\t\t\t<\/div>\n\t\t<\/section>\n\t\t\t\t<section class=\"elementor-section elementor-top-section elementor-element elementor-element-a2bf83e elementor-section-boxed elementor-section-height-default elementor-section-height-default\" data-id=\"a2bf83e\" data-element_type=\"section\">\n\t\t\t\t\t\t<div class=\"elementor-container elementor-column-gap-default\">\n\t\t\t\t\t<div class=\"elementor-column elementor-col-100 elementor-top-column elementor-element elementor-element-ef5d59a\" data-id=\"ef5d59a\" data-element_type=\"column\">\n\t\t\t<div class=\"elementor-widget-wrap elementor-element-populated\">\n\t\t\t\t\t\t<div class=\"elementor-element elementor-element-636a3b5 elementor-widget__width-initial elementor-blockquote--skin-border elementor-blockquote--button-color-official elementor-widget elementor-widget-blockquote\" data-id=\"636a3b5\" data-element_type=\"widget\" data-widget_type=\"blockquote.default\">\n\t\t\t\t<div class=\"elementor-widget-container\">\n\t\t\t\t\t<blockquote class=\"elementor-blockquote\">\n\t\t\t<p class=\"elementor-blockquote__content\">\n\t\t\t\tUno de los pilares de nuestra propuesta de valor es #BeYou, que refleja nuestro compromiso con la diversidad e inclusi\u00f3n. Nos apoyamos en los ERGS, grupos de empleados que nos trasladan las sensibilidades de diferentes colectivos para que podamos trabajar conjuntamente y lograr su inclusi\u00f3n. Tenemos actualmente 4 grupos: LGTBIQ+, mujeres, talento s\u00e9nior y personas que tienen a alguien a su cargo. Para seguir avanzando en esta l\u00ednea, la medici\u00f3n es una palanca clave\t\t\t<\/p>\n\t\t\t\t\t\t\t<div class=\"e-q-footer\">\n\t\t\t\t\t\t\t\t\t\t\t<cite class=\"elementor-blockquote__author\"> Ana Valdivielso, HR Director de GSK<\/cite>\n\t\t\t\t\t\t\t\t\t\t\t\t\t\t<\/div>\n\t\t\t\t\t<\/blockquote>\n\t\t\t\t<\/div>\n\t\t\t\t<\/div>\n\t\t\t\t<div class=\"elementor-element elementor-element-1b5c65a elementor-widget__width-initial elementor-blockquote--skin-border elementor-blockquote--button-color-official elementor-widget elementor-widget-blockquote\" data-id=\"1b5c65a\" data-element_type=\"widget\" data-widget_type=\"blockquote.default\">\n\t\t\t\t<div class=\"elementor-widget-container\">\n\t\t\t\t\t<blockquote class=\"elementor-blockquote\">\n\t\t\t<p class=\"elementor-blockquote__content\">\n\t\t\t\tNos enfocamos en todas las dimensiones de la diversidad y lo hacemos apoy\u00e1ndonos en partners y trabajando con los managers para involucrar a todas las \u00e1reas en el mismo prop\u00f3sito. Trabajamos el reto del edadismo desde diferentes perspectivas, por ejemplo, potenciando la interacci\u00f3n entre generaciones con los programas de mentoring y reverse mentoring.\t\t\t<\/p>\n\t\t\t\t\t\t\t<div class=\"e-q-footer\">\n\t\t\t\t\t\t\t\t\t\t\t<cite class=\"elementor-blockquote__author\">Francisco Granados Armu\u00f1a, Head of Human Resources Iberia de Gr\u00fcnenthal Iberia<\/cite>\n\t\t\t\t\t\t\t\t\t\t\t\t\t\t<\/div>\n\t\t\t\t\t<\/blockquote>\n\t\t\t\t<\/div>\n\t\t\t\t<\/div>\n\t\t\t\t<div class=\"elementor-element elementor-element-99e82d3 elementor-widget__width-initial elementor-widget elementor-widget-text-editor\" data-id=\"99e82d3\" data-element_type=\"widget\" data-widget_type=\"text-editor.default\">\n\t\t\t\t<div class=\"elementor-widget-container\">\n\t\t\t\t\t\t\t<h3 style=\"color: #1d57fb;\">Interacci\u00f3n y networking<\/h3>\n<p>Adem\u00e1s de las ponencias, el Attraction Engagement Day24 ofreci\u00f3 un espacio para la interacci\u00f3n y el networking entre los asistentes. Los participantes pudieron <b>intercambiar ideas y experiencias<\/b>, as\u00ed como conocer las \u00faltimas tendencias para la gesti\u00f3n de talento.<\/p>\n<h3 style=\"color: #1d57fb;\">Un evento imprescindible para los profesionales de RRHH<\/h3>\n<p>El evento fue imprescindible para los profesionales de Recursos Humanos que buscan estar a la <b>vanguardia en la gesti\u00f3n de talento.<\/b> Los participantes pudieron descubrir las \u00faltimas tendencias en innovaci\u00f3n tecnol\u00f3gica y c\u00f3mo aplicarla para crear experiencias de empleado \u00fanicas, atraer al mejor talento y fidelizarlo a largo plazo.<\/p>\n<p><br><a href=\"https:\/\/www.gigroupholding.com\/espana\/\" target=\"_blank\">Gi Group Holding<\/a>, como empresa l\u00edder en soluciones de Recursos Humanos, estuvo presente para compartir su experiencia y conocimiento en la materia. La empresa ofrece una amplia gama de servicios para la gesti\u00f3n de talento, que ayudan a las organizaciones a <b>optimizar sus procesos de selecci\u00f3n, formaci\u00f3n y desarrollo de empleados.<\/b><\/p>\t\t\t\t\t\t<\/div>\n\t\t\t\t<\/div>\n\t\t\t\t\t<\/div>\n\t\t<\/div>\n\t\t\t\t\t<\/div>\n\t\t<\/section>\n\t\t\t\t<\/div>\n\t\t","protected":false},"excerpt":{"rendered":"<p>Gi Group Holding renueva su compromiso como Patrocinador Gold de AEDRH, una organizaci\u00f3n de referencia en Espa\u00f1a en el \u00e1mbito de la gesti\u00f3n de personas.<\/p>\n","protected":false},"author":38,"featured_media":38380,"comment_status":"open","ping_status":"open","sticky":false,"template":"","format":"standard","meta":{"_acf_changed":false,"footnotes":"","_links_to":"","_links_to_target":""},"categories":[46],"tags":[],"class_list":["post-38379","post","type-post","status-publish","format-standard","has-post-thumbnail","hentry","category-advice"],"acf":[],"yoast_head":"<!-- This site is optimized with the Yoast SEO plugin v23.9 - https:\/\/yoast.com\/wordpress\/plugins\/seo\/ -->\n<title>El Impacto de un entorno laboral inclusivo y diverso - Evento E&amp;T<\/title>\n<meta name=\"description\" content=\"Acuerdo para el desarrollo del talento digital con Fundaci\u00f3n Vass. Objetivo: acelerar la incorporaci\u00f3n laboral de profesionales TIC.\" \/>\n<meta name=\"robots\" content=\"index, follow, max-snippet:-1, max-image-preview:large, max-video-preview:-1\" \/>\n<link rel=\"canonical\" href=\"https:\/\/www.gigroupholding.com\/espana\/entorno-laboral-inclusivo\/\" \/>\n<meta property=\"og:locale\" content=\"es_ES\" \/>\n<meta property=\"og:type\" content=\"article\" \/>\n<meta property=\"og:title\" content=\"Gi Group Holding Espana - Gi Group anuncia un importante hito en su historia. El lanzamiento de Gi Group Holding\" \/>\n<meta property=\"og:description\" content=\"Esta nueva marca corporativa posiciona al Grupo a nivel Global como una empresa de referencia ofreciendo soluciones 360\u00ba de Recursos Humanos, presente en 30 pa\u00edses.\" \/>\n<meta property=\"og:url\" content=\"https:\/\/www.gigroupholding.com\/espana\/entorno-laboral-inclusivo\/\" \/>\n<meta property=\"og:site_name\" content=\"Gi Group Holding Espa\u00f1a\" \/>\n<meta property=\"article:published_time\" content=\"2024-04-18T08:53:23+00:00\" \/>\n<meta property=\"article:modified_time\" content=\"2024-04-18T10:55:47+00:00\" \/>\n<meta property=\"og:image\" content=\"https:\/\/www.gigroupholding.com\/espana\/wp-content\/uploads\/sites\/4\/2022\/04\/Featured-Image-social-media.png\" \/>\n\t<meta property=\"og:image:width\" content=\"1200\" \/>\n\t<meta property=\"og:image:height\" content=\"628\" \/>\n\t<meta property=\"og:image:type\" content=\"image\/png\" \/>\n<meta name=\"author\" content=\"tmora\" \/>\n<meta name=\"twitter:card\" content=\"summary_large_image\" \/>\n<meta name=\"twitter:title\" content=\"Gi Group Holding Espana - Gi Group anuncia un importante hito en su historia. El lanzamiento de Gi Group Holding\" \/>\n<meta name=\"twitter:description\" content=\"Esta nueva marca corporativa posiciona al Grupo a nivel Global como una empresa de referencia ofreciendo soluciones 360\u00ba de Recursos Humanos, presente en 30 pa\u00edses.\" \/>\n<meta name=\"twitter:image\" content=\"https:\/\/www.gigroupholding.com\/espana\/wp-content\/uploads\/sites\/4\/2022\/04\/Featured-Image-social-media.png\" \/>\n<meta name=\"twitter:label1\" content=\"Escrito por\" \/>\n\t<meta name=\"twitter:data1\" content=\"tmora\" \/>\n\t<meta name=\"twitter:label2\" content=\"Tiempo de lectura\" \/>\n\t<meta name=\"twitter:data2\" content=\"3 minutos\" \/>\n<script type=\"application\/ld+json\" class=\"yoast-schema-graph\">{\"@context\":\"https:\/\/schema.org\",\"@graph\":[{\"@type\":\"Article\",\"@id\":\"https:\/\/www.gigroupholding.com\/espana\/entorno-laboral-inclusivo\/#article\",\"isPartOf\":{\"@id\":\"https:\/\/www.gigroupholding.com\/espana\/entorno-laboral-inclusivo\/\"},\"author\":{\"name\":\"tmora\",\"@id\":\"https:\/\/www.gigroupholding.com\/espana\/#\/schema\/person\/0753f12ad0464892272b5c87c79cf6f7\"},\"headline\":\"Equipos y Talento: Talent and Attraction Engagement Day 2024\",\"datePublished\":\"2024-04-18T08:53:23+00:00\",\"dateModified\":\"2024-04-18T10:55:47+00:00\",\"mainEntityOfPage\":{\"@id\":\"https:\/\/www.gigroupholding.com\/espana\/entorno-laboral-inclusivo\/\"},\"wordCount\":612,\"commentCount\":0,\"publisher\":{\"@id\":\"https:\/\/www.gigroupholding.com\/espana\/#organization\"},\"image\":{\"@id\":\"https:\/\/www.gigroupholding.com\/espana\/entorno-laboral-inclusivo\/#primaryimage\"},\"thumbnailUrl\":\"https:\/\/www.gigroupholding.com\/espana\/wp-content\/uploads\/sites\/4\/2024\/03\/Reduccion-de-jornada-ANGELA-1.png\",\"articleSection\":[\"Advice\"],\"inLanguage\":\"es\",\"potentialAction\":[{\"@type\":\"CommentAction\",\"name\":\"Comment\",\"target\":[\"https:\/\/www.gigroupholding.com\/espana\/entorno-laboral-inclusivo\/#respond\"]}]},{\"@type\":\"WebPage\",\"@id\":\"https:\/\/www.gigroupholding.com\/espana\/entorno-laboral-inclusivo\/\",\"url\":\"https:\/\/www.gigroupholding.com\/espana\/entorno-laboral-inclusivo\/\",\"name\":\"El Impacto de un entorno laboral inclusivo y diverso - Evento E&T\",\"isPartOf\":{\"@id\":\"https:\/\/www.gigroupholding.com\/espana\/#website\"},\"primaryImageOfPage\":{\"@id\":\"https:\/\/www.gigroupholding.com\/espana\/entorno-laboral-inclusivo\/#primaryimage\"},\"image\":{\"@id\":\"https:\/\/www.gigroupholding.com\/espana\/entorno-laboral-inclusivo\/#primaryimage\"},\"thumbnailUrl\":\"https:\/\/www.gigroupholding.com\/espana\/wp-content\/uploads\/sites\/4\/2024\/03\/Reduccion-de-jornada-ANGELA-1.png\",\"datePublished\":\"2024-04-18T08:53:23+00:00\",\"dateModified\":\"2024-04-18T10:55:47+00:00\",\"description\":\"Acuerdo para el desarrollo del talento digital con Fundaci\u00f3n Vass. Objetivo: acelerar la incorporaci\u00f3n laboral de profesionales TIC.\",\"breadcrumb\":{\"@id\":\"https:\/\/www.gigroupholding.com\/espana\/entorno-laboral-inclusivo\/#breadcrumb\"},\"inLanguage\":\"es\",\"potentialAction\":[{\"@type\":\"ReadAction\",\"target\":[\"https:\/\/www.gigroupholding.com\/espana\/entorno-laboral-inclusivo\/\"]}]},{\"@type\":\"ImageObject\",\"inLanguage\":\"es\",\"@id\":\"https:\/\/www.gigroupholding.com\/espana\/entorno-laboral-inclusivo\/#primaryimage\",\"url\":\"https:\/\/www.gigroupholding.com\/espana\/wp-content\/uploads\/sites\/4\/2024\/03\/Reduccion-de-jornada-ANGELA-1.png\",\"contentUrl\":\"https:\/\/www.gigroupholding.com\/espana\/wp-content\/uploads\/sites\/4\/2024\/03\/Reduccion-de-jornada-ANGELA-1.png\",\"width\":900,\"height\":900,\"caption\":\"reducci\u00f3n de la jornada laboral\"},{\"@type\":\"BreadcrumbList\",\"@id\":\"https:\/\/www.gigroupholding.com\/espana\/entorno-laboral-inclusivo\/#breadcrumb\",\"itemListElement\":[{\"@type\":\"ListItem\",\"position\":1,\"name\":\"Advice\",\"item\":\"https:\/\/www.gigroupholding.com\/espana\/category\/advice\/\"},{\"@type\":\"ListItem\",\"position\":2,\"name\":\"Equipos y Talento: Talent and Attraction Engagement Day 2024\"}]},{\"@type\":\"WebSite\",\"@id\":\"https:\/\/www.gigroupholding.com\/espana\/#website\",\"url\":\"https:\/\/www.gigroupholding.com\/espana\/\",\"name\":\"Gi Group Holding Espa\u00f1a\",\"description\":\"Entorno global de servicios integrados de Recursos Humanos\",\"publisher\":{\"@id\":\"https:\/\/www.gigroupholding.com\/espana\/#organization\"},\"potentialAction\":[{\"@type\":\"SearchAction\",\"target\":{\"@type\":\"EntryPoint\",\"urlTemplate\":\"https:\/\/www.gigroupholding.com\/espana\/?s={search_term_string}\"},\"query-input\":{\"@type\":\"PropertyValueSpecification\",\"valueRequired\":true,\"valueName\":\"search_term_string\"}}],\"inLanguage\":\"es\"},{\"@type\":\"Organization\",\"@id\":\"https:\/\/www.gigroupholding.com\/espana\/#organization\",\"name\":\"Gi Group Holding\",\"url\":\"https:\/\/www.gigroupholding.com\/espana\/\",\"logo\":{\"@type\":\"ImageObject\",\"inLanguage\":\"es\",\"@id\":\"https:\/\/www.gigroupholding.com\/espana\/#\/schema\/logo\/image\/\",\"url\":\"https:\/\/www.gigroupholding.com\/espana\/wp-content\/uploads\/sites\/4\/2022\/04\/GIGROUPHOLDING-LOGO-RGB-e1649316299235.png\",\"contentUrl\":\"https:\/\/www.gigroupholding.com\/espana\/wp-content\/uploads\/sites\/4\/2022\/04\/GIGROUPHOLDING-LOGO-RGB-e1649316299235.png\",\"width\":900,\"height\":456,\"caption\":\"Gi Group Holding\"},\"image\":{\"@id\":\"https:\/\/www.gigroupholding.com\/espana\/#\/schema\/logo\/image\/\"}},{\"@type\":\"Person\",\"@id\":\"https:\/\/www.gigroupholding.com\/espana\/#\/schema\/person\/0753f12ad0464892272b5c87c79cf6f7\",\"name\":\"tmora\",\"image\":{\"@type\":\"ImageObject\",\"inLanguage\":\"es\",\"@id\":\"https:\/\/www.gigroupholding.com\/espana\/#\/schema\/person\/image\/\",\"url\":\"https:\/\/secure.gravatar.com\/avatar\/83a58e8d663c3362e7ce3184b3052d8f?s=96&d=mm&r=g\",\"contentUrl\":\"https:\/\/secure.gravatar.com\/avatar\/83a58e8d663c3362e7ce3184b3052d8f?s=96&d=mm&r=g\",\"caption\":\"tmora\"},\"url\":\"https:\/\/www.gigroupholding.com\/espana\/author\/tmora\/\"}]}<\/script>\n<!-- \/ Yoast SEO plugin. -->","yoast_head_json":{"title":"El Impacto de un entorno laboral inclusivo y diverso - Evento E&T","description":"Acuerdo para el desarrollo del talento digital con Fundaci\u00f3n Vass. Objetivo: acelerar la incorporaci\u00f3n laboral de profesionales TIC.","robots":{"index":"index","follow":"follow","max-snippet":"max-snippet:-1","max-image-preview":"max-image-preview:large","max-video-preview":"max-video-preview:-1"},"canonical":"https:\/\/www.gigroupholding.com\/espana\/entorno-laboral-inclusivo\/","og_locale":"es_ES","og_type":"article","og_title":"Gi Group Holding Espana - Gi Group anuncia un importante hito en su historia. El lanzamiento de Gi Group Holding","og_description":"Esta nueva marca corporativa posiciona al Grupo a nivel Global como una empresa de referencia ofreciendo soluciones 360\u00ba de Recursos Humanos, presente en 30 pa\u00edses.","og_url":"https:\/\/www.gigroupholding.com\/espana\/entorno-laboral-inclusivo\/","og_site_name":"Gi Group Holding Espa\u00f1a","article_published_time":"2024-04-18T08:53:23+00:00","article_modified_time":"2024-04-18T10:55:47+00:00","og_image":[{"width":1200,"height":628,"url":"https:\/\/www.gigroupholding.com\/espana\/wp-content\/uploads\/sites\/4\/2022\/04\/Featured-Image-social-media.png","type":"image\/png"}],"author":"tmora","twitter_card":"summary_large_image","twitter_title":"Gi Group Holding Espana - Gi Group anuncia un importante hito en su historia. El lanzamiento de Gi Group Holding","twitter_description":"Esta nueva marca corporativa posiciona al Grupo a nivel Global como una empresa de referencia ofreciendo soluciones 360\u00ba de Recursos Humanos, presente en 30 pa\u00edses.","twitter_image":"https:\/\/www.gigroupholding.com\/espana\/wp-content\/uploads\/sites\/4\/2022\/04\/Featured-Image-social-media.png","twitter_misc":{"Escrito por":"tmora","Tiempo de lectura":"3 minutos"},"schema":{"@context":"https:\/\/schema.org","@graph":[{"@type":"Article","@id":"https:\/\/www.gigroupholding.com\/espana\/entorno-laboral-inclusivo\/#article","isPartOf":{"@id":"https:\/\/www.gigroupholding.com\/espana\/entorno-laboral-inclusivo\/"},"author":{"name":"tmora","@id":"https:\/\/www.gigroupholding.com\/espana\/#\/schema\/person\/0753f12ad0464892272b5c87c79cf6f7"},"headline":"Equipos y Talento: Talent and Attraction Engagement Day 2024","datePublished":"2024-04-18T08:53:23+00:00","dateModified":"2024-04-18T10:55:47+00:00","mainEntityOfPage":{"@id":"https:\/\/www.gigroupholding.com\/espana\/entorno-laboral-inclusivo\/"},"wordCount":612,"commentCount":0,"publisher":{"@id":"https:\/\/www.gigroupholding.com\/espana\/#organization"},"image":{"@id":"https:\/\/www.gigroupholding.com\/espana\/entorno-laboral-inclusivo\/#primaryimage"},"thumbnailUrl":"https:\/\/www.gigroupholding.com\/espana\/wp-content\/uploads\/sites\/4\/2024\/03\/Reduccion-de-jornada-ANGELA-1.png","articleSection":["Advice"],"inLanguage":"es","potentialAction":[{"@type":"CommentAction","name":"Comment","target":["https:\/\/www.gigroupholding.com\/espana\/entorno-laboral-inclusivo\/#respond"]}]},{"@type":"WebPage","@id":"https:\/\/www.gigroupholding.com\/espana\/entorno-laboral-inclusivo\/","url":"https:\/\/www.gigroupholding.com\/espana\/entorno-laboral-inclusivo\/","name":"El Impacto de un entorno laboral inclusivo y diverso - Evento E&T","isPartOf":{"@id":"https:\/\/www.gigroupholding.com\/espana\/#website"},"primaryImageOfPage":{"@id":"https:\/\/www.gigroupholding.com\/espana\/entorno-laboral-inclusivo\/#primaryimage"},"image":{"@id":"https:\/\/www.gigroupholding.com\/espana\/entorno-laboral-inclusivo\/#primaryimage"},"thumbnailUrl":"https:\/\/www.gigroupholding.com\/espana\/wp-content\/uploads\/sites\/4\/2024\/03\/Reduccion-de-jornada-ANGELA-1.png","datePublished":"2024-04-18T08:53:23+00:00","dateModified":"2024-04-18T10:55:47+00:00","description":"Acuerdo para el desarrollo del talento digital con Fundaci\u00f3n Vass. Objetivo: acelerar la incorporaci\u00f3n laboral de profesionales TIC.","breadcrumb":{"@id":"https:\/\/www.gigroupholding.com\/espana\/entorno-laboral-inclusivo\/#breadcrumb"},"inLanguage":"es","potentialAction":[{"@type":"ReadAction","target":["https:\/\/www.gigroupholding.com\/espana\/entorno-laboral-inclusivo\/"]}]},{"@type":"ImageObject","inLanguage":"es","@id":"https:\/\/www.gigroupholding.com\/espana\/entorno-laboral-inclusivo\/#primaryimage","url":"https:\/\/www.gigroupholding.com\/espana\/wp-content\/uploads\/sites\/4\/2024\/03\/Reduccion-de-jornada-ANGELA-1.png","contentUrl":"https:\/\/www.gigroupholding.com\/espana\/wp-content\/uploads\/sites\/4\/2024\/03\/Reduccion-de-jornada-ANGELA-1.png","width":900,"height":900,"caption":"reducci\u00f3n de la jornada laboral"},{"@type":"BreadcrumbList","@id":"https:\/\/www.gigroupholding.com\/espana\/entorno-laboral-inclusivo\/#breadcrumb","itemListElement":[{"@type":"ListItem","position":1,"name":"Advice","item":"https:\/\/www.gigroupholding.com\/espana\/category\/advice\/"},{"@type":"ListItem","position":2,"name":"Equipos y Talento: Talent and Attraction Engagement Day 2024"}]},{"@type":"WebSite","@id":"https:\/\/www.gigroupholding.com\/espana\/#website","url":"https:\/\/www.gigroupholding.com\/espana\/","name":"Gi Group Holding Espa\u00f1a","description":"Entorno global de servicios integrados de Recursos Humanos","publisher":{"@id":"https:\/\/www.gigroupholding.com\/espana\/#organization"},"potentialAction":[{"@type":"SearchAction","target":{"@type":"EntryPoint","urlTemplate":"https:\/\/www.gigroupholding.com\/espana\/?s={search_term_string}"},"query-input":{"@type":"PropertyValueSpecification","valueRequired":true,"valueName":"search_term_string"}}],"inLanguage":"es"},{"@type":"Organization","@id":"https:\/\/www.gigroupholding.com\/espana\/#organization","name":"Gi Group Holding","url":"https:\/\/www.gigroupholding.com\/espana\/","logo":{"@type":"ImageObject","inLanguage":"es","@id":"https:\/\/www.gigroupholding.com\/espana\/#\/schema\/logo\/image\/","url":"https:\/\/www.gigroupholding.com\/espana\/wp-content\/uploads\/sites\/4\/2022\/04\/GIGROUPHOLDING-LOGO-RGB-e1649316299235.png","contentUrl":"https:\/\/www.gigroupholding.com\/espana\/wp-content\/uploads\/sites\/4\/2022\/04\/GIGROUPHOLDING-LOGO-RGB-e1649316299235.png","width":900,"height":456,"caption":"Gi Group Holding"},"image":{"@id":"https:\/\/www.gigroupholding.com\/espana\/#\/schema\/logo\/image\/"}},{"@type":"Person","@id":"https:\/\/www.gigroupholding.com\/espana\/#\/schema\/person\/0753f12ad0464892272b5c87c79cf6f7","name":"tmora","image":{"@type":"ImageObject","inLanguage":"es","@id":"https:\/\/www.gigroupholding.com\/espana\/#\/schema\/person\/image\/","url":"https:\/\/secure.gravatar.com\/avatar\/83a58e8d663c3362e7ce3184b3052d8f?s=96&d=mm&r=g","contentUrl":"https:\/\/secure.gravatar.com\/avatar\/83a58e8d663c3362e7ce3184b3052d8f?s=96&d=mm&r=g","caption":"tmora"},"url":"https:\/\/www.gigroupholding.com\/espana\/author\/tmora\/"}]}},"_links":{"self":[{"href":"https:\/\/www.gigroupholding.com\/espana\/wp-json\/wp\/v2\/posts\/38379","targetHints":{"allow":["GET"]}}],"collection":[{"href":"https:\/\/www.gigroupholding.com\/espana\/wp-json\/wp\/v2\/posts"}],"about":[{"href":"https:\/\/www.gigroupholding.com\/espana\/wp-json\/wp\/v2\/types\/post"}],"author":[{"embeddable":true,"href":"https:\/\/www.gigroupholding.com\/espana\/wp-json\/wp\/v2\/users\/38"}],"replies":[{"embeddable":true,"href":"https:\/\/www.gigroupholding.com\/espana\/wp-json\/wp\/v2\/comments?post=38379"}],"version-history":[{"count":34,"href":"https:\/\/www.gigroupholding.com\/espana\/wp-json\/wp\/v2\/posts\/38379\/revisions"}],"predecessor-version":[{"id":39562,"href":"https:\/\/www.gigroupholding.com\/espana\/wp-json\/wp\/v2\/posts\/38379\/revisions\/39562"}],"wp:featuredmedia":[{"embeddable":true,"href":"https:\/\/www.gigroupholding.com\/espana\/wp-json\/wp\/v2\/media\/38380"}],"wp:attachment":[{"href":"https:\/\/www.gigroupholding.com\/espana\/wp-json\/wp\/v2\/media?parent=38379"}],"wp:term":[{"taxonomy":"category","embeddable":true,"href":"https:\/\/www.gigroupholding.com\/espana\/wp-json\/wp\/v2\/categories?post=38379"},{"taxonomy":"post_tag","embeddable":true,"href":"https:\/\/www.gigroupholding.com\/espana\/wp-json\/wp\/v2\/tags?post=38379"}],"curies":[{"name":"wp","href":"https:\/\/api.w.org\/{rel}","templated":true}]}}