{"id":37863,"date":"2024-03-05T08:53:23","date_gmt":"2024-03-05T08:53:23","guid":{"rendered":"https:\/\/www.gigroupholding.com\/espana\/cultura-corporativa-consistente-rui-2\/"},"modified":"2024-03-05T16:28:18","modified_gmt":"2024-03-05T16:28:18","slug":"fundacion-vass-desarrollo-talento-digital","status":"publish","type":"post","link":"https:\/\/www.gigroupholding.com\/espana\/fundacion-vass-desarrollo-talento-digital\/","title":{"rendered":"Gi Group Holding y Fundaci\u00f3n VASS firman un acuerdo de colaboraci\u00f3n para potenciar el desarrollo del talento digital"},"content":{"rendered":"\t\t<div data-elementor-type=\"wp-post\" data-elementor-id=\"37863\" class=\"elementor elementor-37863\" data-elementor-post-type=\"post\">\n\t\t\t\t\t\t<section class=\"elementor-section elementor-top-section elementor-element elementor-element-2d3d7b1 elementor-section-boxed elementor-section-height-default elementor-section-height-default\" data-id=\"2d3d7b1\" data-element_type=\"section\" data-settings=\"{&quot;background_background&quot;:&quot;classic&quot;}\">\n\t\t\t\t\t\t<div class=\"elementor-container elementor-column-gap-default\">\n\t\t\t\t\t<div class=\"elementor-column elementor-col-100 elementor-top-column elementor-element elementor-element-a61ced5\" data-id=\"a61ced5\" data-element_type=\"column\">\n\t\t\t<div class=\"elementor-widget-wrap elementor-element-populated\">\n\t\t\t\t\t\t<div class=\"elementor-element elementor-element-4977cb8 elementor-widget elementor-widget-heading\" data-id=\"4977cb8\" data-element_type=\"widget\" data-widget_type=\"heading.default\">\n\t\t\t\t<div class=\"elementor-widget-container\">\n\t\t\t<p class=\"elementor-heading-title elementor-size-default\">News - Desarrollo del talento digital<\/p>\t\t<\/div>\n\t\t\t\t<\/div>\n\t\t\t\t<div class=\"elementor-element elementor-element-f1e8d83 elementor-widget elementor-widget-spacer\" data-id=\"f1e8d83\" data-element_type=\"widget\" data-widget_type=\"spacer.default\">\n\t\t\t\t<div class=\"elementor-widget-container\">\n\t\t\t\t\t<div class=\"elementor-spacer\">\n\t\t\t<div class=\"elementor-spacer-inner\"><\/div>\n\t\t<\/div>\n\t\t\t\t<\/div>\n\t\t\t\t<\/div>\n\t\t\t\t<div class=\"elementor-element elementor-element-0899b76 elementor-widget elementor-widget-heading\" data-id=\"0899b76\" data-element_type=\"widget\" data-widget_type=\"heading.default\">\n\t\t\t\t<div class=\"elementor-widget-container\">\n\t\t\t<h2 class=\"elementor-heading-title elementor-size-default\">Gi Group Holding y Fundaci\u00f3n VASS acuerdan potenciar el desarrollo del talento digital<\/h2>\t\t<\/div>\n\t\t\t\t<\/div>\n\t\t\t\t<div class=\"elementor-element elementor-element-7c1e6d0 elementor-widget elementor-widget-spacer\" data-id=\"7c1e6d0\" data-element_type=\"widget\" data-widget_type=\"spacer.default\">\n\t\t\t\t<div class=\"elementor-widget-container\">\n\t\t\t\t\t<div class=\"elementor-spacer\">\n\t\t\t<div class=\"elementor-spacer-inner\"><\/div>\n\t\t<\/div>\n\t\t\t\t<\/div>\n\t\t\t\t<\/div>\n\t\t\t\t<div class=\"elementor-element elementor-element-5829a65 max-width-940 elementor-widget elementor-widget-heading\" data-id=\"5829a65\" data-element_type=\"widget\" data-widget_type=\"heading.default\">\n\t\t\t\t<div class=\"elementor-widget-container\">\n\t\t\t<p class=\"elementor-heading-title elementor-size-default\">Ambas entidades se unen con el objetivo de emprender acciones que favorezcan la incorporaci\u00f3n de profesionales del sector de las TIC a las empresas. <\/p>\t\t<\/div>\n\t\t\t\t<\/div>\n\t\t\t\t\t<\/div>\n\t\t<\/div>\n\t\t\t\t\t<\/div>\n\t\t<\/section>\n\t\t\t\t<section class=\"elementor-section elementor-top-section elementor-element elementor-element-b004013 elementor-section-boxed elementor-section-height-default elementor-section-height-default\" data-id=\"b004013\" data-element_type=\"section\">\n\t\t\t\t\t\t<div class=\"elementor-container elementor-column-gap-default\">\n\t\t\t\t\t<div class=\"elementor-column elementor-col-100 elementor-top-column elementor-element elementor-element-480b442\" data-id=\"480b442\" data-element_type=\"column\">\n\t\t\t<div class=\"elementor-widget-wrap elementor-element-populated\">\n\t\t\t\t\t\t<div class=\"elementor-element elementor-element-84aac98 elementor-widget__width-initial elementor-widget elementor-widget-text-editor\" data-id=\"84aac98\" data-element_type=\"widget\" data-widget_type=\"text-editor.default\">\n\t\t\t\t<div class=\"elementor-widget-container\">\n\t\t\t\t\t\t\t<p><a href=\"https:\/\/www.gigroupholding.com\/espana\">Gi Group Holding<\/a>, multinacional que ofrece soluciones 360\u00ba de RRHH, y <a href=\"https:\/\/www.fundacionvass.org\/\">Fundaci\u00f3n VASS<\/a>, para el desarrollo del talento digital, han anunciado un acuerdo de colaboraci\u00f3n por el que sumar\u00e1n esfuerzos para promover acciones que mejoren y aceleren la incorporaci\u00f3n laboral de profesionales especializados en el \u00e1rea TIC.<\/p><p>Este acuerdo prev\u00e9 que ambas entidades colaboren en el <b>desarrollo de actividades que potencien la formaci\u00f3n de los candidatos<\/b>, impulsen la empleabilidad de personas con discapacidad, as\u00ed como en estrategias de captaci\u00f3n y selecci\u00f3n de personal. Asimismo, esta alianza entre Fundaci\u00f3n VASS y Gi Group Holding fortalecer\u00e1 la investigaci\u00f3n y an\u00e1lisis del mercado laboral mediante la colaboraci\u00f3n mutua.<\/p><p>Fundaci\u00f3n VASS aportar\u00e1 su <b>experiencia en el sector tecnol\u00f3gico y su compromiso con la inserci\u00f3n laboral de personas con discapacidad en entornos ordinarios<\/b>, potenciando as\u00ed la apuesta de Gi Group Holding en este \u00e1mbito a trav\u00e9s de su centro de investigaci\u00f3n y divulgaci\u00f3n de conocimiento, Gi Data Hub.<\/p>\t\t\t\t\t\t<\/div>\n\t\t\t\t<\/div>\n\t\t\t\t<div class=\"elementor-element elementor-element-636a3b5 elementor-blockquote--skin-border elementor-blockquote--button-color-official elementor-widget elementor-widget-blockquote\" data-id=\"636a3b5\" data-element_type=\"widget\" data-widget_type=\"blockquote.default\">\n\t\t\t\t<div class=\"elementor-widget-container\">\n\t\t\t\t\t<blockquote class=\"elementor-blockquote\">\n\t\t\t<p class=\"elementor-blockquote__content\">\n\t\t\t\tPara Gi Group Holding, este acuerdo con la Fundaci\u00f3n VASS es m\u00e1s que estrat\u00e9gico; es un compromiso por el desarrollo del talento digital. En medio de una realidad socioecon\u00f3mica compleja, acompa\u00f1amos a las organizaciones para responder a las demandas del mercado, conscientes de que el imparable avance de la transformaci\u00f3n digital exige enfoques innovadores para potenciar la empleabilidad en esta \u00e1rea. Nuestro compromiso es ofrecer soluciones concretas a los desaf\u00edos del mundo laboral actual. Uno de esos retos es la eliminaci\u00f3n de barreras y la mejora del acceso al empleo de personas vulnerables o en riesgo de exclusi\u00f3n. Nuestro deber es convertirnos en un agente facilitador, que en colaboraci\u00f3n con la Fundaci\u00f3n VASS, promueva la inclusi\u00f3n laboral de estos colectivos.\t\t\t<\/p>\n\t\t\t\t\t\t\t<div class=\"e-q-footer\">\n\t\t\t\t\t\t\t\t\t\t\t<cite class=\"elementor-blockquote__author\">Patricia Barroso, Country Manager de Gi Group Holding Espa\u00f1a<\/cite>\n\t\t\t\t\t\t\t\t\t\t\t\t\t\t<\/div>\n\t\t\t\t\t<\/blockquote>\n\t\t\t\t<\/div>\n\t\t\t\t<\/div>\n\t\t\t\t<div class=\"elementor-element elementor-element-6b5b956 elementor-widget elementor-widget-image\" data-id=\"6b5b956\" data-element_type=\"widget\" data-widget_type=\"image.default\">\n\t\t\t\t<div class=\"elementor-widget-container\">\n\t\t\t\t\t\t\t\t\t\t\t\t\t<img fetchpriority=\"high\" decoding=\"async\" width=\"1200\" height=\"675\" src=\"https:\/\/www.gigroupholding.com\/espana\/wp-content\/uploads\/sites\/4\/2024\/03\/fundacion-vass-WEB.png\" class=\"attachment-full size-full wp-image-38028\" alt=\"desarrollo del talento digital\" srcset=\"https:\/\/www.gigroupholding.com\/espana\/wp-content\/uploads\/sites\/4\/2024\/03\/fundacion-vass-WEB.png 1200w, https:\/\/www.gigroupholding.com\/espana\/wp-content\/uploads\/sites\/4\/2024\/03\/fundacion-vass-WEB-300x169.png 300w, https:\/\/www.gigroupholding.com\/espana\/wp-content\/uploads\/sites\/4\/2024\/03\/fundacion-vass-WEB-1024x576.png 1024w, https:\/\/www.gigroupholding.com\/espana\/wp-content\/uploads\/sites\/4\/2024\/03\/fundacion-vass-WEB-768x432.png 768w\" sizes=\"(max-width: 1200px) 100vw, 1200px\" \/>\t\t\t\t\t\t\t\t\t\t\t\t\t<\/div>\n\t\t\t\t<\/div>\n\t\t\t\t<div class=\"elementor-element elementor-element-6495e71 elementor-blockquote--skin-border elementor-blockquote--button-color-official elementor-widget elementor-widget-blockquote\" data-id=\"6495e71\" data-element_type=\"widget\" data-widget_type=\"blockquote.default\">\n\t\t\t\t<div class=\"elementor-widget-container\">\n\t\t\t\t\t<blockquote class=\"elementor-blockquote\">\n\t\t\t<p class=\"elementor-blockquote__content\">\n\t\t\t\tLa acelerada transformaci\u00f3n digital necesita una continua adaptaci\u00f3n de las competencias y perfiles profesionales. Cultivar un nuevo talento digital bajo enfoques innovadores e inclusivos es un reto may\u00fasculo merecedor de la m\u00e1xima atenci\u00f3n. Y la colaboraci\u00f3n de ambas instituciones abre un nuevo e ilusionante mapa de actuaciones con la vocaci\u00f3n de no dejar a nadie atr\u00e1s.\t\t\t<\/p>\n\t\t\t\t\t\t\t<div class=\"e-q-footer\">\n\t\t\t\t\t\t\t\t\t\t\t<cite class=\"elementor-blockquote__author\">Antonio Rueda, director de la Fundaci\u00f3n VASS<\/cite>\n\t\t\t\t\t\t\t\t\t\t\t\t\t\t<\/div>\n\t\t\t\t\t<\/blockquote>\n\t\t\t\t<\/div>\n\t\t\t\t<\/div>\n\t\t\t\t<div class=\"elementor-element elementor-element-108b1f4 elementor-widget__width-initial elementor-widget elementor-widget-text-editor\" data-id=\"108b1f4\" data-element_type=\"widget\" data-widget_type=\"text-editor.default\">\n\t\t\t\t<div class=\"elementor-widget-container\">\n\t\t\t\t\t\t\t<p>Gi Group Holding es una multinacional italiana que ofrece soluciones 360\u00ba de RRHH. Con m\u00e1s de 20 a\u00f1os de experiencia, su objetivo es crear un <b>ecosistema global de servicios integrados<\/b> que contribuya a la evoluci\u00f3n hacia un mercado laboral cada vez m\u00e1s sostenible. En Espa\u00f1a, el Grupo est\u00e1 presente desde 2008.<\/p><p>Por su parte, Fundaci\u00f3n VASS apuesta por la formaci\u00f3n en contenidos digitales y profesiones tecnol\u00f3gicas altamente demandadas en el mercado de trabajo presente y futuro como una oportunidad \u00fanica para <b>favorecer la autonom\u00eda personal y la inclusi\u00f3n real de las personas con discapacidad en nuestra sociedad.<\/b><\/p>\t\t\t\t\t\t<\/div>\n\t\t\t\t<\/div>\n\t\t\t\t\t<\/div>\n\t\t<\/div>\n\t\t\t\t\t<\/div>\n\t\t<\/section>\n\t\t\t\t<\/div>\n\t\t","protected":false},"excerpt":{"rendered":"<p>Gi Group Holding renueva su compromiso como Patrocinador Gold de AEDRH, una organizaci\u00f3n de referencia en Espa\u00f1a en el \u00e1mbito de la gesti\u00f3n de personas.<\/p>\n","protected":false},"author":38,"featured_media":38028,"comment_status":"open","ping_status":"open","sticky":false,"template":"","format":"standard","meta":{"_acf_changed":false,"footnotes":"","_links_to":"","_links_to_target":""},"categories":[46],"tags":[],"class_list":["post-37863","post","type-post","status-publish","format-standard","has-post-thumbnail","hentry","category-advice"],"acf":[],"yoast_head":"<!-- This site is optimized with the Yoast SEO plugin v23.9 - https:\/\/yoast.com\/wordpress\/plugins\/seo\/ -->\n<title>Potenciando el desarrollo del talento digital con Fundaci\u00f3n Vass<\/title>\n<meta name=\"description\" content=\"Acuerdo para el desarrollo del talento digital con Fundaci\u00f3n Vass. Objetivo: acelerar la incorporaci\u00f3n laboral de profesionales TIC.\" \/>\n<meta name=\"robots\" content=\"index, follow, max-snippet:-1, max-image-preview:large, max-video-preview:-1\" \/>\n<link rel=\"canonical\" href=\"https:\/\/www.gigroupholding.com\/espana\/fundacion-vass-desarrollo-talento-digital\/\" \/>\n<meta property=\"og:locale\" content=\"es_ES\" \/>\n<meta property=\"og:type\" content=\"article\" \/>\n<meta property=\"og:title\" content=\"Gi Group Holding Espana - Gi Group anuncia un importante hito en su historia. El lanzamiento de Gi Group Holding\" \/>\n<meta property=\"og:description\" content=\"Esta nueva marca corporativa posiciona al Grupo a nivel Global como una empresa de referencia ofreciendo soluciones 360\u00ba de Recursos Humanos, presente en 30 pa\u00edses.\" \/>\n<meta property=\"og:url\" content=\"https:\/\/www.gigroupholding.com\/espana\/fundacion-vass-desarrollo-talento-digital\/\" \/>\n<meta property=\"og:site_name\" content=\"Gi Group Holding Espa\u00f1a\" \/>\n<meta property=\"article:published_time\" content=\"2024-03-05T08:53:23+00:00\" \/>\n<meta property=\"article:modified_time\" content=\"2024-03-05T16:28:18+00:00\" \/>\n<meta property=\"og:image\" content=\"https:\/\/www.gigroupholding.com\/espana\/wp-content\/uploads\/sites\/4\/2022\/04\/Featured-Image-social-media.png\" \/>\n\t<meta property=\"og:image:width\" content=\"1200\" \/>\n\t<meta property=\"og:image:height\" content=\"628\" \/>\n\t<meta property=\"og:image:type\" content=\"image\/png\" \/>\n<meta name=\"author\" content=\"tmora\" \/>\n<meta name=\"twitter:card\" content=\"summary_large_image\" \/>\n<meta name=\"twitter:title\" content=\"Gi Group Holding Espana - Gi Group anuncia un importante hito en su historia. El lanzamiento de Gi Group Holding\" \/>\n<meta name=\"twitter:description\" content=\"Esta nueva marca corporativa posiciona al Grupo a nivel Global como una empresa de referencia ofreciendo soluciones 360\u00ba de Recursos Humanos, presente en 30 pa\u00edses.\" \/>\n<meta name=\"twitter:image\" content=\"https:\/\/www.gigroupholding.com\/espana\/wp-content\/uploads\/sites\/4\/2022\/04\/Featured-Image-social-media.png\" \/>\n<meta name=\"twitter:label1\" content=\"Escrito por\" \/>\n\t<meta name=\"twitter:data1\" content=\"tmora\" \/>\n\t<meta name=\"twitter:label2\" content=\"Tiempo de lectura\" \/>\n\t<meta name=\"twitter:data2\" content=\"3 minutos\" \/>\n<script type=\"application\/ld+json\" class=\"yoast-schema-graph\">{\"@context\":\"https:\/\/schema.org\",\"@graph\":[{\"@type\":\"Article\",\"@id\":\"https:\/\/www.gigroupholding.com\/espana\/fundacion-vass-desarrollo-talento-digital\/#article\",\"isPartOf\":{\"@id\":\"https:\/\/www.gigroupholding.com\/espana\/fundacion-vass-desarrollo-talento-digital\/\"},\"author\":{\"name\":\"tmora\",\"@id\":\"https:\/\/www.gigroupholding.com\/espana\/#\/schema\/person\/0753f12ad0464892272b5c87c79cf6f7\"},\"headline\":\"Gi Group Holding y Fundaci\u00f3n VASS firman un acuerdo de colaboraci\u00f3n para potenciar el desarrollo del talento digital\",\"datePublished\":\"2024-03-05T08:53:23+00:00\",\"dateModified\":\"2024-03-05T16:28:18+00:00\",\"mainEntityOfPage\":{\"@id\":\"https:\/\/www.gigroupholding.com\/espana\/fundacion-vass-desarrollo-talento-digital\/\"},\"wordCount\":552,\"commentCount\":0,\"publisher\":{\"@id\":\"https:\/\/www.gigroupholding.com\/espana\/#organization\"},\"image\":{\"@id\":\"https:\/\/www.gigroupholding.com\/espana\/fundacion-vass-desarrollo-talento-digital\/#primaryimage\"},\"thumbnailUrl\":\"https:\/\/www.gigroupholding.com\/espana\/wp-content\/uploads\/sites\/4\/2024\/03\/fundacion-vass-WEB.png\",\"articleSection\":[\"Advice\"],\"inLanguage\":\"es\",\"potentialAction\":[{\"@type\":\"CommentAction\",\"name\":\"Comment\",\"target\":[\"https:\/\/www.gigroupholding.com\/espana\/fundacion-vass-desarrollo-talento-digital\/#respond\"]}]},{\"@type\":\"WebPage\",\"@id\":\"https:\/\/www.gigroupholding.com\/espana\/fundacion-vass-desarrollo-talento-digital\/\",\"url\":\"https:\/\/www.gigroupholding.com\/espana\/fundacion-vass-desarrollo-talento-digital\/\",\"name\":\"Potenciando el desarrollo del talento digital con Fundaci\u00f3n Vass\",\"isPartOf\":{\"@id\":\"https:\/\/www.gigroupholding.com\/espana\/#website\"},\"primaryImageOfPage\":{\"@id\":\"https:\/\/www.gigroupholding.com\/espana\/fundacion-vass-desarrollo-talento-digital\/#primaryimage\"},\"image\":{\"@id\":\"https:\/\/www.gigroupholding.com\/espana\/fundacion-vass-desarrollo-talento-digital\/#primaryimage\"},\"thumbnailUrl\":\"https:\/\/www.gigroupholding.com\/espana\/wp-content\/uploads\/sites\/4\/2024\/03\/fundacion-vass-WEB.png\",\"datePublished\":\"2024-03-05T08:53:23+00:00\",\"dateModified\":\"2024-03-05T16:28:18+00:00\",\"description\":\"Acuerdo para el desarrollo del talento digital con Fundaci\u00f3n Vass. Objetivo: acelerar la incorporaci\u00f3n laboral de profesionales TIC.\",\"breadcrumb\":{\"@id\":\"https:\/\/www.gigroupholding.com\/espana\/fundacion-vass-desarrollo-talento-digital\/#breadcrumb\"},\"inLanguage\":\"es\",\"potentialAction\":[{\"@type\":\"ReadAction\",\"target\":[\"https:\/\/www.gigroupholding.com\/espana\/fundacion-vass-desarrollo-talento-digital\/\"]}]},{\"@type\":\"ImageObject\",\"inLanguage\":\"es\",\"@id\":\"https:\/\/www.gigroupholding.com\/espana\/fundacion-vass-desarrollo-talento-digital\/#primaryimage\",\"url\":\"https:\/\/www.gigroupholding.com\/espana\/wp-content\/uploads\/sites\/4\/2024\/03\/fundacion-vass-WEB.png\",\"contentUrl\":\"https:\/\/www.gigroupholding.com\/espana\/wp-content\/uploads\/sites\/4\/2024\/03\/fundacion-vass-WEB.png\",\"width\":1200,\"height\":675,\"caption\":\"desarrollo del talento digital\"},{\"@type\":\"BreadcrumbList\",\"@id\":\"https:\/\/www.gigroupholding.com\/espana\/fundacion-vass-desarrollo-talento-digital\/#breadcrumb\",\"itemListElement\":[{\"@type\":\"ListItem\",\"position\":1,\"name\":\"Advice\",\"item\":\"https:\/\/www.gigroupholding.com\/espana\/category\/advice\/\"},{\"@type\":\"ListItem\",\"position\":2,\"name\":\"Gi Group Holding y Fundaci\u00f3n VASS firman un acuerdo de colaboraci\u00f3n para potenciar el desarrollo del talento digital\"}]},{\"@type\":\"WebSite\",\"@id\":\"https:\/\/www.gigroupholding.com\/espana\/#website\",\"url\":\"https:\/\/www.gigroupholding.com\/espana\/\",\"name\":\"Gi Group Holding Espa\u00f1a\",\"description\":\"Entorno global de servicios integrados de Recursos Humanos\",\"publisher\":{\"@id\":\"https:\/\/www.gigroupholding.com\/espana\/#organization\"},\"potentialAction\":[{\"@type\":\"SearchAction\",\"target\":{\"@type\":\"EntryPoint\",\"urlTemplate\":\"https:\/\/www.gigroupholding.com\/espana\/?s={search_term_string}\"},\"query-input\":{\"@type\":\"PropertyValueSpecification\",\"valueRequired\":true,\"valueName\":\"search_term_string\"}}],\"inLanguage\":\"es\"},{\"@type\":\"Organization\",\"@id\":\"https:\/\/www.gigroupholding.com\/espana\/#organization\",\"name\":\"Gi Group Holding\",\"url\":\"https:\/\/www.gigroupholding.com\/espana\/\",\"logo\":{\"@type\":\"ImageObject\",\"inLanguage\":\"es\",\"@id\":\"https:\/\/www.gigroupholding.com\/espana\/#\/schema\/logo\/image\/\",\"url\":\"https:\/\/www.gigroupholding.com\/espana\/wp-content\/uploads\/sites\/4\/2022\/04\/GIGROUPHOLDING-LOGO-RGB-e1649316299235.png\",\"contentUrl\":\"https:\/\/www.gigroupholding.com\/espana\/wp-content\/uploads\/sites\/4\/2022\/04\/GIGROUPHOLDING-LOGO-RGB-e1649316299235.png\",\"width\":900,\"height\":456,\"caption\":\"Gi Group Holding\"},\"image\":{\"@id\":\"https:\/\/www.gigroupholding.com\/espana\/#\/schema\/logo\/image\/\"}},{\"@type\":\"Person\",\"@id\":\"https:\/\/www.gigroupholding.com\/espana\/#\/schema\/person\/0753f12ad0464892272b5c87c79cf6f7\",\"name\":\"tmora\",\"image\":{\"@type\":\"ImageObject\",\"inLanguage\":\"es\",\"@id\":\"https:\/\/www.gigroupholding.com\/espana\/#\/schema\/person\/image\/\",\"url\":\"https:\/\/secure.gravatar.com\/avatar\/83a58e8d663c3362e7ce3184b3052d8f?s=96&d=mm&r=g\",\"contentUrl\":\"https:\/\/secure.gravatar.com\/avatar\/83a58e8d663c3362e7ce3184b3052d8f?s=96&d=mm&r=g\",\"caption\":\"tmora\"},\"url\":\"https:\/\/www.gigroupholding.com\/espana\/author\/tmora\/\"}]}<\/script>\n<!-- \/ Yoast SEO plugin. -->","yoast_head_json":{"title":"Potenciando el desarrollo del talento digital con Fundaci\u00f3n Vass","description":"Acuerdo para el desarrollo del talento digital con Fundaci\u00f3n Vass. Objetivo: acelerar la incorporaci\u00f3n laboral de profesionales TIC.","robots":{"index":"index","follow":"follow","max-snippet":"max-snippet:-1","max-image-preview":"max-image-preview:large","max-video-preview":"max-video-preview:-1"},"canonical":"https:\/\/www.gigroupholding.com\/espana\/fundacion-vass-desarrollo-talento-digital\/","og_locale":"es_ES","og_type":"article","og_title":"Gi Group Holding Espana - Gi Group anuncia un importante hito en su historia. El lanzamiento de Gi Group Holding","og_description":"Esta nueva marca corporativa posiciona al Grupo a nivel Global como una empresa de referencia ofreciendo soluciones 360\u00ba de Recursos Humanos, presente en 30 pa\u00edses.","og_url":"https:\/\/www.gigroupholding.com\/espana\/fundacion-vass-desarrollo-talento-digital\/","og_site_name":"Gi Group Holding Espa\u00f1a","article_published_time":"2024-03-05T08:53:23+00:00","article_modified_time":"2024-03-05T16:28:18+00:00","og_image":[{"width":1200,"height":628,"url":"https:\/\/www.gigroupholding.com\/espana\/wp-content\/uploads\/sites\/4\/2022\/04\/Featured-Image-social-media.png","type":"image\/png"}],"author":"tmora","twitter_card":"summary_large_image","twitter_title":"Gi Group Holding Espana - Gi Group anuncia un importante hito en su historia. El lanzamiento de Gi Group Holding","twitter_description":"Esta nueva marca corporativa posiciona al Grupo a nivel Global como una empresa de referencia ofreciendo soluciones 360\u00ba de Recursos Humanos, presente en 30 pa\u00edses.","twitter_image":"https:\/\/www.gigroupholding.com\/espana\/wp-content\/uploads\/sites\/4\/2022\/04\/Featured-Image-social-media.png","twitter_misc":{"Escrito por":"tmora","Tiempo de lectura":"3 minutos"},"schema":{"@context":"https:\/\/schema.org","@graph":[{"@type":"Article","@id":"https:\/\/www.gigroupholding.com\/espana\/fundacion-vass-desarrollo-talento-digital\/#article","isPartOf":{"@id":"https:\/\/www.gigroupholding.com\/espana\/fundacion-vass-desarrollo-talento-digital\/"},"author":{"name":"tmora","@id":"https:\/\/www.gigroupholding.com\/espana\/#\/schema\/person\/0753f12ad0464892272b5c87c79cf6f7"},"headline":"Gi Group Holding y Fundaci\u00f3n VASS firman un acuerdo de colaboraci\u00f3n para potenciar el desarrollo del talento digital","datePublished":"2024-03-05T08:53:23+00:00","dateModified":"2024-03-05T16:28:18+00:00","mainEntityOfPage":{"@id":"https:\/\/www.gigroupholding.com\/espana\/fundacion-vass-desarrollo-talento-digital\/"},"wordCount":552,"commentCount":0,"publisher":{"@id":"https:\/\/www.gigroupholding.com\/espana\/#organization"},"image":{"@id":"https:\/\/www.gigroupholding.com\/espana\/fundacion-vass-desarrollo-talento-digital\/#primaryimage"},"thumbnailUrl":"https:\/\/www.gigroupholding.com\/espana\/wp-content\/uploads\/sites\/4\/2024\/03\/fundacion-vass-WEB.png","articleSection":["Advice"],"inLanguage":"es","potentialAction":[{"@type":"CommentAction","name":"Comment","target":["https:\/\/www.gigroupholding.com\/espana\/fundacion-vass-desarrollo-talento-digital\/#respond"]}]},{"@type":"WebPage","@id":"https:\/\/www.gigroupholding.com\/espana\/fundacion-vass-desarrollo-talento-digital\/","url":"https:\/\/www.gigroupholding.com\/espana\/fundacion-vass-desarrollo-talento-digital\/","name":"Potenciando el desarrollo del talento digital con Fundaci\u00f3n Vass","isPartOf":{"@id":"https:\/\/www.gigroupholding.com\/espana\/#website"},"primaryImageOfPage":{"@id":"https:\/\/www.gigroupholding.com\/espana\/fundacion-vass-desarrollo-talento-digital\/#primaryimage"},"image":{"@id":"https:\/\/www.gigroupholding.com\/espana\/fundacion-vass-desarrollo-talento-digital\/#primaryimage"},"thumbnailUrl":"https:\/\/www.gigroupholding.com\/espana\/wp-content\/uploads\/sites\/4\/2024\/03\/fundacion-vass-WEB.png","datePublished":"2024-03-05T08:53:23+00:00","dateModified":"2024-03-05T16:28:18+00:00","description":"Acuerdo para el desarrollo del talento digital con Fundaci\u00f3n Vass. Objetivo: acelerar la incorporaci\u00f3n laboral de profesionales TIC.","breadcrumb":{"@id":"https:\/\/www.gigroupholding.com\/espana\/fundacion-vass-desarrollo-talento-digital\/#breadcrumb"},"inLanguage":"es","potentialAction":[{"@type":"ReadAction","target":["https:\/\/www.gigroupholding.com\/espana\/fundacion-vass-desarrollo-talento-digital\/"]}]},{"@type":"ImageObject","inLanguage":"es","@id":"https:\/\/www.gigroupholding.com\/espana\/fundacion-vass-desarrollo-talento-digital\/#primaryimage","url":"https:\/\/www.gigroupholding.com\/espana\/wp-content\/uploads\/sites\/4\/2024\/03\/fundacion-vass-WEB.png","contentUrl":"https:\/\/www.gigroupholding.com\/espana\/wp-content\/uploads\/sites\/4\/2024\/03\/fundacion-vass-WEB.png","width":1200,"height":675,"caption":"desarrollo del talento digital"},{"@type":"BreadcrumbList","@id":"https:\/\/www.gigroupholding.com\/espana\/fundacion-vass-desarrollo-talento-digital\/#breadcrumb","itemListElement":[{"@type":"ListItem","position":1,"name":"Advice","item":"https:\/\/www.gigroupholding.com\/espana\/category\/advice\/"},{"@type":"ListItem","position":2,"name":"Gi Group Holding y Fundaci\u00f3n VASS firman un acuerdo de colaboraci\u00f3n para potenciar el desarrollo del talento digital"}]},{"@type":"WebSite","@id":"https:\/\/www.gigroupholding.com\/espana\/#website","url":"https:\/\/www.gigroupholding.com\/espana\/","name":"Gi Group Holding Espa\u00f1a","description":"Entorno global de servicios integrados de Recursos Humanos","publisher":{"@id":"https:\/\/www.gigroupholding.com\/espana\/#organization"},"potentialAction":[{"@type":"SearchAction","target":{"@type":"EntryPoint","urlTemplate":"https:\/\/www.gigroupholding.com\/espana\/?s={search_term_string}"},"query-input":{"@type":"PropertyValueSpecification","valueRequired":true,"valueName":"search_term_string"}}],"inLanguage":"es"},{"@type":"Organization","@id":"https:\/\/www.gigroupholding.com\/espana\/#organization","name":"Gi Group Holding","url":"https:\/\/www.gigroupholding.com\/espana\/","logo":{"@type":"ImageObject","inLanguage":"es","@id":"https:\/\/www.gigroupholding.com\/espana\/#\/schema\/logo\/image\/","url":"https:\/\/www.gigroupholding.com\/espana\/wp-content\/uploads\/sites\/4\/2022\/04\/GIGROUPHOLDING-LOGO-RGB-e1649316299235.png","contentUrl":"https:\/\/www.gigroupholding.com\/espana\/wp-content\/uploads\/sites\/4\/2022\/04\/GIGROUPHOLDING-LOGO-RGB-e1649316299235.png","width":900,"height":456,"caption":"Gi Group Holding"},"image":{"@id":"https:\/\/www.gigroupholding.com\/espana\/#\/schema\/logo\/image\/"}},{"@type":"Person","@id":"https:\/\/www.gigroupholding.com\/espana\/#\/schema\/person\/0753f12ad0464892272b5c87c79cf6f7","name":"tmora","image":{"@type":"ImageObject","inLanguage":"es","@id":"https:\/\/www.gigroupholding.com\/espana\/#\/schema\/person\/image\/","url":"https:\/\/secure.gravatar.com\/avatar\/83a58e8d663c3362e7ce3184b3052d8f?s=96&d=mm&r=g","contentUrl":"https:\/\/secure.gravatar.com\/avatar\/83a58e8d663c3362e7ce3184b3052d8f?s=96&d=mm&r=g","caption":"tmora"},"url":"https:\/\/www.gigroupholding.com\/espana\/author\/tmora\/"}]}},"_links":{"self":[{"href":"https:\/\/www.gigroupholding.com\/espana\/wp-json\/wp\/v2\/posts\/37863","targetHints":{"allow":["GET"]}}],"collection":[{"href":"https:\/\/www.gigroupholding.com\/espana\/wp-json\/wp\/v2\/posts"}],"about":[{"href":"https:\/\/www.gigroupholding.com\/espana\/wp-json\/wp\/v2\/types\/post"}],"author":[{"embeddable":true,"href":"https:\/\/www.gigroupholding.com\/espana\/wp-json\/wp\/v2\/users\/38"}],"replies":[{"embeddable":true,"href":"https:\/\/www.gigroupholding.com\/espana\/wp-json\/wp\/v2\/comments?post=37863"}],"version-history":[{"count":12,"href":"https:\/\/www.gigroupholding.com\/espana\/wp-json\/wp\/v2\/posts\/37863\/revisions"}],"predecessor-version":[{"id":38041,"href":"https:\/\/www.gigroupholding.com\/espana\/wp-json\/wp\/v2\/posts\/37863\/revisions\/38041"}],"wp:featuredmedia":[{"embeddable":true,"href":"https:\/\/www.gigroupholding.com\/espana\/wp-json\/wp\/v2\/media\/38028"}],"wp:attachment":[{"href":"https:\/\/www.gigroupholding.com\/espana\/wp-json\/wp\/v2\/media?parent=37863"}],"wp:term":[{"taxonomy":"category","embeddable":true,"href":"https:\/\/www.gigroupholding.com\/espana\/wp-json\/wp\/v2\/categories?post=37863"},{"taxonomy":"post_tag","embeddable":true,"href":"https:\/\/www.gigroupholding.com\/espana\/wp-json\/wp\/v2\/tags?post=37863"}],"curies":[{"name":"wp","href":"https:\/\/api.w.org\/{rel}","templated":true}]}}