{"id":15189,"date":"2023-03-22T12:50:05","date_gmt":"2023-03-22T12:50:05","guid":{"rendered":"https:\/\/www.gigroupholding.com\/espana\/?p=15189"},"modified":"2023-03-23T12:04:07","modified_gmt":"2023-03-23T12:04:07","slug":"premio-accesit-compensacion-laboral-beneficios-sociales","status":"publish","type":"post","link":"https:\/\/www.gigroupholding.com\/espana\/premio-accesit-compensacion-laboral-beneficios-sociales\/","title":{"rendered":"Gi Group Holding recibe un premio acc\u00e9sit por su Pol\u00edtica de Compensaci\u00f3n Laboral y Beneficios Sociales"},"content":{"rendered":"\t\t<div data-elementor-type=\"wp-post\" data-elementor-id=\"15189\" class=\"elementor elementor-15189\" data-elementor-post-type=\"post\">\n\t\t\t\t\t\t<section class=\"elementor-section elementor-top-section elementor-element elementor-element-2d3d7b1 elementor-section-boxed elementor-section-height-default elementor-section-height-default\" data-id=\"2d3d7b1\" data-element_type=\"section\" data-settings=\"{&quot;background_background&quot;:&quot;classic&quot;}\">\n\t\t\t\t\t\t<div class=\"elementor-container elementor-column-gap-default\">\n\t\t\t\t\t<div class=\"elementor-column elementor-col-100 elementor-top-column elementor-element elementor-element-a61ced5\" data-id=\"a61ced5\" data-element_type=\"column\">\n\t\t\t<div class=\"elementor-widget-wrap elementor-element-populated\">\n\t\t\t\t\t\t<div class=\"elementor-element elementor-element-4977cb8 elementor-widget elementor-widget-heading\" data-id=\"4977cb8\" data-element_type=\"widget\" data-widget_type=\"heading.default\">\n\t\t\t\t<div class=\"elementor-widget-container\">\n\t\t\t<p class=\"elementor-heading-title elementor-size-default\">News -  Compensaci\u00f3n Laboral y Beneficios Sociales<\/p>\t\t<\/div>\n\t\t\t\t<\/div>\n\t\t\t\t<div class=\"elementor-element elementor-element-f1e8d83 elementor-widget elementor-widget-spacer\" data-id=\"f1e8d83\" data-element_type=\"widget\" data-widget_type=\"spacer.default\">\n\t\t\t\t<div class=\"elementor-widget-container\">\n\t\t\t\t\t<div class=\"elementor-spacer\">\n\t\t\t<div class=\"elementor-spacer-inner\"><\/div>\n\t\t<\/div>\n\t\t\t\t<\/div>\n\t\t\t\t<\/div>\n\t\t\t\t<div class=\"elementor-element elementor-element-0899b76 elementor-widget elementor-widget-heading\" data-id=\"0899b76\" data-element_type=\"widget\" data-widget_type=\"heading.default\">\n\t\t\t\t<div class=\"elementor-widget-container\">\n\t\t\t<p class=\"elementor-heading-title elementor-size-default\">Premio Acc\u00e9sit: Pol\u00edtica de Compensaci\u00f3n Laboral y Beneficios Sociales<\/p>\t\t<\/div>\n\t\t\t\t<\/div>\n\t\t\t\t<div class=\"elementor-element elementor-element-7c1e6d0 elementor-widget elementor-widget-spacer\" data-id=\"7c1e6d0\" data-element_type=\"widget\" data-widget_type=\"spacer.default\">\n\t\t\t\t<div class=\"elementor-widget-container\">\n\t\t\t\t\t<div class=\"elementor-spacer\">\n\t\t\t<div class=\"elementor-spacer-inner\"><\/div>\n\t\t<\/div>\n\t\t\t\t<\/div>\n\t\t\t\t<\/div>\n\t\t\t\t<div class=\"elementor-element elementor-element-5829a65 max-width-940 elementor-widget elementor-widget-heading\" data-id=\"5829a65\" data-element_type=\"widget\" data-widget_type=\"heading.default\">\n\t\t\t\t<div class=\"elementor-widget-container\">\n\t\t\t<p class=\"elementor-heading-title elementor-size-default\">Recogieron el premio nuestro Personnel Administration Manager, Jorge Sierra Larrosa y Silvia Mart\u00ednez Mart\u00edn, HR Director de Gi Group Holding.<\/p>\t\t<\/div>\n\t\t\t\t<\/div>\n\t\t\t\t\t<\/div>\n\t\t<\/div>\n\t\t\t\t\t<\/div>\n\t\t<\/section>\n\t\t\t\t<section class=\"elementor-section elementor-top-section elementor-element elementor-element-702e9a9 elementor-section-boxed elementor-section-height-default elementor-section-height-default\" data-id=\"702e9a9\" data-element_type=\"section\">\n\t\t\t\t\t\t<div class=\"elementor-container elementor-column-gap-default\">\n\t\t\t\t\t<div class=\"elementor-column elementor-col-100 elementor-top-column elementor-element elementor-element-6d199ef\" data-id=\"6d199ef\" data-element_type=\"column\">\n\t\t\t<div class=\"elementor-widget-wrap elementor-element-populated\">\n\t\t\t\t\t\t<div class=\"elementor-element elementor-element-315a75b elementor-widget elementor-widget-text-editor\" data-id=\"315a75b\" data-element_type=\"widget\" data-widget_type=\"text-editor.default\">\n\t\t\t\t<div class=\"elementor-widget-container\">\n\t\t\t\t\t\t\t<p><span style=\"color: #1d57fb\"><strong>\u00a1El equipo de RRHH de <a href=\"https:\/\/www.gigroupholding.com\/espana\/\" target=\"_blank\" rel=\"noopener\">Gi Group Holding<\/a> continua sumando \u00e9xitos!<\/strong><\/span><\/p><p>El 21 de marzo recibieron un premio acc\u00e9sit en los III Premios Compensaci\u00f3n Laboral de RRHH Digital.<\/p><h3><strong><span style=\"color: #00145a\">\u00bfPor qu\u00e9 son importantes estos premios?<\/span><\/strong><\/h3><p>Porque fomentan y destacan las mejores iniciativas en el \u00e1rea de compensaci\u00f3n laboral, tales como planes de <b>beneficios sociales, retribuci\u00f3n flexible,<\/b> cuidado del bienestar f\u00edsico, mental y financiero de los trabajadores&#8230; as\u00ed como la forma de ofrecerlos, en base a la digitalizaci\u00f3n y flexibilidad.<\/p>\t\t\t\t\t\t<\/div>\n\t\t\t\t<\/div>\n\t\t\t\t<section class=\"elementor-section elementor-inner-section elementor-element elementor-element-d507111 elementor-section-boxed elementor-section-height-default elementor-section-height-default\" data-id=\"d507111\" data-element_type=\"section\">\n\t\t\t\t\t\t<div class=\"elementor-container elementor-column-gap-default\">\n\t\t\t\t\t<div class=\"elementor-column elementor-col-100 elementor-inner-column elementor-element elementor-element-a51ecdc\" data-id=\"a51ecdc\" data-element_type=\"column\">\n\t\t\t<div class=\"elementor-widget-wrap elementor-element-populated\">\n\t\t\t\t\t\t<div class=\"elementor-element elementor-element-60d01f3 elementor-widget elementor-widget-image\" data-id=\"60d01f3\" data-element_type=\"widget\" data-widget_type=\"image.default\">\n\t\t\t\t<div class=\"elementor-widget-container\">\n\t\t\t\t\t\t\t\t\t\t\t\t\t<img decoding=\"async\" src=\"https:\/\/www.gigroupholding.com\/espana\/wp-content\/uploads\/sites\/4\/elementor\/thumbs\/Gi-care-Silvia-y-Jorge-q3vx6xg23992c4i4316vuqnfqw8di9s8sxyx33ppu8.jpg\" title=\"Gi care- Silvia y Jorge\" alt=\"beneficios sociales gi care\" loading=\"lazy\" \/>\t\t\t\t\t\t\t\t\t\t\t\t\t<\/div>\n\t\t\t\t<\/div>\n\t\t\t\t\t<\/div>\n\t\t<\/div>\n\t\t\t\t\t<\/div>\n\t\t<\/section>\n\t\t\t\t<div class=\"elementor-element elementor-element-568cf5e elementor-widget elementor-widget-text-editor\" data-id=\"568cf5e\" data-element_type=\"widget\" data-widget_type=\"text-editor.default\">\n\t\t\t\t<div class=\"elementor-widget-container\">\n\t\t\t\t\t\t\t<p>Recogieron el premio nuestro Personnel Administration Manager, Jorge Sierra Larrosa y Silvia Mart\u00ednez Mart\u00edn, HR Director de Gi Group Holding.<\/p>\t\t\t\t\t\t<\/div>\n\t\t\t\t<\/div>\n\t\t\t\t<div class=\"elementor-element elementor-element-8e0b67e elementor-widget elementor-widget-text-editor\" data-id=\"8e0b67e\" data-element_type=\"widget\" data-widget_type=\"text-editor.default\">\n\t\t\t\t<div class=\"elementor-widget-container\">\n\t\t\t\t\t\t\t<p>En Gi Group Holding estamos muy concienciados con los programas de bienestar corporativo, por eso hemos lanzado Gi Care.<\/p>\n<h2><span style=\"color: #1d57fb\"><strong>\u00bfQu\u00e9 es Gi Care?<\/strong><\/span><\/h2>\n<p>El coraz\u00f3n de Gi Group Holding son las personas. Por eso, a trav\u00e9s de nuestro programa de bienestar corporativo Gi Care hemos formalizado nuestra <b>Pol\u00edtica de Conciliaci\u00f3n<\/b>, concretando las medidas espec\u00edficas que se encuentran relacionadas con la <b>flexibilidad laboral, el apoyo a la familia, la salud y el bienestar, as\u00ed como el desarrollo profesional.<\/b><\/p>\t\t\t\t\t\t<\/div>\n\t\t\t\t<\/div>\n\t\t\t\t\t<\/div>\n\t\t<\/div>\n\t\t\t\t\t<\/div>\n\t\t<\/section>\n\t\t\t\t<section class=\"elementor-section elementor-top-section elementor-element elementor-element-adc0b97 elementor-section-boxed elementor-section-height-default elementor-section-height-default\" data-id=\"adc0b97\" data-element_type=\"section\" data-settings=\"{&quot;background_background&quot;:&quot;classic&quot;}\">\n\t\t\t\t\t\t<div class=\"elementor-container elementor-column-gap-default\">\n\t\t\t\t\t<div class=\"elementor-column elementor-col-50 elementor-top-column elementor-element elementor-element-7425483\" data-id=\"7425483\" data-element_type=\"column\">\n\t\t\t<div class=\"elementor-widget-wrap elementor-element-populated\">\n\t\t\t\t\t\t<div class=\"elementor-element elementor-element-3f8b306 elementor-widget elementor-widget-text-editor\" data-id=\"3f8b306\" data-element_type=\"widget\" data-widget_type=\"text-editor.default\">\n\t\t\t\t<div class=\"elementor-widget-container\">\n\t\t\t\t\t\t\t<h4><span style=\"color: #1d57fb\"><strong>Flexibilidad<\/strong><\/span><\/h4><ul><li>Horario flexible.<\/li><li>Teletrabajo.<\/li><li>Tarde libre una vez a la semana.<\/li><li>Horario especial en Navidad.<\/li><li>D\u00eda de cumplea\u00f1os.<\/li><\/ul>\t\t\t\t\t\t<\/div>\n\t\t\t\t<\/div>\n\t\t\t\t<div class=\"elementor-element elementor-element-7efa7a3 elementor-widget elementor-widget-text-editor\" data-id=\"7efa7a3\" data-element_type=\"widget\" data-widget_type=\"text-editor.default\">\n\t\t\t\t<div class=\"elementor-widget-container\">\n\t\t\t\t\t\t\t<h4><span style=\"color: #1d57fb\"><strong>Desarrollo Profesional<\/strong><\/span><\/h4><ul><li>Formaci\u00f3n cont\u00ednua: Master en RRHH, Ingl\u00e9s y plataforma Docebo.<\/li><li>Desarrollo profesional, con Job Internal Opportunities.<\/li><\/ul>\t\t\t\t\t\t<\/div>\n\t\t\t\t<\/div>\n\t\t\t\t\t<\/div>\n\t\t<\/div>\n\t\t\t\t<div class=\"elementor-column elementor-col-50 elementor-top-column elementor-element elementor-element-63ce576\" data-id=\"63ce576\" data-element_type=\"column\">\n\t\t\t<div class=\"elementor-widget-wrap elementor-element-populated\">\n\t\t\t\t\t\t<div class=\"elementor-element elementor-element-87cfd0b elementor-widget elementor-widget-text-editor\" data-id=\"87cfd0b\" data-element_type=\"widget\" data-widget_type=\"text-editor.default\">\n\t\t\t\t<div class=\"elementor-widget-container\">\n\t\t\t\t\t\t\t<h4><span style=\"color: #1d57fb\"><strong>Salud y Conciliaci\u00f3n Familiar<\/strong><\/span><\/h4><ul><li>Seguro m\u00e9dico.<\/li><li>Seguro de vida.<\/li><li>Urgencias familiares.<\/li><li>Ayuda guarder\u00eda.<\/li><\/ul>\t\t\t\t\t\t<\/div>\n\t\t\t\t<\/div>\n\t\t\t\t<div class=\"elementor-element elementor-element-abf6b03 elementor-widget elementor-widget-text-editor\" data-id=\"abf6b03\" data-element_type=\"widget\" data-widget_type=\"text-editor.default\">\n\t\t\t\t<div class=\"elementor-widget-container\">\n\t\t\t\t\t\t\t<h4><span style=\"color: #1d57fb\"><strong>Bienestar y Ocio<\/strong><\/span><\/h4><ul><li>Retribuci\u00f3n flexible.<\/li><li>GInvita<\/li><li>Netflix.<\/li><li>Gi Well: Iniciativas que se realizan peri\u00f3dicamente con el objetivo a de mejorar su salud f\u00edsica y mental.<\/li><\/ul>\t\t\t\t\t\t<\/div>\n\t\t\t\t<\/div>\n\t\t\t\t\t<\/div>\n\t\t<\/div>\n\t\t\t\t\t<\/div>\n\t\t<\/section>\n\t\t\t\t<section class=\"elementor-section elementor-top-section elementor-element elementor-element-1961383 elementor-section-boxed elementor-section-height-default elementor-section-height-default\" data-id=\"1961383\" data-element_type=\"section\">\n\t\t\t\t\t\t<div class=\"elementor-container elementor-column-gap-default\">\n\t\t\t\t\t<div class=\"elementor-column elementor-col-100 elementor-top-column elementor-element elementor-element-a576f18\" data-id=\"a576f18\" data-element_type=\"column\">\n\t\t\t<div class=\"elementor-widget-wrap elementor-element-populated\">\n\t\t\t\t\t\t<div class=\"elementor-element elementor-element-aec6955 elementor-widget elementor-widget-text-editor\" data-id=\"aec6955\" data-element_type=\"widget\" data-widget_type=\"text-editor.default\">\n\t\t\t\t<div class=\"elementor-widget-container\">\n\t\t\t\t\t\t\t<h2><strong><span style=\"color: #1d57fb\">Digitalizaci\u00f3n de la retribuci\u00f3n flexible a trav\u00e9s de Cobee<\/span><\/strong><\/h2><p>Adem\u00e1s, ahora nuestros empleados ya pueden gestionar de forma flexible sus beneficios sociales, consultar el ahorro y los movimientos de su tarjeta <a href=\"https:\/\/www.linkedin.com\/company\/cobee-espana\/\" data-attribute-index=\"0\" data-entity-type=\"MINI_COMPANY\">Cobee.<\/a>\u00a0Y por supuesto, elegir cu\u00e1ndo y en qu\u00e9 se gastan el dinero.<\/p><p>No te pierdas la <a href=\"https:\/\/factorhumano.es\/3d-flip-book\/factor-humano-numero-12-marzo-2023\/?fb3d-page=42\" target=\"_blank\" rel=\"noopener\">entrevista completa en Factor Humano<\/a>, donde contamos c\u00f3mo hemos pasado de una adhesi\u00f3n de retribuci\u00f3n flexible del 20% de la plantilla, a un 95% de la mano de Cobee.<\/p><p><strong>\u00a1Una soluci\u00f3n a las necesidades de nuestro personal en Espa\u00f1a!<\/strong><\/p>\t\t\t\t\t\t<\/div>\n\t\t\t\t<\/div>\n\t\t\t\t<div class=\"elementor-element elementor-element-74d92e6 elementor-widget elementor-widget-image\" data-id=\"74d92e6\" data-element_type=\"widget\" data-widget_type=\"image.default\">\n\t\t\t\t<div class=\"elementor-widget-container\">\n\t\t\t\t\t\t\t\t\t\t\t\t\t\t<a href=\"https:\/\/factorhumano.es\/3d-flip-book\/factor-humano-numero-12-marzo-2023\/?fb3d-page=42\">\n\t\t\t\t\t\t\t<img fetchpriority=\"high\" decoding=\"async\" width=\"674\" height=\"355\" src=\"https:\/\/www.gigroupholding.com\/espana\/wp-content\/uploads\/sites\/4\/2023\/03\/factor-humano-cobee.png\" class=\"attachment-large size-large wp-image-15332\" alt=\"entrevista retribuci\u00f3n flexible\" srcset=\"https:\/\/www.gigroupholding.com\/espana\/wp-content\/uploads\/sites\/4\/2023\/03\/factor-humano-cobee.png 674w, https:\/\/www.gigroupholding.com\/espana\/wp-content\/uploads\/sites\/4\/2023\/03\/factor-humano-cobee-300x158.png 300w\" sizes=\"(max-width: 674px) 100vw, 674px\" \/>\t\t\t\t\t\t\t\t<\/a>\n\t\t\t\t\t\t\t\t\t\t\t\t\t<\/div>\n\t\t\t\t<\/div>\n\t\t\t\t\t<\/div>\n\t\t<\/div>\n\t\t\t\t\t<\/div>\n\t\t<\/section>\n\t\t\t\t<\/div>\n\t\t","protected":false},"excerpt":{"rendered":"<p>El comienzo del a\u00f1o siempre viene cargado con buenos prop\u00f3sitos, nuevos objetivos y una motivaci\u00f3n extra que nos empuja a dar lo mejor de nosotros mismos. Y es que enero se considera el mejor mes para encontrar trabajo. \u00bfSabes por qu\u00e9?<\/p>\n","protected":false},"author":38,"featured_media":15291,"comment_status":"open","ping_status":"open","sticky":false,"template":"","format":"standard","meta":{"_acf_changed":false,"footnotes":"","_links_to":"","_links_to_target":""},"categories":[75],"tags":[],"class_list":["post-15189","post","type-post","status-publish","format-standard","has-post-thumbnail","hentry","category-eventos"],"acf":[],"yoast_head":"<!-- This site is optimized with the Yoast SEO plugin v23.9 - https:\/\/yoast.com\/wordpress\/plugins\/seo\/ -->\n<title>Premio acc\u00e9sit: Compensaci\u00f3n Laboral y Beneficios Sociales<\/title>\n<meta name=\"description\" content=\"Te contamos c\u00f3mo en Gi Group Holding cuidamos la compensaci\u00f3n laboral, los beneficios sociales y la retribuci\u00f3n flexible.\" \/>\n<meta name=\"robots\" content=\"index, follow, max-snippet:-1, max-image-preview:large, max-video-preview:-1\" \/>\n<link rel=\"canonical\" href=\"https:\/\/www.gigroupholding.com\/espana\/premio-accesit-compensacion-laboral-beneficios-sociales\/\" \/>\n<meta property=\"og:locale\" content=\"es_ES\" \/>\n<meta property=\"og:type\" content=\"article\" \/>\n<meta property=\"og:title\" content=\"Premio acc\u00e9sit: Compensaci\u00f3n Laboral y Beneficios Sociales\" \/>\n<meta property=\"og:description\" content=\"Te contamos c\u00f3mo en Gi Group Holding cuidamos la compensaci\u00f3n laboral, los beneficios sociales y la retribuci\u00f3n flexible.\" \/>\n<meta property=\"og:url\" content=\"https:\/\/www.gigroupholding.com\/espana\/premio-accesit-compensacion-laboral-beneficios-sociales\/\" \/>\n<meta property=\"og:site_name\" content=\"Gi Group Holding Espa\u00f1a\" \/>\n<meta property=\"article:published_time\" content=\"2023-03-22T12:50:05+00:00\" \/>\n<meta property=\"article:modified_time\" content=\"2023-03-23T12:04:07+00:00\" \/>\n<meta property=\"og:image\" content=\"https:\/\/www.gigroupholding.com\/espana\/wp-content\/uploads\/sites\/4\/2023\/03\/Gi-care-Silvia-y-Jorge.jpg\" \/>\n\t<meta property=\"og:image:width\" content=\"1024\" \/>\n\t<meta property=\"og:image:height\" content=\"768\" \/>\n\t<meta property=\"og:image:type\" content=\"image\/jpeg\" \/>\n<meta name=\"author\" content=\"tmora\" \/>\n<meta name=\"twitter:card\" content=\"summary_large_image\" \/>\n<meta name=\"twitter:label1\" content=\"Escrito por\" \/>\n\t<meta name=\"twitter:data1\" content=\"tmora\" \/>\n\t<meta name=\"twitter:label2\" content=\"Tiempo de lectura\" \/>\n\t<meta name=\"twitter:data2\" content=\"3 minutos\" \/>\n<script type=\"application\/ld+json\" class=\"yoast-schema-graph\">{\"@context\":\"https:\/\/schema.org\",\"@graph\":[{\"@type\":\"Article\",\"@id\":\"https:\/\/www.gigroupholding.com\/espana\/premio-accesit-compensacion-laboral-beneficios-sociales\/#article\",\"isPartOf\":{\"@id\":\"https:\/\/www.gigroupholding.com\/espana\/premio-accesit-compensacion-laboral-beneficios-sociales\/\"},\"author\":{\"name\":\"tmora\",\"@id\":\"https:\/\/www.gigroupholding.com\/espana\/#\/schema\/person\/0753f12ad0464892272b5c87c79cf6f7\"},\"headline\":\"Gi Group Holding recibe un premio acc\u00e9sit por su Pol\u00edtica de Compensaci\u00f3n Laboral y Beneficios Sociales\",\"datePublished\":\"2023-03-22T12:50:05+00:00\",\"dateModified\":\"2023-03-23T12:04:07+00:00\",\"mainEntityOfPage\":{\"@id\":\"https:\/\/www.gigroupholding.com\/espana\/premio-accesit-compensacion-laboral-beneficios-sociales\/\"},\"wordCount\":427,\"commentCount\":0,\"publisher\":{\"@id\":\"https:\/\/www.gigroupholding.com\/espana\/#organization\"},\"image\":{\"@id\":\"https:\/\/www.gigroupholding.com\/espana\/premio-accesit-compensacion-laboral-beneficios-sociales\/#primaryimage\"},\"thumbnailUrl\":\"https:\/\/www.gigroupholding.com\/espana\/wp-content\/uploads\/sites\/4\/2023\/03\/Gi-care-Silvia-y-Jorge.jpg\",\"articleSection\":[\"Eventos\"],\"inLanguage\":\"es\",\"potentialAction\":[{\"@type\":\"CommentAction\",\"name\":\"Comment\",\"target\":[\"https:\/\/www.gigroupholding.com\/espana\/premio-accesit-compensacion-laboral-beneficios-sociales\/#respond\"]}]},{\"@type\":\"WebPage\",\"@id\":\"https:\/\/www.gigroupholding.com\/espana\/premio-accesit-compensacion-laboral-beneficios-sociales\/\",\"url\":\"https:\/\/www.gigroupholding.com\/espana\/premio-accesit-compensacion-laboral-beneficios-sociales\/\",\"name\":\"Premio acc\u00e9sit: Compensaci\u00f3n Laboral y Beneficios Sociales\",\"isPartOf\":{\"@id\":\"https:\/\/www.gigroupholding.com\/espana\/#website\"},\"primaryImageOfPage\":{\"@id\":\"https:\/\/www.gigroupholding.com\/espana\/premio-accesit-compensacion-laboral-beneficios-sociales\/#primaryimage\"},\"image\":{\"@id\":\"https:\/\/www.gigroupholding.com\/espana\/premio-accesit-compensacion-laboral-beneficios-sociales\/#primaryimage\"},\"thumbnailUrl\":\"https:\/\/www.gigroupholding.com\/espana\/wp-content\/uploads\/sites\/4\/2023\/03\/Gi-care-Silvia-y-Jorge.jpg\",\"datePublished\":\"2023-03-22T12:50:05+00:00\",\"dateModified\":\"2023-03-23T12:04:07+00:00\",\"description\":\"Te contamos c\u00f3mo en Gi Group Holding cuidamos la compensaci\u00f3n laboral, los beneficios sociales y la retribuci\u00f3n flexible.\",\"breadcrumb\":{\"@id\":\"https:\/\/www.gigroupholding.com\/espana\/premio-accesit-compensacion-laboral-beneficios-sociales\/#breadcrumb\"},\"inLanguage\":\"es\",\"potentialAction\":[{\"@type\":\"ReadAction\",\"target\":[\"https:\/\/www.gigroupholding.com\/espana\/premio-accesit-compensacion-laboral-beneficios-sociales\/\"]}]},{\"@type\":\"ImageObject\",\"inLanguage\":\"es\",\"@id\":\"https:\/\/www.gigroupholding.com\/espana\/premio-accesit-compensacion-laboral-beneficios-sociales\/#primaryimage\",\"url\":\"https:\/\/www.gigroupholding.com\/espana\/wp-content\/uploads\/sites\/4\/2023\/03\/Gi-care-Silvia-y-Jorge.jpg\",\"contentUrl\":\"https:\/\/www.gigroupholding.com\/espana\/wp-content\/uploads\/sites\/4\/2023\/03\/Gi-care-Silvia-y-Jorge.jpg\",\"width\":1024,\"height\":768,\"caption\":\"beneficios sociales gi care\"},{\"@type\":\"BreadcrumbList\",\"@id\":\"https:\/\/www.gigroupholding.com\/espana\/premio-accesit-compensacion-laboral-beneficios-sociales\/#breadcrumb\",\"itemListElement\":[{\"@type\":\"ListItem\",\"position\":1,\"name\":\"Eventos\",\"item\":\"https:\/\/www.gigroupholding.com\/espana\/category\/eventos\/\"},{\"@type\":\"ListItem\",\"position\":2,\"name\":\"Gi Group Holding recibe un premio acc\u00e9sit por su Pol\u00edtica de Compensaci\u00f3n Laboral y Beneficios Sociales\"}]},{\"@type\":\"WebSite\",\"@id\":\"https:\/\/www.gigroupholding.com\/espana\/#website\",\"url\":\"https:\/\/www.gigroupholding.com\/espana\/\",\"name\":\"Gi Group Holding Espa\u00f1a\",\"description\":\"Entorno global de servicios integrados de Recursos Humanos\",\"publisher\":{\"@id\":\"https:\/\/www.gigroupholding.com\/espana\/#organization\"},\"potentialAction\":[{\"@type\":\"SearchAction\",\"target\":{\"@type\":\"EntryPoint\",\"urlTemplate\":\"https:\/\/www.gigroupholding.com\/espana\/?s={search_term_string}\"},\"query-input\":{\"@type\":\"PropertyValueSpecification\",\"valueRequired\":true,\"valueName\":\"search_term_string\"}}],\"inLanguage\":\"es\"},{\"@type\":\"Organization\",\"@id\":\"https:\/\/www.gigroupholding.com\/espana\/#organization\",\"name\":\"Gi Group Holding\",\"url\":\"https:\/\/www.gigroupholding.com\/espana\/\",\"logo\":{\"@type\":\"ImageObject\",\"inLanguage\":\"es\",\"@id\":\"https:\/\/www.gigroupholding.com\/espana\/#\/schema\/logo\/image\/\",\"url\":\"https:\/\/www.gigroupholding.com\/espana\/wp-content\/uploads\/sites\/4\/2022\/04\/GIGROUPHOLDING-LOGO-RGB-e1649316299235.png\",\"contentUrl\":\"https:\/\/www.gigroupholding.com\/espana\/wp-content\/uploads\/sites\/4\/2022\/04\/GIGROUPHOLDING-LOGO-RGB-e1649316299235.png\",\"width\":900,\"height\":456,\"caption\":\"Gi Group Holding\"},\"image\":{\"@id\":\"https:\/\/www.gigroupholding.com\/espana\/#\/schema\/logo\/image\/\"}},{\"@type\":\"Person\",\"@id\":\"https:\/\/www.gigroupholding.com\/espana\/#\/schema\/person\/0753f12ad0464892272b5c87c79cf6f7\",\"name\":\"tmora\",\"image\":{\"@type\":\"ImageObject\",\"inLanguage\":\"es\",\"@id\":\"https:\/\/www.gigroupholding.com\/espana\/#\/schema\/person\/image\/\",\"url\":\"https:\/\/secure.gravatar.com\/avatar\/83a58e8d663c3362e7ce3184b3052d8f?s=96&d=mm&r=g\",\"contentUrl\":\"https:\/\/secure.gravatar.com\/avatar\/83a58e8d663c3362e7ce3184b3052d8f?s=96&d=mm&r=g\",\"caption\":\"tmora\"},\"url\":\"https:\/\/www.gigroupholding.com\/espana\/author\/tmora\/\"}]}<\/script>\n<!-- \/ Yoast SEO plugin. -->","yoast_head_json":{"title":"Premio acc\u00e9sit: Compensaci\u00f3n Laboral y Beneficios Sociales","description":"Te contamos c\u00f3mo en Gi Group Holding cuidamos la compensaci\u00f3n laboral, los beneficios sociales y la retribuci\u00f3n flexible.","robots":{"index":"index","follow":"follow","max-snippet":"max-snippet:-1","max-image-preview":"max-image-preview:large","max-video-preview":"max-video-preview:-1"},"canonical":"https:\/\/www.gigroupholding.com\/espana\/premio-accesit-compensacion-laboral-beneficios-sociales\/","og_locale":"es_ES","og_type":"article","og_title":"Premio acc\u00e9sit: Compensaci\u00f3n Laboral y Beneficios Sociales","og_description":"Te contamos c\u00f3mo en Gi Group Holding cuidamos la compensaci\u00f3n laboral, los beneficios sociales y la retribuci\u00f3n flexible.","og_url":"https:\/\/www.gigroupholding.com\/espana\/premio-accesit-compensacion-laboral-beneficios-sociales\/","og_site_name":"Gi Group Holding Espa\u00f1a","article_published_time":"2023-03-22T12:50:05+00:00","article_modified_time":"2023-03-23T12:04:07+00:00","og_image":[{"width":1024,"height":768,"url":"https:\/\/www.gigroupholding.com\/espana\/wp-content\/uploads\/sites\/4\/2023\/03\/Gi-care-Silvia-y-Jorge.jpg","type":"image\/jpeg"}],"author":"tmora","twitter_card":"summary_large_image","twitter_misc":{"Escrito por":"tmora","Tiempo de lectura":"3 minutos"},"schema":{"@context":"https:\/\/schema.org","@graph":[{"@type":"Article","@id":"https:\/\/www.gigroupholding.com\/espana\/premio-accesit-compensacion-laboral-beneficios-sociales\/#article","isPartOf":{"@id":"https:\/\/www.gigroupholding.com\/espana\/premio-accesit-compensacion-laboral-beneficios-sociales\/"},"author":{"name":"tmora","@id":"https:\/\/www.gigroupholding.com\/espana\/#\/schema\/person\/0753f12ad0464892272b5c87c79cf6f7"},"headline":"Gi Group Holding recibe un premio acc\u00e9sit por su Pol\u00edtica de Compensaci\u00f3n Laboral y Beneficios Sociales","datePublished":"2023-03-22T12:50:05+00:00","dateModified":"2023-03-23T12:04:07+00:00","mainEntityOfPage":{"@id":"https:\/\/www.gigroupholding.com\/espana\/premio-accesit-compensacion-laboral-beneficios-sociales\/"},"wordCount":427,"commentCount":0,"publisher":{"@id":"https:\/\/www.gigroupholding.com\/espana\/#organization"},"image":{"@id":"https:\/\/www.gigroupholding.com\/espana\/premio-accesit-compensacion-laboral-beneficios-sociales\/#primaryimage"},"thumbnailUrl":"https:\/\/www.gigroupholding.com\/espana\/wp-content\/uploads\/sites\/4\/2023\/03\/Gi-care-Silvia-y-Jorge.jpg","articleSection":["Eventos"],"inLanguage":"es","potentialAction":[{"@type":"CommentAction","name":"Comment","target":["https:\/\/www.gigroupholding.com\/espana\/premio-accesit-compensacion-laboral-beneficios-sociales\/#respond"]}]},{"@type":"WebPage","@id":"https:\/\/www.gigroupholding.com\/espana\/premio-accesit-compensacion-laboral-beneficios-sociales\/","url":"https:\/\/www.gigroupholding.com\/espana\/premio-accesit-compensacion-laboral-beneficios-sociales\/","name":"Premio acc\u00e9sit: Compensaci\u00f3n Laboral y Beneficios Sociales","isPartOf":{"@id":"https:\/\/www.gigroupholding.com\/espana\/#website"},"primaryImageOfPage":{"@id":"https:\/\/www.gigroupholding.com\/espana\/premio-accesit-compensacion-laboral-beneficios-sociales\/#primaryimage"},"image":{"@id":"https:\/\/www.gigroupholding.com\/espana\/premio-accesit-compensacion-laboral-beneficios-sociales\/#primaryimage"},"thumbnailUrl":"https:\/\/www.gigroupholding.com\/espana\/wp-content\/uploads\/sites\/4\/2023\/03\/Gi-care-Silvia-y-Jorge.jpg","datePublished":"2023-03-22T12:50:05+00:00","dateModified":"2023-03-23T12:04:07+00:00","description":"Te contamos c\u00f3mo en Gi Group Holding cuidamos la compensaci\u00f3n laboral, los beneficios sociales y la retribuci\u00f3n flexible.","breadcrumb":{"@id":"https:\/\/www.gigroupholding.com\/espana\/premio-accesit-compensacion-laboral-beneficios-sociales\/#breadcrumb"},"inLanguage":"es","potentialAction":[{"@type":"ReadAction","target":["https:\/\/www.gigroupholding.com\/espana\/premio-accesit-compensacion-laboral-beneficios-sociales\/"]}]},{"@type":"ImageObject","inLanguage":"es","@id":"https:\/\/www.gigroupholding.com\/espana\/premio-accesit-compensacion-laboral-beneficios-sociales\/#primaryimage","url":"https:\/\/www.gigroupholding.com\/espana\/wp-content\/uploads\/sites\/4\/2023\/03\/Gi-care-Silvia-y-Jorge.jpg","contentUrl":"https:\/\/www.gigroupholding.com\/espana\/wp-content\/uploads\/sites\/4\/2023\/03\/Gi-care-Silvia-y-Jorge.jpg","width":1024,"height":768,"caption":"beneficios sociales gi care"},{"@type":"BreadcrumbList","@id":"https:\/\/www.gigroupholding.com\/espana\/premio-accesit-compensacion-laboral-beneficios-sociales\/#breadcrumb","itemListElement":[{"@type":"ListItem","position":1,"name":"Eventos","item":"https:\/\/www.gigroupholding.com\/espana\/category\/eventos\/"},{"@type":"ListItem","position":2,"name":"Gi Group Holding recibe un premio acc\u00e9sit por su Pol\u00edtica de Compensaci\u00f3n Laboral y Beneficios Sociales"}]},{"@type":"WebSite","@id":"https:\/\/www.gigroupholding.com\/espana\/#website","url":"https:\/\/www.gigroupholding.com\/espana\/","name":"Gi Group Holding Espa\u00f1a","description":"Entorno global de servicios integrados de Recursos Humanos","publisher":{"@id":"https:\/\/www.gigroupholding.com\/espana\/#organization"},"potentialAction":[{"@type":"SearchAction","target":{"@type":"EntryPoint","urlTemplate":"https:\/\/www.gigroupholding.com\/espana\/?s={search_term_string}"},"query-input":{"@type":"PropertyValueSpecification","valueRequired":true,"valueName":"search_term_string"}}],"inLanguage":"es"},{"@type":"Organization","@id":"https:\/\/www.gigroupholding.com\/espana\/#organization","name":"Gi Group Holding","url":"https:\/\/www.gigroupholding.com\/espana\/","logo":{"@type":"ImageObject","inLanguage":"es","@id":"https:\/\/www.gigroupholding.com\/espana\/#\/schema\/logo\/image\/","url":"https:\/\/www.gigroupholding.com\/espana\/wp-content\/uploads\/sites\/4\/2022\/04\/GIGROUPHOLDING-LOGO-RGB-e1649316299235.png","contentUrl":"https:\/\/www.gigroupholding.com\/espana\/wp-content\/uploads\/sites\/4\/2022\/04\/GIGROUPHOLDING-LOGO-RGB-e1649316299235.png","width":900,"height":456,"caption":"Gi Group Holding"},"image":{"@id":"https:\/\/www.gigroupholding.com\/espana\/#\/schema\/logo\/image\/"}},{"@type":"Person","@id":"https:\/\/www.gigroupholding.com\/espana\/#\/schema\/person\/0753f12ad0464892272b5c87c79cf6f7","name":"tmora","image":{"@type":"ImageObject","inLanguage":"es","@id":"https:\/\/www.gigroupholding.com\/espana\/#\/schema\/person\/image\/","url":"https:\/\/secure.gravatar.com\/avatar\/83a58e8d663c3362e7ce3184b3052d8f?s=96&d=mm&r=g","contentUrl":"https:\/\/secure.gravatar.com\/avatar\/83a58e8d663c3362e7ce3184b3052d8f?s=96&d=mm&r=g","caption":"tmora"},"url":"https:\/\/www.gigroupholding.com\/espana\/author\/tmora\/"}]}},"_links":{"self":[{"href":"https:\/\/www.gigroupholding.com\/espana\/wp-json\/wp\/v2\/posts\/15189","targetHints":{"allow":["GET"]}}],"collection":[{"href":"https:\/\/www.gigroupholding.com\/espana\/wp-json\/wp\/v2\/posts"}],"about":[{"href":"https:\/\/www.gigroupholding.com\/espana\/wp-json\/wp\/v2\/types\/post"}],"author":[{"embeddable":true,"href":"https:\/\/www.gigroupholding.com\/espana\/wp-json\/wp\/v2\/users\/38"}],"replies":[{"embeddable":true,"href":"https:\/\/www.gigroupholding.com\/espana\/wp-json\/wp\/v2\/comments?post=15189"}],"version-history":[{"count":69,"href":"https:\/\/www.gigroupholding.com\/espana\/wp-json\/wp\/v2\/posts\/15189\/revisions"}],"predecessor-version":[{"id":15363,"href":"https:\/\/www.gigroupholding.com\/espana\/wp-json\/wp\/v2\/posts\/15189\/revisions\/15363"}],"wp:featuredmedia":[{"embeddable":true,"href":"https:\/\/www.gigroupholding.com\/espana\/wp-json\/wp\/v2\/media\/15291"}],"wp:attachment":[{"href":"https:\/\/www.gigroupholding.com\/espana\/wp-json\/wp\/v2\/media?parent=15189"}],"wp:term":[{"taxonomy":"category","embeddable":true,"href":"https:\/\/www.gigroupholding.com\/espana\/wp-json\/wp\/v2\/categories?post=15189"},{"taxonomy":"post_tag","embeddable":true,"href":"https:\/\/www.gigroupholding.com\/espana\/wp-json\/wp\/v2\/tags?post=15189"}],"curies":[{"name":"wp","href":"https:\/\/api.w.org\/{rel}","templated":true}]}}