{"id":117558,"date":"2025-02-02T11:45:05","date_gmt":"2025-02-02T11:45:05","guid":{"rendered":"https:\/\/www.gigroupholding.com\/espana\/?p=117558"},"modified":"2025-04-04T14:20:58","modified_gmt":"2025-04-04T14:20:58","slug":"inclusion-laboral-sostenibilidad-pacto-mundial","status":"publish","type":"post","link":"https:\/\/www.gigroupholding.com\/espana\/inclusion-laboral-sostenibilidad-pacto-mundial\/","title":{"rendered":"Pacto Mundial. Gi Group Holding: Comprometidos con la inclusi\u00f3n Laboral y la sostenibilidad"},"content":{"rendered":"\t\t<div data-elementor-type=\"wp-post\" data-elementor-id=\"117558\" class=\"elementor elementor-117558\" data-elementor-post-type=\"post\">\n\t\t\t\t\t\t<section class=\"elementor-section elementor-top-section elementor-element elementor-element-2d3d7b1 elementor-section-boxed elementor-section-height-default elementor-section-height-default\" data-id=\"2d3d7b1\" data-element_type=\"section\" data-settings=\"{&quot;background_background&quot;:&quot;classic&quot;}\">\n\t\t\t\t\t\t<div class=\"elementor-container elementor-column-gap-default\">\n\t\t\t\t\t<div class=\"elementor-column elementor-col-100 elementor-top-column elementor-element elementor-element-a61ced5\" data-id=\"a61ced5\" data-element_type=\"column\">\n\t\t\t<div class=\"elementor-widget-wrap elementor-element-populated\">\n\t\t\t\t\t\t<div class=\"elementor-element elementor-element-4977cb8 elementor-widget elementor-widget-heading\" data-id=\"4977cb8\" data-element_type=\"widget\" data-widget_type=\"heading.default\">\n\t\t\t\t<div class=\"elementor-widget-container\">\n\t\t\t<p class=\"elementor-heading-title elementor-size-default\">News - Iniciativas inclusi\u00f3n laboral, sostenibilidad y Pacto Mundial.<\/p>\t\t<\/div>\n\t\t\t\t<\/div>\n\t\t\t\t<div class=\"elementor-element elementor-element-f1e8d83 elementor-widget elementor-widget-spacer\" data-id=\"f1e8d83\" data-element_type=\"widget\" data-widget_type=\"spacer.default\">\n\t\t\t\t<div class=\"elementor-widget-container\">\n\t\t\t\t\t<div class=\"elementor-spacer\">\n\t\t\t<div class=\"elementor-spacer-inner\"><\/div>\n\t\t<\/div>\n\t\t\t\t<\/div>\n\t\t\t\t<\/div>\n\t\t\t\t<div class=\"elementor-element elementor-element-0899b76 elementor-widget elementor-widget-heading\" data-id=\"0899b76\" data-element_type=\"widget\" data-widget_type=\"heading.default\">\n\t\t\t\t<div class=\"elementor-widget-container\">\n\t\t\t<h2 class=\"elementor-heading-title elementor-size-default\">Gi Group Holding refuerza su compromiso con la sostenibilidad y la inclusi\u00f3n en el mercado laboral<\/h2>\t\t<\/div>\n\t\t\t\t<\/div>\n\t\t\t\t<div class=\"elementor-element elementor-element-7c1e6d0 elementor-widget elementor-widget-spacer\" data-id=\"7c1e6d0\" data-element_type=\"widget\" data-widget_type=\"spacer.default\">\n\t\t\t\t<div class=\"elementor-widget-container\">\n\t\t\t\t\t<div class=\"elementor-spacer\">\n\t\t\t<div class=\"elementor-spacer-inner\"><\/div>\n\t\t<\/div>\n\t\t\t\t<\/div>\n\t\t\t\t<\/div>\n\t\t\t\t<div class=\"elementor-element elementor-element-5829a65 max-width-940 elementor-widget elementor-widget-heading\" data-id=\"5829a65\" data-element_type=\"widget\" data-widget_type=\"heading.default\">\n\t\t\t\t<div class=\"elementor-widget-container\">\n\t\t\t<p class=\"elementor-heading-title elementor-size-default\">Desde su adhesi\u00f3n al Pacto Mundial de las Naciones Unidas, en 2011, la compa\u00f1\u00eda ha integrado los 10 Principios en sus operaciones, asegurando entornos laborales \u00e9ticos, seguros e inclusivos en todas sus \u00e1reas de actuaci\u00f3n.<\/p>\t\t<\/div>\n\t\t\t\t<\/div>\n\t\t\t\t\t<\/div>\n\t\t<\/div>\n\t\t\t\t\t<\/div>\n\t\t<\/section>\n\t\t\t\t<section class=\"elementor-section elementor-top-section elementor-element elementor-element-b004013 elementor-section-boxed elementor-section-height-default elementor-section-height-default\" data-id=\"b004013\" data-element_type=\"section\">\n\t\t\t\t\t\t<div class=\"elementor-container elementor-column-gap-default\">\n\t\t\t\t\t<div class=\"elementor-column elementor-col-100 elementor-top-column elementor-element elementor-element-480b442\" data-id=\"480b442\" data-element_type=\"column\">\n\t\t\t<div class=\"elementor-widget-wrap elementor-element-populated\">\n\t\t\t\t\t\t<div class=\"elementor-element elementor-element-84aac98 elementor-widget__width-initial elementor-widget elementor-widget-text-editor\" data-id=\"84aac98\" data-element_type=\"widget\" data-widget_type=\"text-editor.default\">\n\t\t\t\t<div class=\"elementor-widget-container\">\n\t\t\t\t\t\t\t<p>Gi Group Holding renueva su adhesi\u00f3n al Pacto Mundial de las Naciones Unidas, consolidando su compromiso con la sostenibilidad del mercado y la inclusi\u00f3n laboral La creaci\u00f3n de nuevas iniciativas y el apoyo a proyectos alineados con el pacto, refleja los logros y avances de la compa\u00f1\u00eda en la creaci\u00f3n de entornos laborales m\u00e1s justos, sostenibles y humanos durante los \u00faltimos a\u00f1os.<\/p><p>\u00a0<\/p><p>Gi Group Holding orienta sus iniciativas hacia el trabajo digno, la igualdad de g\u00e9nero y la inclusi\u00f3n social. Estas acciones contribuyen activamente a los <strong>Objetivos de Desarrollo Sostenible (ODS) y la <a href=\"https:\/\/www.gigroupholding.com\/espana\/gi-data-hub-calidad-del-empleo\/\">Agenda 2030. <\/a><\/strong>Y este enfoque asegura entornos laborales \u00e9ticos, inclusivos y seguros en todas sus \u00e1reas de actuaci\u00f3n.<\/p><h2><span style=\"color: #00145a;\">Promoviendo la inclusi\u00f3n laboral a nivel global<\/span><\/h2><p><span style=\"font-size: 20px;\">Gi Group Holding ha publicado su Informe de Responsabilidad Social Corporativa (RSC) 2022\/23. Este informe destaca los logros en la creaci\u00f3n de entornos laborales inclusivos. As\u00ed como el compromiso de la compa\u00f1\u00eda con la sostenibilidad y la inclusi\u00f3n laboral durante los \u00faltimos a\u00f1os.<\/span><\/p>\t\t\t\t\t\t<\/div>\n\t\t\t\t<\/div>\n\t\t\t\t<div class=\"elementor-element elementor-element-ad4fad5 elementor-blockquote--skin-border elementor-blockquote--button-color-official elementor-widget elementor-widget-blockquote\" data-id=\"ad4fad5\" data-element_type=\"widget\" data-widget_type=\"blockquote.default\">\n\t\t\t\t<div class=\"elementor-widget-container\">\n\t\t\t\t\t<blockquote class=\"elementor-blockquote\">\n\t\t\t<p class=\"elementor-blockquote__content\">\n\t\t\t\tEn Gi Group Holding creemos firmemente que el trabajo es un motor de transformaci\u00f3n social. Nuestro compromiso con la sostenibilidad y el desarrollo del mercado laboral es inquebrantable. Seguiremos impulsando iniciativas que generen impacto positivo en la vida de las personas y en la sociedad\t\t\t<\/p>\n\t\t\t\t\t\t\t<div class=\"e-q-footer\">\n\t\t\t\t\t\t\t\t\t\t\t<cite class=\"elementor-blockquote__author\">Patricia B. Barroso, CEO de Gi Group Holding Espa\u00f1a.<\/cite>\n\t\t\t\t\t\t\t\t\t\t\t\t\t\t<\/div>\n\t\t\t\t\t<\/blockquote>\n\t\t\t\t<\/div>\n\t\t\t\t<\/div>\n\t\t\t\t<div class=\"elementor-element elementor-element-6d6461e elementor-widget elementor-widget-image\" data-id=\"6d6461e\" data-element_type=\"widget\" data-widget_type=\"image.default\">\n\t\t\t\t<div class=\"elementor-widget-container\">\n\t\t\t\t\t\t\t\t\t\t\t\t\t\t<a href=\"https:\/\/www.gigroupholding.com\/espana\/compromiso-social\/\">\n\t\t\t\t\t\t\t<img fetchpriority=\"high\" decoding=\"async\" width=\"615\" height=\"348\" src=\"https:\/\/www.gigroupholding.com\/espana\/wp-content\/uploads\/sites\/4\/2024\/12\/spain-rsc-report-2023.png\" class=\"attachment-large size-large wp-image-121352\" alt=\"inclusi\u00f3n laboral\" srcset=\"https:\/\/www.gigroupholding.com\/espana\/wp-content\/uploads\/sites\/4\/2024\/12\/spain-rsc-report-2023.png 615w, https:\/\/www.gigroupholding.com\/espana\/wp-content\/uploads\/sites\/4\/2024\/12\/spain-rsc-report-2023-300x170.png 300w\" sizes=\"(max-width: 615px) 100vw, 615px\" \/>\t\t\t\t\t\t\t\t<\/a>\n\t\t\t\t\t\t\t\t\t\t\t\t\t<\/div>\n\t\t\t\t<\/div>\n\t\t\t\t<div class=\"elementor-element elementor-element-a1cb4ff elementor-align-center elementor-widget elementor-widget-button\" data-id=\"a1cb4ff\" data-element_type=\"widget\" data-widget_type=\"button.default\">\n\t\t\t\t<div class=\"elementor-widget-container\">\n\t\t\t\t\t\t\t<div class=\"elementor-button-wrapper\">\n\t\t\t\t\t<a class=\"elementor-button elementor-button-link elementor-size-sm\" href=\"https:\/\/www.gigroupholding.com\/espana\/compromiso-social\/\">\n\t\t\t\t\t\t<span class=\"elementor-button-content-wrapper\">\n\t\t\t\t\t\t\t\t\t<span class=\"elementor-button-text\">Descarga el informe RSC 2023<\/span>\n\t\t\t\t\t<\/span>\n\t\t\t\t\t<\/a>\n\t\t\t\t<\/div>\n\t\t\t\t\t\t<\/div>\n\t\t\t\t<\/div>\n\t\t\t\t<div class=\"elementor-element elementor-element-deca746 elementor-widget__width-initial elementor-widget elementor-widget-text-editor\" data-id=\"deca746\" data-element_type=\"widget\" data-widget_type=\"text-editor.default\">\n\t\t\t\t<div class=\"elementor-widget-container\">\n\t\t\t\t\t\t\t<h2><span style=\"color: #00145a;\">Pr\u00e1cticas responsables en derechos humanos, laborales y medioambientales<\/span><\/h2>\n<p>Desde su adhesi\u00f3n al Pacto Mundial en 2011, Gi Group Holding reafirma su compromiso con los principios de derechos humanos, est\u00e1ndares laborales, medioambiente y lucha contra la corrupci\u00f3n. Esta adhesi\u00f3n implica la implementaci\u00f3n de pr\u00e1cticas responsables alineadas con los <strong>10 Principios del Pacto Mundial. A<\/strong>barcan \u00e1reas clave como los derechos humanos, las normas laborales, el medio ambiente y la transparencia empresarial. La compa\u00f1\u00eda ha integrado estos principios en su estrategia empresarial, estableciendo <strong>pol\u00edticas de responsabilidad social<\/strong> que promueven entornos laborales seguros, inclusivos y sostenibles.<\/p>\n<h3><span style=\"color: #1d57fb;\">Iniciativas clave en inclusi\u00f3n laboral y sostenibilidad<\/span><\/h3>\n<p>Adem\u00e1s, el Grupo participa activamente en iniciativas globales que contribuyen a la consecuci\u00f3n de los Objetivos de Desarrollo Sostenible (ODS), especialmente en la promoci\u00f3n del trabajo digno y el crecimiento econ\u00f3mico, la igualdad de g\u00e9nero y la reducci\u00f3n de desigualdades.<\/p>\n<p>Entre sus iniciativas m\u00e1s destacadas, Gi Group Holding ha fortalecido su <b>Plan de Igualdad, creando un Comit\u00e9 de Equidad,<\/b><a href=\"https:\/\/www.gigroupholding.com\/espana\/gi-data-hub-calidad-del-empleo\/#edi\" target=\"_blank\" rel=\"noopener\"> Diversidad e Inclusi\u00f3n (EDI)<\/a><b>&nbsp;y una red de Embajadores ED<\/b>I que promueven una cultura organizativa diversa e inclusiva. Adem\u00e1s, ha alineado sus acciones con los Objetivos de Desarrollo Sostenible (ODS) de la Agenda 2030, enfoc\u00e1ndose en la promoci\u00f3n del<strong> trabajo digno, la educaci\u00f3n de calidad, la igualdad de g\u00e9nero y la inclusi\u00f3n social.<\/strong><\/p>\n<h3><span style=\"color: #1d57fb;\">Alianzas estrat\u00e9gicas para impulsar la inclusi\u00f3n en el mercado laboral<\/span><\/h3>\n<p>La compa\u00f1\u00eda tambi\u00e9n ha impulsado acuerdos de colaboraci\u00f3n con organizaciones y ONGs, tales como la Cruz Roja Espa\u00f1ola y la Fundaci\u00f3n Down Espa\u00f1a, para mejorar la empleabilidad de colectivos vulnerables. Estas alianzas han permitido implementar programas de formaci\u00f3n y orientaci\u00f3n laboral que han facilitado la inserci\u00f3n de miles de personas en el mercado laboral.<\/p>\n<p>En cuanto a sostenibilidad ambiental, Gi Group Holding ha reforzado su colaboraci\u00f3n con empresas como Iberdrola para <b>promover la transici\u00f3n<\/b> hacia un futuro m\u00e1s verde, implementando medidas que reduzcan su huella de carbono y fomentando la eficiencia energ\u00e9tica en sus operaciones.<\/p>\n<p>Con m\u00e1s de 9.000 empleados en 37 pa\u00edses y m\u00e1s de 700 puntos de servicio, apoyando a m\u00e1s de 25.000 empresas y ofreciendo empleo a 318.000 trabajadores en el mundo, Gi Group Holding contin\u00faa siendo un actor clave en la evoluci\u00f3n del mercado laboral global. Su compromiso con las personas y el desarrollo sostenible reafirma su posici\u00f3n como l\u00edder en soluciones de recursos humanos.<\/p>\n<p><strong>\u00bfQuieres saber m\u00e1s sobre c\u00f3mo promovemos la inclusi\u00f3n laboral?<\/strong> Descubre nuestras iniciativas y c\u00f3mo trabajamos para construir un mercado laboral m\u00e1s justo y sostenible.<\/p>\t\t\t\t\t\t<\/div>\n\t\t\t\t<\/div>\n\t\t\t\t<div class=\"elementor-element elementor-element-aafbba9 elementor-align-center elementor-widget elementor-widget-button\" data-id=\"aafbba9\" data-element_type=\"widget\" data-widget_type=\"button.default\">\n\t\t\t\t<div class=\"elementor-widget-container\">\n\t\t\t\t\t\t\t<div class=\"elementor-button-wrapper\">\n\t\t\t\t\t<a class=\"elementor-button elementor-button-link elementor-size-sm\" href=\"https:\/\/www.linkedin.com\/company\/gigroupholding\/\">\n\t\t\t\t\t\t<span class=\"elementor-button-content-wrapper\">\n\t\t\t\t\t\t<span class=\"elementor-button-icon\">\n\t\t\t\t<i aria-hidden=\"true\" class=\"fab fa-linkedin\"><\/i>\t\t\t<\/span>\n\t\t\t\t\t\t\t\t\t<span class=\"elementor-button-text\">\u00a1S\u00edguenos!<\/span>\n\t\t\t\t\t<\/span>\n\t\t\t\t\t<\/a>\n\t\t\t\t<\/div>\n\t\t\t\t\t\t<\/div>\n\t\t\t\t<\/div>\n\t\t\t\t\t<\/div>\n\t\t<\/div>\n\t\t\t\t\t<\/div>\n\t\t<\/section>\n\t\t\t\t<\/div>\n\t\t","protected":false},"excerpt":{"rendered":"<p>News &#8211; Iniciativas inclusi\u00f3n laboral, sostenibilidad y Pacto Mundial. Gi Group Holding refuerza su compromiso con la sostenibilidad y la inclusi\u00f3n en el mercado laboral Desde su adhesi\u00f3n al Pacto Mundial de las Naciones Unidas, en 2011, la compa\u00f1\u00eda ha integrado los 10 Principios en sus operaciones, asegurando entornos laborales \u00e9ticos, seguros e inclusivos en [&hellip;]<\/p>\n","protected":false},"author":38,"featured_media":121352,"comment_status":"open","ping_status":"open","sticky":false,"template":"","format":"standard","meta":{"_acf_changed":false,"footnotes":"","_links_to":"","_links_to_target":""},"categories":[46],"tags":[],"class_list":["post-117558","post","type-post","status-publish","format-standard","has-post-thumbnail","hentry","category-advice"],"acf":[],"yoast_head":"<!-- This site is optimized with the Yoast SEO plugin v23.9 - https:\/\/yoast.com\/wordpress\/plugins\/seo\/ -->\n<title>Comprometidos con la inclusi\u00f3n laboral y la sostenibilidad - Gi Group Holding Espa\u00f1a<\/title>\n<meta name=\"description\" content=\"Gi Group Holding est\u00e1 adherido al Pacto Mundial de las Naciones Unidas, integrando principios por la inclusi\u00f3n laboral y la sostenibilidad\" \/>\n<meta name=\"robots\" content=\"index, follow, max-snippet:-1, max-image-preview:large, max-video-preview:-1\" \/>\n<link rel=\"canonical\" href=\"https:\/\/www.gigroupholding.com\/espana\/inclusion-laboral-sostenibilidad-pacto-mundial\/\" \/>\n<meta property=\"og:locale\" content=\"es_ES\" \/>\n<meta property=\"og:type\" content=\"article\" \/>\n<meta property=\"og:title\" content=\"Gi Group Holding Espana - Gi Group anuncia un importante hito en su historia. El lanzamiento de Gi Group Holding\" \/>\n<meta property=\"og:description\" content=\"Esta nueva marca corporativa posiciona al Grupo a nivel Global como una empresa de referencia ofreciendo soluciones 360\u00ba de Recursos Humanos, presente en 30 pa\u00edses.\" \/>\n<meta property=\"og:url\" content=\"https:\/\/www.gigroupholding.com\/espana\/inclusion-laboral-sostenibilidad-pacto-mundial\/\" \/>\n<meta property=\"og:site_name\" content=\"Gi Group Holding Espa\u00f1a\" \/>\n<meta property=\"article:published_time\" content=\"2025-02-02T11:45:05+00:00\" \/>\n<meta property=\"article:modified_time\" content=\"2025-04-04T14:20:58+00:00\" \/>\n<meta property=\"og:image\" content=\"https:\/\/www.gigroupholding.com\/espana\/wp-content\/uploads\/sites\/4\/2022\/04\/Featured-Image-social-media.png\" \/>\n\t<meta property=\"og:image:width\" content=\"1200\" \/>\n\t<meta property=\"og:image:height\" content=\"628\" \/>\n\t<meta property=\"og:image:type\" content=\"image\/png\" \/>\n<meta name=\"author\" content=\"tmora\" \/>\n<meta name=\"twitter:card\" content=\"summary_large_image\" \/>\n<meta name=\"twitter:title\" content=\"Gi Group Holding Espana - Gi Group anuncia un importante hito en su historia. El lanzamiento de Gi Group Holding\" \/>\n<meta name=\"twitter:description\" content=\"Esta nueva marca corporativa posiciona al Grupo a nivel Global como una empresa de referencia ofreciendo soluciones 360\u00ba de Recursos Humanos, presente en 30 pa\u00edses.\" \/>\n<meta name=\"twitter:image\" content=\"https:\/\/www.gigroupholding.com\/espana\/wp-content\/uploads\/sites\/4\/2022\/04\/Featured-Image-social-media.png\" \/>\n<meta name=\"twitter:label1\" content=\"Escrito por\" \/>\n\t<meta name=\"twitter:data1\" content=\"tmora\" \/>\n\t<meta name=\"twitter:label2\" content=\"Tiempo de lectura\" \/>\n\t<meta name=\"twitter:data2\" content=\"4 minutos\" \/>\n<script type=\"application\/ld+json\" class=\"yoast-schema-graph\">{\"@context\":\"https:\/\/schema.org\",\"@graph\":[{\"@type\":\"Article\",\"@id\":\"https:\/\/www.gigroupholding.com\/espana\/inclusion-laboral-sostenibilidad-pacto-mundial\/#article\",\"isPartOf\":{\"@id\":\"https:\/\/www.gigroupholding.com\/espana\/inclusion-laboral-sostenibilidad-pacto-mundial\/\"},\"author\":{\"name\":\"tmora\",\"@id\":\"https:\/\/www.gigroupholding.com\/espana\/#\/schema\/person\/0753f12ad0464892272b5c87c79cf6f7\"},\"headline\":\"Pacto Mundial. Gi Group Holding: Comprometidos con la inclusi\u00f3n Laboral y la sostenibilidad\",\"datePublished\":\"2025-02-02T11:45:05+00:00\",\"dateModified\":\"2025-04-04T14:20:58+00:00\",\"mainEntityOfPage\":{\"@id\":\"https:\/\/www.gigroupholding.com\/espana\/inclusion-laboral-sostenibilidad-pacto-mundial\/\"},\"wordCount\":762,\"commentCount\":0,\"publisher\":{\"@id\":\"https:\/\/www.gigroupholding.com\/espana\/#organization\"},\"image\":{\"@id\":\"https:\/\/www.gigroupholding.com\/espana\/inclusion-laboral-sostenibilidad-pacto-mundial\/#primaryimage\"},\"thumbnailUrl\":\"https:\/\/www.gigroupholding.com\/espana\/wp-content\/uploads\/sites\/4\/2024\/12\/spain-rsc-report-2023.png\",\"articleSection\":[\"Advice\"],\"inLanguage\":\"es\",\"potentialAction\":[{\"@type\":\"CommentAction\",\"name\":\"Comment\",\"target\":[\"https:\/\/www.gigroupholding.com\/espana\/inclusion-laboral-sostenibilidad-pacto-mundial\/#respond\"]}]},{\"@type\":\"WebPage\",\"@id\":\"https:\/\/www.gigroupholding.com\/espana\/inclusion-laboral-sostenibilidad-pacto-mundial\/\",\"url\":\"https:\/\/www.gigroupholding.com\/espana\/inclusion-laboral-sostenibilidad-pacto-mundial\/\",\"name\":\"Comprometidos con la inclusi\u00f3n laboral y la sostenibilidad - Gi Group Holding Espa\u00f1a\",\"isPartOf\":{\"@id\":\"https:\/\/www.gigroupholding.com\/espana\/#website\"},\"primaryImageOfPage\":{\"@id\":\"https:\/\/www.gigroupholding.com\/espana\/inclusion-laboral-sostenibilidad-pacto-mundial\/#primaryimage\"},\"image\":{\"@id\":\"https:\/\/www.gigroupholding.com\/espana\/inclusion-laboral-sostenibilidad-pacto-mundial\/#primaryimage\"},\"thumbnailUrl\":\"https:\/\/www.gigroupholding.com\/espana\/wp-content\/uploads\/sites\/4\/2024\/12\/spain-rsc-report-2023.png\",\"datePublished\":\"2025-02-02T11:45:05+00:00\",\"dateModified\":\"2025-04-04T14:20:58+00:00\",\"description\":\"Gi Group Holding est\u00e1 adherido al Pacto Mundial de las Naciones Unidas, integrando principios por la inclusi\u00f3n laboral y la sostenibilidad\",\"breadcrumb\":{\"@id\":\"https:\/\/www.gigroupholding.com\/espana\/inclusion-laboral-sostenibilidad-pacto-mundial\/#breadcrumb\"},\"inLanguage\":\"es\",\"potentialAction\":[{\"@type\":\"ReadAction\",\"target\":[\"https:\/\/www.gigroupholding.com\/espana\/inclusion-laboral-sostenibilidad-pacto-mundial\/\"]}]},{\"@type\":\"ImageObject\",\"inLanguage\":\"es\",\"@id\":\"https:\/\/www.gigroupholding.com\/espana\/inclusion-laboral-sostenibilidad-pacto-mundial\/#primaryimage\",\"url\":\"https:\/\/www.gigroupholding.com\/espana\/wp-content\/uploads\/sites\/4\/2024\/12\/spain-rsc-report-2023.png\",\"contentUrl\":\"https:\/\/www.gigroupholding.com\/espana\/wp-content\/uploads\/sites\/4\/2024\/12\/spain-rsc-report-2023.png\",\"width\":615,\"height\":348,\"caption\":\"inclusi\u00f3n laboral\"},{\"@type\":\"BreadcrumbList\",\"@id\":\"https:\/\/www.gigroupholding.com\/espana\/inclusion-laboral-sostenibilidad-pacto-mundial\/#breadcrumb\",\"itemListElement\":[{\"@type\":\"ListItem\",\"position\":1,\"name\":\"Advice\",\"item\":\"https:\/\/www.gigroupholding.com\/espana\/category\/advice\/\"},{\"@type\":\"ListItem\",\"position\":2,\"name\":\"Pacto Mundial. Gi Group Holding: Comprometidos con la inclusi\u00f3n Laboral y la sostenibilidad\"}]},{\"@type\":\"WebSite\",\"@id\":\"https:\/\/www.gigroupholding.com\/espana\/#website\",\"url\":\"https:\/\/www.gigroupholding.com\/espana\/\",\"name\":\"Gi Group Holding Espa\u00f1a\",\"description\":\"Entorno global de servicios integrados de Recursos Humanos\",\"publisher\":{\"@id\":\"https:\/\/www.gigroupholding.com\/espana\/#organization\"},\"potentialAction\":[{\"@type\":\"SearchAction\",\"target\":{\"@type\":\"EntryPoint\",\"urlTemplate\":\"https:\/\/www.gigroupholding.com\/espana\/?s={search_term_string}\"},\"query-input\":{\"@type\":\"PropertyValueSpecification\",\"valueRequired\":true,\"valueName\":\"search_term_string\"}}],\"inLanguage\":\"es\"},{\"@type\":\"Organization\",\"@id\":\"https:\/\/www.gigroupholding.com\/espana\/#organization\",\"name\":\"Gi Group Holding\",\"url\":\"https:\/\/www.gigroupholding.com\/espana\/\",\"logo\":{\"@type\":\"ImageObject\",\"inLanguage\":\"es\",\"@id\":\"https:\/\/www.gigroupholding.com\/espana\/#\/schema\/logo\/image\/\",\"url\":\"https:\/\/www.gigroupholding.com\/espana\/wp-content\/uploads\/sites\/4\/2022\/04\/GIGROUPHOLDING-LOGO-RGB-e1649316299235.png\",\"contentUrl\":\"https:\/\/www.gigroupholding.com\/espana\/wp-content\/uploads\/sites\/4\/2022\/04\/GIGROUPHOLDING-LOGO-RGB-e1649316299235.png\",\"width\":900,\"height\":456,\"caption\":\"Gi Group Holding\"},\"image\":{\"@id\":\"https:\/\/www.gigroupholding.com\/espana\/#\/schema\/logo\/image\/\"}},{\"@type\":\"Person\",\"@id\":\"https:\/\/www.gigroupholding.com\/espana\/#\/schema\/person\/0753f12ad0464892272b5c87c79cf6f7\",\"name\":\"tmora\",\"image\":{\"@type\":\"ImageObject\",\"inLanguage\":\"es\",\"@id\":\"https:\/\/www.gigroupholding.com\/espana\/#\/schema\/person\/image\/\",\"url\":\"https:\/\/secure.gravatar.com\/avatar\/83a58e8d663c3362e7ce3184b3052d8f?s=96&d=mm&r=g\",\"contentUrl\":\"https:\/\/secure.gravatar.com\/avatar\/83a58e8d663c3362e7ce3184b3052d8f?s=96&d=mm&r=g\",\"caption\":\"tmora\"},\"url\":\"https:\/\/www.gigroupholding.com\/espana\/author\/tmora\/\"}]}<\/script>\n<!-- \/ Yoast SEO plugin. -->","yoast_head_json":{"title":"Comprometidos con la inclusi\u00f3n laboral y la sostenibilidad - Gi Group Holding Espa\u00f1a","description":"Gi Group Holding est\u00e1 adherido al Pacto Mundial de las Naciones Unidas, integrando principios por la inclusi\u00f3n laboral y la sostenibilidad","robots":{"index":"index","follow":"follow","max-snippet":"max-snippet:-1","max-image-preview":"max-image-preview:large","max-video-preview":"max-video-preview:-1"},"canonical":"https:\/\/www.gigroupholding.com\/espana\/inclusion-laboral-sostenibilidad-pacto-mundial\/","og_locale":"es_ES","og_type":"article","og_title":"Gi Group Holding Espana - Gi Group anuncia un importante hito en su historia. El lanzamiento de Gi Group Holding","og_description":"Esta nueva marca corporativa posiciona al Grupo a nivel Global como una empresa de referencia ofreciendo soluciones 360\u00ba de Recursos Humanos, presente en 30 pa\u00edses.","og_url":"https:\/\/www.gigroupholding.com\/espana\/inclusion-laboral-sostenibilidad-pacto-mundial\/","og_site_name":"Gi Group Holding Espa\u00f1a","article_published_time":"2025-02-02T11:45:05+00:00","article_modified_time":"2025-04-04T14:20:58+00:00","og_image":[{"width":1200,"height":628,"url":"https:\/\/www.gigroupholding.com\/espana\/wp-content\/uploads\/sites\/4\/2022\/04\/Featured-Image-social-media.png","type":"image\/png"}],"author":"tmora","twitter_card":"summary_large_image","twitter_title":"Gi Group Holding Espana - Gi Group anuncia un importante hito en su historia. El lanzamiento de Gi Group Holding","twitter_description":"Esta nueva marca corporativa posiciona al Grupo a nivel Global como una empresa de referencia ofreciendo soluciones 360\u00ba de Recursos Humanos, presente en 30 pa\u00edses.","twitter_image":"https:\/\/www.gigroupholding.com\/espana\/wp-content\/uploads\/sites\/4\/2022\/04\/Featured-Image-social-media.png","twitter_misc":{"Escrito por":"tmora","Tiempo de lectura":"4 minutos"},"schema":{"@context":"https:\/\/schema.org","@graph":[{"@type":"Article","@id":"https:\/\/www.gigroupholding.com\/espana\/inclusion-laboral-sostenibilidad-pacto-mundial\/#article","isPartOf":{"@id":"https:\/\/www.gigroupholding.com\/espana\/inclusion-laboral-sostenibilidad-pacto-mundial\/"},"author":{"name":"tmora","@id":"https:\/\/www.gigroupholding.com\/espana\/#\/schema\/person\/0753f12ad0464892272b5c87c79cf6f7"},"headline":"Pacto Mundial. Gi Group Holding: Comprometidos con la inclusi\u00f3n Laboral y la sostenibilidad","datePublished":"2025-02-02T11:45:05+00:00","dateModified":"2025-04-04T14:20:58+00:00","mainEntityOfPage":{"@id":"https:\/\/www.gigroupholding.com\/espana\/inclusion-laboral-sostenibilidad-pacto-mundial\/"},"wordCount":762,"commentCount":0,"publisher":{"@id":"https:\/\/www.gigroupholding.com\/espana\/#organization"},"image":{"@id":"https:\/\/www.gigroupholding.com\/espana\/inclusion-laboral-sostenibilidad-pacto-mundial\/#primaryimage"},"thumbnailUrl":"https:\/\/www.gigroupholding.com\/espana\/wp-content\/uploads\/sites\/4\/2024\/12\/spain-rsc-report-2023.png","articleSection":["Advice"],"inLanguage":"es","potentialAction":[{"@type":"CommentAction","name":"Comment","target":["https:\/\/www.gigroupholding.com\/espana\/inclusion-laboral-sostenibilidad-pacto-mundial\/#respond"]}]},{"@type":"WebPage","@id":"https:\/\/www.gigroupholding.com\/espana\/inclusion-laboral-sostenibilidad-pacto-mundial\/","url":"https:\/\/www.gigroupholding.com\/espana\/inclusion-laboral-sostenibilidad-pacto-mundial\/","name":"Comprometidos con la inclusi\u00f3n laboral y la sostenibilidad - Gi Group Holding Espa\u00f1a","isPartOf":{"@id":"https:\/\/www.gigroupholding.com\/espana\/#website"},"primaryImageOfPage":{"@id":"https:\/\/www.gigroupholding.com\/espana\/inclusion-laboral-sostenibilidad-pacto-mundial\/#primaryimage"},"image":{"@id":"https:\/\/www.gigroupholding.com\/espana\/inclusion-laboral-sostenibilidad-pacto-mundial\/#primaryimage"},"thumbnailUrl":"https:\/\/www.gigroupholding.com\/espana\/wp-content\/uploads\/sites\/4\/2024\/12\/spain-rsc-report-2023.png","datePublished":"2025-02-02T11:45:05+00:00","dateModified":"2025-04-04T14:20:58+00:00","description":"Gi Group Holding est\u00e1 adherido al Pacto Mundial de las Naciones Unidas, integrando principios por la inclusi\u00f3n laboral y la sostenibilidad","breadcrumb":{"@id":"https:\/\/www.gigroupholding.com\/espana\/inclusion-laboral-sostenibilidad-pacto-mundial\/#breadcrumb"},"inLanguage":"es","potentialAction":[{"@type":"ReadAction","target":["https:\/\/www.gigroupholding.com\/espana\/inclusion-laboral-sostenibilidad-pacto-mundial\/"]}]},{"@type":"ImageObject","inLanguage":"es","@id":"https:\/\/www.gigroupholding.com\/espana\/inclusion-laboral-sostenibilidad-pacto-mundial\/#primaryimage","url":"https:\/\/www.gigroupholding.com\/espana\/wp-content\/uploads\/sites\/4\/2024\/12\/spain-rsc-report-2023.png","contentUrl":"https:\/\/www.gigroupholding.com\/espana\/wp-content\/uploads\/sites\/4\/2024\/12\/spain-rsc-report-2023.png","width":615,"height":348,"caption":"inclusi\u00f3n laboral"},{"@type":"BreadcrumbList","@id":"https:\/\/www.gigroupholding.com\/espana\/inclusion-laboral-sostenibilidad-pacto-mundial\/#breadcrumb","itemListElement":[{"@type":"ListItem","position":1,"name":"Advice","item":"https:\/\/www.gigroupholding.com\/espana\/category\/advice\/"},{"@type":"ListItem","position":2,"name":"Pacto Mundial. Gi Group Holding: Comprometidos con la inclusi\u00f3n Laboral y la sostenibilidad"}]},{"@type":"WebSite","@id":"https:\/\/www.gigroupholding.com\/espana\/#website","url":"https:\/\/www.gigroupholding.com\/espana\/","name":"Gi Group Holding Espa\u00f1a","description":"Entorno global de servicios integrados de Recursos Humanos","publisher":{"@id":"https:\/\/www.gigroupholding.com\/espana\/#organization"},"potentialAction":[{"@type":"SearchAction","target":{"@type":"EntryPoint","urlTemplate":"https:\/\/www.gigroupholding.com\/espana\/?s={search_term_string}"},"query-input":{"@type":"PropertyValueSpecification","valueRequired":true,"valueName":"search_term_string"}}],"inLanguage":"es"},{"@type":"Organization","@id":"https:\/\/www.gigroupholding.com\/espana\/#organization","name":"Gi Group Holding","url":"https:\/\/www.gigroupholding.com\/espana\/","logo":{"@type":"ImageObject","inLanguage":"es","@id":"https:\/\/www.gigroupholding.com\/espana\/#\/schema\/logo\/image\/","url":"https:\/\/www.gigroupholding.com\/espana\/wp-content\/uploads\/sites\/4\/2022\/04\/GIGROUPHOLDING-LOGO-RGB-e1649316299235.png","contentUrl":"https:\/\/www.gigroupholding.com\/espana\/wp-content\/uploads\/sites\/4\/2022\/04\/GIGROUPHOLDING-LOGO-RGB-e1649316299235.png","width":900,"height":456,"caption":"Gi Group Holding"},"image":{"@id":"https:\/\/www.gigroupholding.com\/espana\/#\/schema\/logo\/image\/"}},{"@type":"Person","@id":"https:\/\/www.gigroupholding.com\/espana\/#\/schema\/person\/0753f12ad0464892272b5c87c79cf6f7","name":"tmora","image":{"@type":"ImageObject","inLanguage":"es","@id":"https:\/\/www.gigroupholding.com\/espana\/#\/schema\/person\/image\/","url":"https:\/\/secure.gravatar.com\/avatar\/83a58e8d663c3362e7ce3184b3052d8f?s=96&d=mm&r=g","contentUrl":"https:\/\/secure.gravatar.com\/avatar\/83a58e8d663c3362e7ce3184b3052d8f?s=96&d=mm&r=g","caption":"tmora"},"url":"https:\/\/www.gigroupholding.com\/espana\/author\/tmora\/"}]}},"_links":{"self":[{"href":"https:\/\/www.gigroupholding.com\/espana\/wp-json\/wp\/v2\/posts\/117558","targetHints":{"allow":["GET"]}}],"collection":[{"href":"https:\/\/www.gigroupholding.com\/espana\/wp-json\/wp\/v2\/posts"}],"about":[{"href":"https:\/\/www.gigroupholding.com\/espana\/wp-json\/wp\/v2\/types\/post"}],"author":[{"embeddable":true,"href":"https:\/\/www.gigroupholding.com\/espana\/wp-json\/wp\/v2\/users\/38"}],"replies":[{"embeddable":true,"href":"https:\/\/www.gigroupholding.com\/espana\/wp-json\/wp\/v2\/comments?post=117558"}],"version-history":[{"count":37,"href":"https:\/\/www.gigroupholding.com\/espana\/wp-json\/wp\/v2\/posts\/117558\/revisions"}],"predecessor-version":[{"id":121383,"href":"https:\/\/www.gigroupholding.com\/espana\/wp-json\/wp\/v2\/posts\/117558\/revisions\/121383"}],"wp:featuredmedia":[{"embeddable":true,"href":"https:\/\/www.gigroupholding.com\/espana\/wp-json\/wp\/v2\/media\/121352"}],"wp:attachment":[{"href":"https:\/\/www.gigroupholding.com\/espana\/wp-json\/wp\/v2\/media?parent=117558"}],"wp:term":[{"taxonomy":"category","embeddable":true,"href":"https:\/\/www.gigroupholding.com\/espana\/wp-json\/wp\/v2\/categories?post=117558"},{"taxonomy":"post_tag","embeddable":true,"href":"https:\/\/www.gigroupholding.com\/espana\/wp-json\/wp\/v2\/tags?post=117558"}],"curies":[{"name":"wp","href":"https:\/\/api.w.org\/{rel}","templated":true}]}}