{"id":114387,"date":"2024-12-19T10:53:16","date_gmt":"2024-12-19T10:53:16","guid":{"rendered":"https:\/\/www.gigroupholding.com\/espana\/dana-medidas-laborales-empresas-empleados-2\/"},"modified":"2025-01-15T11:06:39","modified_gmt":"2025-01-15T11:06:39","slug":"empleo-ideal-prioridades-europa-formacion-conciliacion","status":"publish","type":"post","link":"https:\/\/www.gigroupholding.com\/espana\/empleo-ideal-prioridades-europa-formacion-conciliacion\/","title":{"rendered":"La formaci\u00f3n y la conciliaci\u00f3n, las prioridades laborales de los espa\u00f1oles seg\u00fan Gi Group Holding"},"content":{"rendered":"\t\t<div data-elementor-type=\"wp-post\" data-elementor-id=\"114387\" class=\"elementor elementor-114387\" data-elementor-post-type=\"post\">\n\t\t\t\t\t\t<section class=\"elementor-section elementor-top-section elementor-element elementor-element-2d3d7b1 elementor-section-boxed elementor-section-height-default elementor-section-height-default\" data-id=\"2d3d7b1\" data-element_type=\"section\" data-settings=\"{&quot;background_background&quot;:&quot;classic&quot;}\">\n\t\t\t\t\t\t<div class=\"elementor-container elementor-column-gap-default\">\n\t\t\t\t\t<div class=\"elementor-column elementor-col-100 elementor-top-column elementor-element elementor-element-a61ced5\" data-id=\"a61ced5\" data-element_type=\"column\">\n\t\t\t<div class=\"elementor-widget-wrap elementor-element-populated\">\n\t\t\t\t\t\t<div class=\"elementor-element elementor-element-4977cb8 elementor-widget elementor-widget-heading\" data-id=\"4977cb8\" data-element_type=\"widget\" data-widget_type=\"heading.default\">\n\t\t\t\t<div class=\"elementor-widget-container\">\n\t\t\t<p class=\"elementor-heading-title elementor-size-default\">News - Prioridades respecto al empleo ideal en Espa\u00f1a<\/p>\t\t<\/div>\n\t\t\t\t<\/div>\n\t\t\t\t<div class=\"elementor-element elementor-element-f1e8d83 elementor-widget elementor-widget-spacer\" data-id=\"f1e8d83\" data-element_type=\"widget\" data-widget_type=\"spacer.default\">\n\t\t\t\t<div class=\"elementor-widget-container\">\n\t\t\t\t\t<div class=\"elementor-spacer\">\n\t\t\t<div class=\"elementor-spacer-inner\"><\/div>\n\t\t<\/div>\n\t\t\t\t<\/div>\n\t\t\t\t<\/div>\n\t\t\t\t<div class=\"elementor-element elementor-element-0899b76 elementor-widget elementor-widget-heading\" data-id=\"0899b76\" data-element_type=\"widget\" data-widget_type=\"heading.default\">\n\t\t\t\t<div class=\"elementor-widget-container\">\n\t\t\t<h2 class=\"elementor-heading-title elementor-size-default\">La formaci\u00f3n y la conciliaci\u00f3n, las prioridades laborales de los espa\u00f1oles<\/h2>\t\t<\/div>\n\t\t\t\t<\/div>\n\t\t\t\t<div class=\"elementor-element elementor-element-7c1e6d0 elementor-widget elementor-widget-spacer\" data-id=\"7c1e6d0\" data-element_type=\"widget\" data-widget_type=\"spacer.default\">\n\t\t\t\t<div class=\"elementor-widget-container\">\n\t\t\t\t\t<div class=\"elementor-spacer\">\n\t\t\t<div class=\"elementor-spacer-inner\"><\/div>\n\t\t<\/div>\n\t\t\t\t<\/div>\n\t\t\t\t<\/div>\n\t\t\t\t<div class=\"elementor-element elementor-element-5829a65 max-width-940 elementor-widget elementor-widget-heading\" data-id=\"5829a65\" data-element_type=\"widget\" data-widget_type=\"heading.default\">\n\t\t\t\t<div class=\"elementor-widget-container\">\n\t\t\t<p class=\"elementor-heading-title elementor-size-default\">Datos recogidos en el estudio \u2018The human factor: people and companies in the new global dynamics of work\u2019, elaborado por Gi Group Holding. Se analiza la satisfacci\u00f3n actual de los trabajadores, y los factores que influyen en sus prioridades respecto al empleo ideal de diferentes pa\u00edses de Europa, entre ellos, Espa\u00f1a. <\/p>\t\t<\/div>\n\t\t\t\t<\/div>\n\t\t\t\t\t<\/div>\n\t\t<\/div>\n\t\t\t\t\t<\/div>\n\t\t<\/section>\n\t\t\t\t<section class=\"elementor-section elementor-top-section elementor-element elementor-element-b004013 elementor-section-boxed elementor-section-height-default elementor-section-height-default\" data-id=\"b004013\" data-element_type=\"section\">\n\t\t\t\t\t\t<div class=\"elementor-container elementor-column-gap-default\">\n\t\t\t\t\t<div class=\"elementor-column elementor-col-100 elementor-top-column elementor-element elementor-element-480b442\" data-id=\"480b442\" data-element_type=\"column\">\n\t\t\t<div class=\"elementor-widget-wrap elementor-element-populated\">\n\t\t\t\t\t\t<div class=\"elementor-element elementor-element-84aac98 elementor-widget__width-initial elementor-widget elementor-widget-text-editor\" data-id=\"84aac98\" data-element_type=\"widget\" data-widget_type=\"text-editor.default\">\n\t\t\t\t<div class=\"elementor-widget-container\">\n\t\t\t\t\t\t\t<p>Las recientes transformaciones econ\u00f3micas y sociales han llevado a una <strong>redefinici\u00f3n de las prioridades laborales de trabajadores y candidatos.<\/strong> La b\u00fasqueda del empleo ideal se vincula cada vez m\u00e1s a condiciones no s\u00f3lo econ\u00f3micas, sino tambi\u00e9n relacionadas con el bienestar personal.<\/p><p>Por tanto, las empresas que favorecen el <strong>teletrabajo<\/strong>, las oportunidades de <strong>crecimiento profesional<\/strong> y la adquisici\u00f3n de <strong>nuevas habilidades,<\/strong> se han convertido en las m\u00e1s deseadas por los trabajadores.<\/p><p>En este contexto, <a href=\"https:\/\/www.gigroupholding.com\/espana\/\">Gi Group Holding<\/a>, multinacional de RRHH que ofrece soluciones 360\u00ba, ha realizado el estudio \u201c<em>The human factor: people and companies in the new global dynamics of work\u201d,<\/em> en el que ha analizado 12 pa\u00edses de Europa, Asia y Am\u00e9rica del Sur con el objetivo de conocer <strong>cu\u00e1l es el escenario laboral actual y la satisfacci\u00f3n de los trabajadores.<\/strong><\/p><h2>\u00a0<\/h2><h2><span style=\"color: #00145a;\">Principales conclusiones del estudio sobre el empleo ideal<\/span><\/h2><h3><span style=\"color: #1d57fb;\">Nivel de satisfacci\u00f3n actual de los trabajadores<\/span><\/h3><p>Seg\u00fan este estudio, el nivel de satisfacci\u00f3n actual de los trabajadores, en general, es positiva. En el caso de <strong>Espa\u00f1a, el 42% de los encuestados reconoce estar satisfecho laboralmente,<\/strong> el mismo porcentaje que en Italia y 8 puntos por encima de Francia. Por el contrario, ese dato se queda lejos del 54% y 57% de brit\u00e1nicos y alemanes respectivamente, que reconocen estar satisfechos en su puesto laboral.<\/p><h3>\u00a0<\/h3><h3><span style=\"color: #1d57fb;\">Los trabajadores dicen s\u00ed a la formaci\u00f3n<\/span><\/h3><p>De acuerdo con este estudio, la <strong>remuneraci\u00f3n econ\u00f3mica<\/strong> es importante para los trabajadores. <strong>Casi 7 de cada 10 espa\u00f1oles<\/strong> as\u00ed lo declara, situ\u00e1ndose por delante de pa\u00edses como Italia (66%) o Rep\u00fablica Checa (64%). En el otro lado de la balanza se sit\u00faa Francia, donde s\u00f3lo la mitad de los encuestados asegura dar importancia al salario.<\/p><p>Otro de los factores al que los empleados otorgan un gran valor es la necesidad de profundizar y <strong>actualizar constantemente sus habilidades,<\/strong> tanto para crecer internamente, como para cambiar de empresa. En torno al 60% de los encuestados destaca la importancia de la formaci\u00f3n. En<strong> el caso de Espa\u00f1a, ese porcentaje se sit\u00faa en el 54%,<\/strong> por debajo de pa\u00edses como Italia y Reino Unido, con un 59% y 58% respectivamente, y lejos de Portugal, donde m\u00e1s de 7 de cada 10 encuestados as\u00ed lo asegura.<\/p><p>As\u00ed, las empresas est\u00e1n llamadas a desarrollar programas espec\u00edficos dedicados a fortalecer, actualizar y ampliar las habilidades de sus empleados. Y por otro lado, a apostar por la innovaci\u00f3n, para convertirse en compa\u00f1\u00edas atractivas para los candidatos.<\/p>\t\t\t\t\t\t<\/div>\n\t\t\t\t<\/div>\n\t\t\t\t<div class=\"elementor-element elementor-element-5418271 elementor-blockquote--skin-border elementor-blockquote--button-color-official elementor-widget elementor-widget-blockquote\" data-id=\"5418271\" data-element_type=\"widget\" data-widget_type=\"blockquote.default\">\n\t\t\t\t<div class=\"elementor-widget-container\">\n\t\t\t\t\t<blockquote class=\"elementor-blockquote\">\n\t\t\t<p class=\"elementor-blockquote__content\">\n\t\t\t\tEn un mundo laboral caracterizado por una velocidad creciente, ser\u00e1 cada vez m\u00e1s necesario tener una perspectiva y habilidades que permitan enfrentar los cambios que surgen continuamente en el horizonte. Adquirir conciencia de las transformaciones en curso hoy es la mejor inversi\u00f3n para el futuro profesional y personal\t\t\t<\/p>\n\t\t\t\t\t\t\t<div class=\"e-q-footer\">\n\t\t\t\t\t\t\t\t\t\t\t<cite class=\"elementor-blockquote__author\">Maria Luisa Cammarata, Global Chief People Officer de Gi Group Holding.<\/cite>\n\t\t\t\t\t\t\t\t\t\t\t\t\t\t<\/div>\n\t\t\t\t\t<\/blockquote>\n\t\t\t\t<\/div>\n\t\t\t\t<\/div>\n\t\t\t\t<div class=\"elementor-element elementor-element-2b1c70b elementor-widget elementor-widget-image\" data-id=\"2b1c70b\" data-element_type=\"widget\" data-widget_type=\"image.default\">\n\t\t\t\t<div class=\"elementor-widget-container\">\n\t\t\t\t\t\t\t\t\t\t\t\t\t\t<a href=\"https:\/\/www.gigroupholding.com\/the-human-factor\/\">\n\t\t\t\t\t\t\t<img fetchpriority=\"high\" decoding=\"async\" width=\"800\" height=\"387\" src=\"https:\/\/www.gigroupholding.com\/espana\/wp-content\/uploads\/sites\/4\/2024\/12\/the-human-factor-1024x495.png\" class=\"attachment-large size-large wp-image-117465\" alt=\"empleo ideal\" srcset=\"https:\/\/www.gigroupholding.com\/espana\/wp-content\/uploads\/sites\/4\/2024\/12\/the-human-factor-1024x495.png 1024w, https:\/\/www.gigroupholding.com\/espana\/wp-content\/uploads\/sites\/4\/2024\/12\/the-human-factor-300x145.png 300w, https:\/\/www.gigroupholding.com\/espana\/wp-content\/uploads\/sites\/4\/2024\/12\/the-human-factor-768x372.png 768w, https:\/\/www.gigroupholding.com\/espana\/wp-content\/uploads\/sites\/4\/2024\/12\/the-human-factor.png 1294w\" sizes=\"(max-width: 800px) 100vw, 800px\" \/>\t\t\t\t\t\t\t\t<\/a>\n\t\t\t\t\t\t\t\t\t\t\t\t\t<\/div>\n\t\t\t\t<\/div>\n\t\t\t\t<div class=\"elementor-element elementor-element-745b150 elementor-widget__width-initial elementor-widget elementor-widget-text-editor\" data-id=\"745b150\" data-element_type=\"widget\" data-widget_type=\"text-editor.default\">\n\t\t\t\t<div class=\"elementor-widget-container\">\n\t\t\t\t\t\t\t<h3><span style=\"color: #1d57fb;\">Equilibrio entre la vida laboral y personal, \u00bfes posible?&nbsp;<\/span><\/h3>\n<p>La necesidad de conciliaci\u00f3n entre la vida familiar y el trabajo es el factor que recibe m\u00e1s consenso en los pa\u00edses analizados. En particular, en <b>Espa\u00f1a se sit\u00faa en el 69%<\/b>, superado \u00fanicamente por Reino Unido, con un 71% y Portugal con un 78%, y por delante de otros pa\u00edses europeos como Italia, (65%), Alemania (68%) y Francia (59%).<\/p>\n<p>En este sentido, las soluciones h\u00edbridas, que surgieron durante la pandemia, han ayudado a crear una fuerte conciencia sobre su potencial entre los trabajadores. Este aspecto contribuye de forma positiva en el <b>equilibrio entre el mundo laboral y personal. <\/b>La posibilidad de trabajo remoto cambia profunda y positivamente la vida laboral diaria, especialmente de aquellos trabajadores que est\u00e1n involucrados en el cuidado de familiares o que deben desplazarse hasta su puesto de trabajo.<\/p>\n<p>En general, el 70% de los encuestados considera este factor muy significativo, mientras que, por pa\u00edses, m\u00e1s del 80% de los encuestados en la Rep\u00fablica Checa lo reconoce. Por detr\u00e1s se sit\u00faan pa\u00edses como Reino Unido (83%), Francia (77%) o Alemania (68%). En el caso de Espa\u00f1a, casi 6 de cada 10 encuestados apuestan por soluciones h\u00edbridas, por delante de Italia (56%), Francia y Polonia, ambas con un 52%.<\/p>\n<h3><span style=\"color: #1d57fb;\">&nbsp;<\/span><\/h3>\n<h3><span style=\"color: #1d57fb;\">El entorno laboral, clave para los trabajadores<\/span><\/h3>\n<p>La empresa no es \u00fanicamente un lugar de trabajo, los trabajadores quieren que sea un entorno laboral que se caracterice por un e<b>sp\u00edritu colaborativo <\/b>donde predominen las <b>buenas relaciones con compa\u00f1eros y superiores<\/b>. La importancia de esta colaboraci\u00f3n entre iguales, en concreto, es particularmente destacada en Portugal, donde casi 6 de cada 10 lo reconocen. Por detr\u00e1s, se sit\u00faan pa\u00edses como Alemania (54%), Espa\u00f1a e Italia, ambas con un 52%. En el lado opuesto, se encuentran los polacos, con un 36% y los franceses, con un 42%.<\/p>\n<p><a href=\"https:\/\/www.gigroupholding.com\/the-human-factor\/\">S<\/a><a href=\"https:\/\/www.gigroupholding.com\/the-human-factor\/\" target=\"_blank\" rel=\"noopener\">eg\u00fan el estudio de Gi Group Holding<\/a>, entre las oportunidades que una compa\u00f1\u00eda puede ofrecer a los empleados se encuentran los programas dedicados al bienestar y al cuidado de la salud. La realidad es que la b\u00fasqueda de empleo o la decisi\u00f3n de permanecer en una empresa pueden verse influenciada por la existencia de este tipo de programas. Estos responden a la demanda de valorar el cuidado de la salud. La presencia de <b>programas de bienestar <\/b>demuestra ser particularmente importante en pa\u00edses como Italia (58%), Espa\u00f1a (56%), Reino Unido (52%) o Alemania (53%).<\/p>\n<p>Por el contrario, los pa\u00edses que menos preferencia dan a este tipo de programa son Rep\u00fablica Checa (41%), Francia (44%) y Polonia (46%).<\/p>\n<h3>&nbsp;<\/h3>\n<h3><span style=\"color: #1d57fb;\">\u00bfC\u00f3mo buscan empleo los candidatos de hoy en d\u00eda?&nbsp;<\/span><\/h3>\n<p>Pero \u00bfha cambiado la forma de encontrar trabajo? Seg\u00fan el estudio, <b>las b\u00fasquedas de empleo online<\/b> y el env\u00edo de CVs en respuesta a anuncios laborales se sit\u00faan como los m\u00e9todos m\u00e1s comunes. En ambos casos, m\u00e1s del 40% de los encuestados indica que utiliza estos canales para encontrar trabajo. En concreto, el uso de <a href=\"https:\/\/es.gigroup.com\/ofertas-de-trabajo\/\" target=\"_blank\" rel=\"noopener\">webs de b\u00fasqueda de empleo<\/a>&nbsp;es la opci\u00f3n m\u00e1s frecuente en el Reino Unido (57%), Rep\u00fablica Checa (55%) y Alemania (42%), mientras que el env\u00edo de CVs en respuesta a anuncios de trabajo prevalece en Portugal (56%), Polonia (56%), Francia (46%), Italia (44%) y Espa\u00f1a (43%).<\/p>\n<p>En los \u00faltimos a\u00f1os, algunos canales han crecido, como es el caso del uso de <a href=\"https:\/\/www.linkedin.com\/company\/gi-group\/posts\/\" target=\"_blank\" rel=\"noopener\">LinkedIn<\/a>, que aumenta especialmente entre los candidatos en Espa\u00f1a. Casi 4 de cada 10 encuestados reconoce utilizarlo, mientras que, en Alemania, s\u00f3lo el 25% lo asegura. Asimismo, crece la opci\u00f3n de <b>enviar el CV a cazatalentos especializados en el sector<\/b>. Entre los pa\u00edses que mayoritariamente recurren a esta pr\u00e1ctica se sit\u00faa Reino Unido (22%), Espa\u00f1a y Rep\u00fablica Checa, ambos con un 17%.<br>Otra de las pr\u00e1cticas a las que recurren los trabajadores es el llamado boca a boca, especialmente entre amigos y conocidos. Para muchos de ellos, es el canal m\u00e1s efectivo. De hecho, este m\u00e9todo muestra la tasa de conversi\u00f3n m\u00e1s alta, en Alemania, (84%), Francia (77%) e Italia (58%). En el caso de Espa\u00f1a, m\u00e1s de la mitad asegura la eficacia de esta f\u00f3rmula para encontrar un empleo, casi 10 puntos por encima de Portugal (42%).<\/p>\n<p>Por \u00faltimo, las compa\u00f1\u00edas de Recursos Humanos siguen desempe\u00f1ando un papel fundamental al conectar la oferta y la demanda del mercado laboral. Su especializaci\u00f3n en la <b>inserci\u00f3n laboral, su compromiso constante con los candidatos y las empresas <\/b>para satisfacer las necesidades de ambas partes. Proporcionan servicios de orientaci\u00f3n, desarrollo de habilidades, mejora de competencias y reconversi\u00f3n profesional, que son una v\u00eda para encontrar trabajo para un 20% de los espa\u00f1oles encuestados. Una cifra s\u00f3lo superada por italianos, con un 28%, y Reino Unido, con un 21%.<\/p>\t\t\t\t\t\t<\/div>\n\t\t\t\t<\/div>\n\t\t\t\t<div class=\"elementor-element elementor-element-aafbba9 elementor-align-center elementor-widget elementor-widget-button\" data-id=\"aafbba9\" data-element_type=\"widget\" data-widget_type=\"button.default\">\n\t\t\t\t<div class=\"elementor-widget-container\">\n\t\t\t\t\t\t\t<div class=\"elementor-button-wrapper\">\n\t\t\t\t\t<a class=\"elementor-button elementor-button-link elementor-size-sm\" href=\"https:\/\/www.gigroupholding.com\/the-human-factor\/\">\n\t\t\t\t\t\t<span class=\"elementor-button-content-wrapper\">\n\t\t\t\t\t\t\t\t\t<span class=\"elementor-button-text\">Descarga el informe completo aqu\u00ed<\/span>\n\t\t\t\t\t<\/span>\n\t\t\t\t\t<\/a>\n\t\t\t\t<\/div>\n\t\t\t\t\t\t<\/div>\n\t\t\t\t<\/div>\n\t\t\t\t<div class=\"elementor-element elementor-element-6bcc750 elementor-widget__width-initial elementor-widget elementor-widget-text-editor\" data-id=\"6bcc750\" data-element_type=\"widget\" data-widget_type=\"text-editor.default\">\n\t\t\t\t<div class=\"elementor-widget-container\">\n\t\t\t\t\t\t\t<h3><span style=\"font-size: 20px;\"><b>Metodolog\u00eda<\/b><\/span><\/h3><p><i>El informe \u201cThe human factor: people and companies in the new global dynamics of work\u201d se ha realizado mediante la elaboraci\u00f3n de una encuesta internacional llevada a cabo por IPSOS en 12 pa\u00edses (Francia, Alemania, Italia, Polonia, Portugal, Rep\u00fablica Checa, Espa\u00f1a, Reino Unido, Turqu\u00eda, China, Brasil e India) El objetivo ha sido investigar, para cada pa\u00eds, los escenarios laborales, la satisfacci\u00f3n de los trabajadores, sus fortalezas, debilidades y potencial. La encuesta se realiz\u00f3 en los primeros meses de 2023, sobre una muestra de 3.300 personas de entre 24 y 40 a\u00f1os con al menos alguna experiencia laboral.<\/i><\/p>\t\t\t\t\t\t<\/div>\n\t\t\t\t<\/div>\n\t\t\t\t\t<\/div>\n\t\t<\/div>\n\t\t\t\t\t<\/div>\n\t\t<\/section>\n\t\t\t\t<\/div>\n\t\t","protected":false},"excerpt":{"rendered":"<p>News &#8211; Prioridades respecto al empleo ideal en Espa\u00f1a La formaci\u00f3n y la conciliaci\u00f3n, las prioridades laborales de los espa\u00f1oles Datos recogidos en el estudio \u2018The human factor: people and companies in the new global dynamics of work\u2019, elaborado por Gi Group Holding. Se analiza la satisfacci\u00f3n actual de los trabajadores, y los factores que [&hellip;]<\/p>\n","protected":false},"author":38,"featured_media":117465,"comment_status":"open","ping_status":"open","sticky":false,"template":"","format":"standard","meta":{"_acf_changed":false,"footnotes":"","_links_to":"","_links_to_target":""},"categories":[46],"tags":[],"class_list":["post-114387","post","type-post","status-publish","format-standard","has-post-thumbnail","hentry","category-advice"],"acf":[],"yoast_head":"<!-- This site is optimized with the Yoast SEO plugin v23.9 - https:\/\/yoast.com\/wordpress\/plugins\/seo\/ -->\n<title>Prioridades del empleo ideal en Europa: Formaci\u00f3n y conciliaci\u00f3n<\/title>\n<meta name=\"description\" content=\"Informaci\u00f3n sobre las medidas laborales frente a la DANA para proteger a trabajadores y empresas. Derechos y soluciones disponibles\" \/>\n<meta name=\"robots\" content=\"index, follow, max-snippet:-1, max-image-preview:large, max-video-preview:-1\" \/>\n<link rel=\"canonical\" href=\"https:\/\/www.gigroupholding.com\/espana\/empleo-ideal-prioridades-europa-formacion-conciliacion\/\" \/>\n<meta property=\"og:locale\" content=\"es_ES\" \/>\n<meta property=\"og:type\" content=\"article\" \/>\n<meta property=\"og:title\" content=\"Gi Group Holding Espana - Gi Group anuncia un importante hito en su historia. El lanzamiento de Gi Group Holding\" \/>\n<meta property=\"og:description\" content=\"Esta nueva marca corporativa posiciona al Grupo a nivel Global como una empresa de referencia ofreciendo soluciones 360\u00ba de Recursos Humanos, presente en 30 pa\u00edses.\" \/>\n<meta property=\"og:url\" content=\"https:\/\/www.gigroupholding.com\/espana\/empleo-ideal-prioridades-europa-formacion-conciliacion\/\" \/>\n<meta property=\"og:site_name\" content=\"Gi Group Holding Espa\u00f1a\" \/>\n<meta property=\"article:published_time\" content=\"2024-12-19T10:53:16+00:00\" \/>\n<meta property=\"article:modified_time\" content=\"2025-01-15T11:06:39+00:00\" \/>\n<meta property=\"og:image\" content=\"https:\/\/www.gigroupholding.com\/espana\/wp-content\/uploads\/sites\/4\/2022\/04\/Featured-Image-social-media.png\" \/>\n\t<meta property=\"og:image:width\" content=\"1200\" \/>\n\t<meta property=\"og:image:height\" content=\"628\" \/>\n\t<meta property=\"og:image:type\" content=\"image\/png\" \/>\n<meta name=\"author\" content=\"tmora\" \/>\n<meta name=\"twitter:card\" content=\"summary_large_image\" \/>\n<meta name=\"twitter:title\" content=\"Gi Group Holding Espana - Gi Group anuncia un importante hito en su historia. El lanzamiento de Gi Group Holding\" \/>\n<meta name=\"twitter:description\" content=\"Esta nueva marca corporativa posiciona al Grupo a nivel Global como una empresa de referencia ofreciendo soluciones 360\u00ba de Recursos Humanos, presente en 30 pa\u00edses.\" \/>\n<meta name=\"twitter:image\" content=\"https:\/\/www.gigroupholding.com\/espana\/wp-content\/uploads\/sites\/4\/2022\/04\/Featured-Image-social-media.png\" \/>\n<meta name=\"twitter:label1\" content=\"Escrito por\" \/>\n\t<meta name=\"twitter:data1\" content=\"tmora\" \/>\n\t<meta name=\"twitter:label2\" content=\"Tiempo de lectura\" \/>\n\t<meta name=\"twitter:data2\" content=\"7 minutos\" \/>\n<script type=\"application\/ld+json\" class=\"yoast-schema-graph\">{\"@context\":\"https:\/\/schema.org\",\"@graph\":[{\"@type\":\"Article\",\"@id\":\"https:\/\/www.gigroupholding.com\/espana\/empleo-ideal-prioridades-europa-formacion-conciliacion\/#article\",\"isPartOf\":{\"@id\":\"https:\/\/www.gigroupholding.com\/espana\/empleo-ideal-prioridades-europa-formacion-conciliacion\/\"},\"author\":{\"name\":\"tmora\",\"@id\":\"https:\/\/www.gigroupholding.com\/espana\/#\/schema\/person\/0753f12ad0464892272b5c87c79cf6f7\"},\"headline\":\"La formaci\u00f3n y la conciliaci\u00f3n, las prioridades laborales de los espa\u00f1oles seg\u00fan Gi Group Holding\",\"datePublished\":\"2024-12-19T10:53:16+00:00\",\"dateModified\":\"2025-01-15T11:06:39+00:00\",\"mainEntityOfPage\":{\"@id\":\"https:\/\/www.gigroupholding.com\/espana\/empleo-ideal-prioridades-europa-formacion-conciliacion\/\"},\"wordCount\":1481,\"commentCount\":0,\"publisher\":{\"@id\":\"https:\/\/www.gigroupholding.com\/espana\/#organization\"},\"image\":{\"@id\":\"https:\/\/www.gigroupholding.com\/espana\/empleo-ideal-prioridades-europa-formacion-conciliacion\/#primaryimage\"},\"thumbnailUrl\":\"https:\/\/www.gigroupholding.com\/espana\/wp-content\/uploads\/sites\/4\/2024\/12\/the-human-factor.png\",\"articleSection\":[\"Advice\"],\"inLanguage\":\"es\",\"potentialAction\":[{\"@type\":\"CommentAction\",\"name\":\"Comment\",\"target\":[\"https:\/\/www.gigroupholding.com\/espana\/empleo-ideal-prioridades-europa-formacion-conciliacion\/#respond\"]}]},{\"@type\":\"WebPage\",\"@id\":\"https:\/\/www.gigroupholding.com\/espana\/empleo-ideal-prioridades-europa-formacion-conciliacion\/\",\"url\":\"https:\/\/www.gigroupholding.com\/espana\/empleo-ideal-prioridades-europa-formacion-conciliacion\/\",\"name\":\"Prioridades del empleo ideal en Europa: Formaci\u00f3n y conciliaci\u00f3n\",\"isPartOf\":{\"@id\":\"https:\/\/www.gigroupholding.com\/espana\/#website\"},\"primaryImageOfPage\":{\"@id\":\"https:\/\/www.gigroupholding.com\/espana\/empleo-ideal-prioridades-europa-formacion-conciliacion\/#primaryimage\"},\"image\":{\"@id\":\"https:\/\/www.gigroupholding.com\/espana\/empleo-ideal-prioridades-europa-formacion-conciliacion\/#primaryimage\"},\"thumbnailUrl\":\"https:\/\/www.gigroupholding.com\/espana\/wp-content\/uploads\/sites\/4\/2024\/12\/the-human-factor.png\",\"datePublished\":\"2024-12-19T10:53:16+00:00\",\"dateModified\":\"2025-01-15T11:06:39+00:00\",\"description\":\"Informaci\u00f3n sobre las medidas laborales frente a la DANA para proteger a trabajadores y empresas. Derechos y soluciones disponibles\",\"breadcrumb\":{\"@id\":\"https:\/\/www.gigroupholding.com\/espana\/empleo-ideal-prioridades-europa-formacion-conciliacion\/#breadcrumb\"},\"inLanguage\":\"es\",\"potentialAction\":[{\"@type\":\"ReadAction\",\"target\":[\"https:\/\/www.gigroupholding.com\/espana\/empleo-ideal-prioridades-europa-formacion-conciliacion\/\"]}]},{\"@type\":\"ImageObject\",\"inLanguage\":\"es\",\"@id\":\"https:\/\/www.gigroupholding.com\/espana\/empleo-ideal-prioridades-europa-formacion-conciliacion\/#primaryimage\",\"url\":\"https:\/\/www.gigroupholding.com\/espana\/wp-content\/uploads\/sites\/4\/2024\/12\/the-human-factor.png\",\"contentUrl\":\"https:\/\/www.gigroupholding.com\/espana\/wp-content\/uploads\/sites\/4\/2024\/12\/the-human-factor.png\",\"width\":1294,\"height\":626,\"caption\":\"empleo ideal\"},{\"@type\":\"BreadcrumbList\",\"@id\":\"https:\/\/www.gigroupholding.com\/espana\/empleo-ideal-prioridades-europa-formacion-conciliacion\/#breadcrumb\",\"itemListElement\":[{\"@type\":\"ListItem\",\"position\":1,\"name\":\"Advice\",\"item\":\"https:\/\/www.gigroupholding.com\/espana\/category\/advice\/\"},{\"@type\":\"ListItem\",\"position\":2,\"name\":\"La formaci\u00f3n y la conciliaci\u00f3n, las prioridades laborales de los espa\u00f1oles seg\u00fan Gi Group Holding\"}]},{\"@type\":\"WebSite\",\"@id\":\"https:\/\/www.gigroupholding.com\/espana\/#website\",\"url\":\"https:\/\/www.gigroupholding.com\/espana\/\",\"name\":\"Gi Group Holding Espa\u00f1a\",\"description\":\"Entorno global de servicios integrados de Recursos Humanos\",\"publisher\":{\"@id\":\"https:\/\/www.gigroupholding.com\/espana\/#organization\"},\"potentialAction\":[{\"@type\":\"SearchAction\",\"target\":{\"@type\":\"EntryPoint\",\"urlTemplate\":\"https:\/\/www.gigroupholding.com\/espana\/?s={search_term_string}\"},\"query-input\":{\"@type\":\"PropertyValueSpecification\",\"valueRequired\":true,\"valueName\":\"search_term_string\"}}],\"inLanguage\":\"es\"},{\"@type\":\"Organization\",\"@id\":\"https:\/\/www.gigroupholding.com\/espana\/#organization\",\"name\":\"Gi Group Holding\",\"url\":\"https:\/\/www.gigroupholding.com\/espana\/\",\"logo\":{\"@type\":\"ImageObject\",\"inLanguage\":\"es\",\"@id\":\"https:\/\/www.gigroupholding.com\/espana\/#\/schema\/logo\/image\/\",\"url\":\"https:\/\/www.gigroupholding.com\/espana\/wp-content\/uploads\/sites\/4\/2022\/04\/GIGROUPHOLDING-LOGO-RGB-e1649316299235.png\",\"contentUrl\":\"https:\/\/www.gigroupholding.com\/espana\/wp-content\/uploads\/sites\/4\/2022\/04\/GIGROUPHOLDING-LOGO-RGB-e1649316299235.png\",\"width\":900,\"height\":456,\"caption\":\"Gi Group Holding\"},\"image\":{\"@id\":\"https:\/\/www.gigroupholding.com\/espana\/#\/schema\/logo\/image\/\"}},{\"@type\":\"Person\",\"@id\":\"https:\/\/www.gigroupholding.com\/espana\/#\/schema\/person\/0753f12ad0464892272b5c87c79cf6f7\",\"name\":\"tmora\",\"image\":{\"@type\":\"ImageObject\",\"inLanguage\":\"es\",\"@id\":\"https:\/\/www.gigroupholding.com\/espana\/#\/schema\/person\/image\/\",\"url\":\"https:\/\/secure.gravatar.com\/avatar\/83a58e8d663c3362e7ce3184b3052d8f?s=96&d=mm&r=g\",\"contentUrl\":\"https:\/\/secure.gravatar.com\/avatar\/83a58e8d663c3362e7ce3184b3052d8f?s=96&d=mm&r=g\",\"caption\":\"tmora\"},\"url\":\"https:\/\/www.gigroupholding.com\/espana\/author\/tmora\/\"}]}<\/script>\n<!-- \/ Yoast SEO plugin. -->","yoast_head_json":{"title":"Prioridades del empleo ideal en Europa: Formaci\u00f3n y conciliaci\u00f3n","description":"Informaci\u00f3n sobre las medidas laborales frente a la DANA para proteger a trabajadores y empresas. Derechos y soluciones disponibles","robots":{"index":"index","follow":"follow","max-snippet":"max-snippet:-1","max-image-preview":"max-image-preview:large","max-video-preview":"max-video-preview:-1"},"canonical":"https:\/\/www.gigroupholding.com\/espana\/empleo-ideal-prioridades-europa-formacion-conciliacion\/","og_locale":"es_ES","og_type":"article","og_title":"Gi Group Holding Espana - Gi Group anuncia un importante hito en su historia. El lanzamiento de Gi Group Holding","og_description":"Esta nueva marca corporativa posiciona al Grupo a nivel Global como una empresa de referencia ofreciendo soluciones 360\u00ba de Recursos Humanos, presente en 30 pa\u00edses.","og_url":"https:\/\/www.gigroupholding.com\/espana\/empleo-ideal-prioridades-europa-formacion-conciliacion\/","og_site_name":"Gi Group Holding Espa\u00f1a","article_published_time":"2024-12-19T10:53:16+00:00","article_modified_time":"2025-01-15T11:06:39+00:00","og_image":[{"width":1200,"height":628,"url":"https:\/\/www.gigroupholding.com\/espana\/wp-content\/uploads\/sites\/4\/2022\/04\/Featured-Image-social-media.png","type":"image\/png"}],"author":"tmora","twitter_card":"summary_large_image","twitter_title":"Gi Group Holding Espana - Gi Group anuncia un importante hito en su historia. El lanzamiento de Gi Group Holding","twitter_description":"Esta nueva marca corporativa posiciona al Grupo a nivel Global como una empresa de referencia ofreciendo soluciones 360\u00ba de Recursos Humanos, presente en 30 pa\u00edses.","twitter_image":"https:\/\/www.gigroupholding.com\/espana\/wp-content\/uploads\/sites\/4\/2022\/04\/Featured-Image-social-media.png","twitter_misc":{"Escrito por":"tmora","Tiempo de lectura":"7 minutos"},"schema":{"@context":"https:\/\/schema.org","@graph":[{"@type":"Article","@id":"https:\/\/www.gigroupholding.com\/espana\/empleo-ideal-prioridades-europa-formacion-conciliacion\/#article","isPartOf":{"@id":"https:\/\/www.gigroupholding.com\/espana\/empleo-ideal-prioridades-europa-formacion-conciliacion\/"},"author":{"name":"tmora","@id":"https:\/\/www.gigroupholding.com\/espana\/#\/schema\/person\/0753f12ad0464892272b5c87c79cf6f7"},"headline":"La formaci\u00f3n y la conciliaci\u00f3n, las prioridades laborales de los espa\u00f1oles seg\u00fan Gi Group Holding","datePublished":"2024-12-19T10:53:16+00:00","dateModified":"2025-01-15T11:06:39+00:00","mainEntityOfPage":{"@id":"https:\/\/www.gigroupholding.com\/espana\/empleo-ideal-prioridades-europa-formacion-conciliacion\/"},"wordCount":1481,"commentCount":0,"publisher":{"@id":"https:\/\/www.gigroupholding.com\/espana\/#organization"},"image":{"@id":"https:\/\/www.gigroupholding.com\/espana\/empleo-ideal-prioridades-europa-formacion-conciliacion\/#primaryimage"},"thumbnailUrl":"https:\/\/www.gigroupholding.com\/espana\/wp-content\/uploads\/sites\/4\/2024\/12\/the-human-factor.png","articleSection":["Advice"],"inLanguage":"es","potentialAction":[{"@type":"CommentAction","name":"Comment","target":["https:\/\/www.gigroupholding.com\/espana\/empleo-ideal-prioridades-europa-formacion-conciliacion\/#respond"]}]},{"@type":"WebPage","@id":"https:\/\/www.gigroupholding.com\/espana\/empleo-ideal-prioridades-europa-formacion-conciliacion\/","url":"https:\/\/www.gigroupholding.com\/espana\/empleo-ideal-prioridades-europa-formacion-conciliacion\/","name":"Prioridades del empleo ideal en Europa: Formaci\u00f3n y conciliaci\u00f3n","isPartOf":{"@id":"https:\/\/www.gigroupholding.com\/espana\/#website"},"primaryImageOfPage":{"@id":"https:\/\/www.gigroupholding.com\/espana\/empleo-ideal-prioridades-europa-formacion-conciliacion\/#primaryimage"},"image":{"@id":"https:\/\/www.gigroupholding.com\/espana\/empleo-ideal-prioridades-europa-formacion-conciliacion\/#primaryimage"},"thumbnailUrl":"https:\/\/www.gigroupholding.com\/espana\/wp-content\/uploads\/sites\/4\/2024\/12\/the-human-factor.png","datePublished":"2024-12-19T10:53:16+00:00","dateModified":"2025-01-15T11:06:39+00:00","description":"Informaci\u00f3n sobre las medidas laborales frente a la DANA para proteger a trabajadores y empresas. Derechos y soluciones disponibles","breadcrumb":{"@id":"https:\/\/www.gigroupholding.com\/espana\/empleo-ideal-prioridades-europa-formacion-conciliacion\/#breadcrumb"},"inLanguage":"es","potentialAction":[{"@type":"ReadAction","target":["https:\/\/www.gigroupholding.com\/espana\/empleo-ideal-prioridades-europa-formacion-conciliacion\/"]}]},{"@type":"ImageObject","inLanguage":"es","@id":"https:\/\/www.gigroupholding.com\/espana\/empleo-ideal-prioridades-europa-formacion-conciliacion\/#primaryimage","url":"https:\/\/www.gigroupholding.com\/espana\/wp-content\/uploads\/sites\/4\/2024\/12\/the-human-factor.png","contentUrl":"https:\/\/www.gigroupholding.com\/espana\/wp-content\/uploads\/sites\/4\/2024\/12\/the-human-factor.png","width":1294,"height":626,"caption":"empleo ideal"},{"@type":"BreadcrumbList","@id":"https:\/\/www.gigroupholding.com\/espana\/empleo-ideal-prioridades-europa-formacion-conciliacion\/#breadcrumb","itemListElement":[{"@type":"ListItem","position":1,"name":"Advice","item":"https:\/\/www.gigroupholding.com\/espana\/category\/advice\/"},{"@type":"ListItem","position":2,"name":"La formaci\u00f3n y la conciliaci\u00f3n, las prioridades laborales de los espa\u00f1oles seg\u00fan Gi Group Holding"}]},{"@type":"WebSite","@id":"https:\/\/www.gigroupholding.com\/espana\/#website","url":"https:\/\/www.gigroupholding.com\/espana\/","name":"Gi Group Holding Espa\u00f1a","description":"Entorno global de servicios integrados de Recursos Humanos","publisher":{"@id":"https:\/\/www.gigroupholding.com\/espana\/#organization"},"potentialAction":[{"@type":"SearchAction","target":{"@type":"EntryPoint","urlTemplate":"https:\/\/www.gigroupholding.com\/espana\/?s={search_term_string}"},"query-input":{"@type":"PropertyValueSpecification","valueRequired":true,"valueName":"search_term_string"}}],"inLanguage":"es"},{"@type":"Organization","@id":"https:\/\/www.gigroupholding.com\/espana\/#organization","name":"Gi Group Holding","url":"https:\/\/www.gigroupholding.com\/espana\/","logo":{"@type":"ImageObject","inLanguage":"es","@id":"https:\/\/www.gigroupholding.com\/espana\/#\/schema\/logo\/image\/","url":"https:\/\/www.gigroupholding.com\/espana\/wp-content\/uploads\/sites\/4\/2022\/04\/GIGROUPHOLDING-LOGO-RGB-e1649316299235.png","contentUrl":"https:\/\/www.gigroupholding.com\/espana\/wp-content\/uploads\/sites\/4\/2022\/04\/GIGROUPHOLDING-LOGO-RGB-e1649316299235.png","width":900,"height":456,"caption":"Gi Group Holding"},"image":{"@id":"https:\/\/www.gigroupholding.com\/espana\/#\/schema\/logo\/image\/"}},{"@type":"Person","@id":"https:\/\/www.gigroupholding.com\/espana\/#\/schema\/person\/0753f12ad0464892272b5c87c79cf6f7","name":"tmora","image":{"@type":"ImageObject","inLanguage":"es","@id":"https:\/\/www.gigroupholding.com\/espana\/#\/schema\/person\/image\/","url":"https:\/\/secure.gravatar.com\/avatar\/83a58e8d663c3362e7ce3184b3052d8f?s=96&d=mm&r=g","contentUrl":"https:\/\/secure.gravatar.com\/avatar\/83a58e8d663c3362e7ce3184b3052d8f?s=96&d=mm&r=g","caption":"tmora"},"url":"https:\/\/www.gigroupholding.com\/espana\/author\/tmora\/"}]}},"_links":{"self":[{"href":"https:\/\/www.gigroupholding.com\/espana\/wp-json\/wp\/v2\/posts\/114387","targetHints":{"allow":["GET"]}}],"collection":[{"href":"https:\/\/www.gigroupholding.com\/espana\/wp-json\/wp\/v2\/posts"}],"about":[{"href":"https:\/\/www.gigroupholding.com\/espana\/wp-json\/wp\/v2\/types\/post"}],"author":[{"embeddable":true,"href":"https:\/\/www.gigroupholding.com\/espana\/wp-json\/wp\/v2\/users\/38"}],"replies":[{"embeddable":true,"href":"https:\/\/www.gigroupholding.com\/espana\/wp-json\/wp\/v2\/comments?post=114387"}],"version-history":[{"count":25,"href":"https:\/\/www.gigroupholding.com\/espana\/wp-json\/wp\/v2\/posts\/114387\/revisions"}],"predecessor-version":[{"id":117507,"href":"https:\/\/www.gigroupholding.com\/espana\/wp-json\/wp\/v2\/posts\/114387\/revisions\/117507"}],"wp:featuredmedia":[{"embeddable":true,"href":"https:\/\/www.gigroupholding.com\/espana\/wp-json\/wp\/v2\/media\/117465"}],"wp:attachment":[{"href":"https:\/\/www.gigroupholding.com\/espana\/wp-json\/wp\/v2\/media?parent=114387"}],"wp:term":[{"taxonomy":"category","embeddable":true,"href":"https:\/\/www.gigroupholding.com\/espana\/wp-json\/wp\/v2\/categories?post=114387"},{"taxonomy":"post_tag","embeddable":true,"href":"https:\/\/www.gigroupholding.com\/espana\/wp-json\/wp\/v2\/tags?post=114387"}],"curies":[{"name":"wp","href":"https:\/\/api.w.org\/{rel}","templated":true}]}}