{"id":10384,"date":"2022-06-01T17:00:03","date_gmt":"2022-06-01T17:00:03","guid":{"rendered":"https:\/\/www.gigroupholding.com\/espana\/lanzamiento-grafton-spain-2\/"},"modified":"2022-10-06T10:36:30","modified_gmt":"2022-10-06T10:36:30","slug":"patrocinador-camara-comercio-zaragoza","status":"publish","type":"post","link":"https:\/\/www.gigroupholding.com\/espana\/patrocinador-camara-comercio-zaragoza\/","title":{"rendered":"Gi Group Holding asiste como patrocinador a la Semana de la Internacionalizaci\u00f3n de la C\u00e1mara de Comercio de Zaragoza"},"content":{"rendered":"\t\t<div data-elementor-type=\"wp-post\" data-elementor-id=\"10384\" class=\"elementor elementor-10384\" data-elementor-post-type=\"post\">\n\t\t\t\t\t\t<section class=\"elementor-section elementor-top-section elementor-element elementor-element-2d3d7b1 elementor-section-boxed elementor-section-height-default elementor-section-height-default\" data-id=\"2d3d7b1\" data-element_type=\"section\" data-settings=\"{&quot;background_background&quot;:&quot;classic&quot;}\">\n\t\t\t\t\t\t<div class=\"elementor-container elementor-column-gap-default\">\n\t\t\t\t\t<div class=\"elementor-column elementor-col-100 elementor-top-column elementor-element elementor-element-a61ced5\" data-id=\"a61ced5\" data-element_type=\"column\">\n\t\t\t<div class=\"elementor-widget-wrap elementor-element-populated\">\n\t\t\t\t\t\t<div class=\"elementor-element elementor-element-4977cb8 elementor-widget elementor-widget-heading\" data-id=\"4977cb8\" data-element_type=\"widget\" data-widget_type=\"heading.default\">\n\t\t\t\t<div class=\"elementor-widget-container\">\n\t\t\t<p class=\"elementor-heading-title elementor-size-default\">News -  <b>Gi Group Holding en la C\u00e1mara de Comercio de Zaragoza<\/b><\/p>\t\t<\/div>\n\t\t\t\t<\/div>\n\t\t\t\t<div class=\"elementor-element elementor-element-f1e8d83 elementor-widget elementor-widget-spacer\" data-id=\"f1e8d83\" data-element_type=\"widget\" data-widget_type=\"spacer.default\">\n\t\t\t\t<div class=\"elementor-widget-container\">\n\t\t\t\t\t<div class=\"elementor-spacer\">\n\t\t\t<div class=\"elementor-spacer-inner\"><\/div>\n\t\t<\/div>\n\t\t\t\t<\/div>\n\t\t\t\t<\/div>\n\t\t\t\t<div class=\"elementor-element elementor-element-0899b76 elementor-widget elementor-widget-heading\" data-id=\"0899b76\" data-element_type=\"widget\" data-widget_type=\"heading.default\">\n\t\t\t\t<div class=\"elementor-widget-container\">\n\t\t\t<h2 class=\"elementor-heading-title elementor-size-default\">Gi Group asiste como patrocinador a la Semana de la Internacionalizaci\u00f3n de la C\u00e1mara de Comercio de Zaragoza<\/h2>\t\t<\/div>\n\t\t\t\t<\/div>\n\t\t\t\t<div class=\"elementor-element elementor-element-7c1e6d0 elementor-widget elementor-widget-spacer\" data-id=\"7c1e6d0\" data-element_type=\"widget\" data-widget_type=\"spacer.default\">\n\t\t\t\t<div class=\"elementor-widget-container\">\n\t\t\t\t\t<div class=\"elementor-spacer\">\n\t\t\t<div class=\"elementor-spacer-inner\"><\/div>\n\t\t<\/div>\n\t\t\t\t<\/div>\n\t\t\t\t<\/div>\n\t\t\t\t<div class=\"elementor-element elementor-element-5829a65 max-width-940 elementor-widget elementor-widget-heading\" data-id=\"5829a65\" data-element_type=\"widget\" data-widget_type=\"heading.default\">\n\t\t\t\t<div class=\"elementor-widget-container\">\n\t\t\t<p class=\"elementor-heading-title elementor-size-default\">Gi Group Holding ha patrocinado una de las mesas redondas: \u201cGrupos multinacionales: el dif\u00edcil equilibrio entre la autonom\u00eda y la dependencia\u201d<\/p>\t\t<\/div>\n\t\t\t\t<\/div>\n\t\t\t\t\t<\/div>\n\t\t<\/div>\n\t\t\t\t\t<\/div>\n\t\t<\/section>\n\t\t\t\t<section class=\"elementor-section elementor-top-section elementor-element elementor-element-702e9a9 elementor-section-boxed elementor-section-height-default elementor-section-height-default\" data-id=\"702e9a9\" data-element_type=\"section\">\n\t\t\t\t\t\t<div class=\"elementor-container elementor-column-gap-default\">\n\t\t\t\t\t<div class=\"elementor-column elementor-col-100 elementor-top-column elementor-element elementor-element-6d199ef\" data-id=\"6d199ef\" data-element_type=\"column\">\n\t\t\t<div class=\"elementor-widget-wrap elementor-element-populated\">\n\t\t\t\t\t\t<div class=\"elementor-element elementor-element-315a75b elementor-widget elementor-widget-text-editor\" data-id=\"315a75b\" data-element_type=\"widget\" data-widget_type=\"text-editor.default\">\n\t\t\t\t<div class=\"elementor-widget-container\">\n\t\t\t\t\t\t\t<p>Esta semana <a href=\"https:\/\/www.gigroupholding.com\/espana\/\" target=\"_blank\" rel=\"noopener\">Gi Group Holding<\/a> ha asistido como patrocinador a la<strong> \u00faltima Semana de la Internacionalizaci\u00f3n<\/strong> organizada por la C\u00e1mara de Comercio, Industria y Servicios de Zaragoza. Una semana en la que, adem\u00e1s, se otorgan los <strong>Premios a la Exportaci\u00f3n,<\/strong> que se reconocen desde 1979 a la internalizaci\u00f3n de las empresas de la provincia. Unos premios que potencian la internalizaci\u00f3n del tejido empresarial aragon\u00e9s.<\/p><p>Adem\u00e1s de la entrega de premios, se suceden mesas redondas y entrevistas de relevancia. En ellas las empresas galardonadas tienen su propio protagonismo y se tratan tem\u00e1ticas de actualidad.<\/p>\t\t\t\t\t\t<\/div>\n\t\t\t\t<\/div>\n\t\t\t\t<div class=\"elementor-element elementor-element-0179932 elementor-widget elementor-widget-heading\" data-id=\"0179932\" data-element_type=\"widget\" data-widget_type=\"heading.default\">\n\t\t\t\t<div class=\"elementor-widget-container\">\n\t\t\t<h2 class=\"elementor-heading-title elementor-size-default\">Patrocinador en la Semana de la Internacionalizaci\u00f3n<\/h2>\t\t<\/div>\n\t\t\t\t<\/div>\n\t\t\t\t<div class=\"elementor-element elementor-element-1e44254 elementor-widget elementor-widget-image\" data-id=\"1e44254\" data-element_type=\"widget\" data-widget_type=\"image.default\">\n\t\t\t\t<div class=\"elementor-widget-container\">\n\t\t\t\t\t\t\t\t\t\t\t\t\t<img fetchpriority=\"high\" decoding=\"async\" width=\"800\" height=\"417\" src=\"https:\/\/www.gigroupholding.com\/espana\/wp-content\/uploads\/sites\/4\/2022\/05\/WEB-01-1024x534.png\" class=\"attachment-large size-large wp-image-10421\" alt=\"c\u00e1mara de comercio de zaragoza\" srcset=\"https:\/\/www.gigroupholding.com\/espana\/wp-content\/uploads\/sites\/4\/2022\/05\/WEB-01-1024x534.png 1024w, https:\/\/www.gigroupholding.com\/espana\/wp-content\/uploads\/sites\/4\/2022\/05\/WEB-01-300x156.png 300w, https:\/\/www.gigroupholding.com\/espana\/wp-content\/uploads\/sites\/4\/2022\/05\/WEB-01-768x400.png 768w, https:\/\/www.gigroupholding.com\/espana\/wp-content\/uploads\/sites\/4\/2022\/05\/WEB-01-1536x801.png 1536w, https:\/\/www.gigroupholding.com\/espana\/wp-content\/uploads\/sites\/4\/2022\/05\/WEB-01-2048x1068.png 2048w, https:\/\/www.gigroupholding.com\/espana\/wp-content\/uploads\/sites\/4\/2022\/05\/WEB-01-e1654096638110.png 900w\" sizes=\"(max-width: 800px) 100vw, 800px\" \/>\t\t\t\t\t\t\t\t\t\t\t\t\t<\/div>\n\t\t\t\t<\/div>\n\t\t\t\t<div class=\"elementor-element elementor-element-a3ea1bb elementor-widget elementor-widget-text-editor\" data-id=\"a3ea1bb\" data-element_type=\"widget\" data-widget_type=\"text-editor.default\">\n\t\t\t\t<div class=\"elementor-widget-container\">\n\t\t\t\t\t\t\t<p>En esta ocasi\u00f3n Gi Group Holding ha patrocinado una de las mesas redondas: <b>\u201cGrupos multinacionales: el dif\u00edcil equilibrio entre la autonom\u00eda y la dependencia\u201d.<\/b>&nbsp;<\/p><p>El encuentro ha tenido lugar a la 13:00 de esta ma\u00f1ana y ha reunido a algunos directores ejecutivos como Irene Carmen, CEO de Dicsa, o Ver\u00f3nica Illiescu, CEO de Cablescom, con responsables de RRHH como Miguel Hernando de Latexco Espa\u00f1a o nuestra HR Manager de Gi Group Holding, Silvia Mart\u00ednez. Y la participaci\u00f3n de Luis Tolosa, Iberia Market manager en Mas Seeds Iberia.<\/p>\n<p>Un coloquio donde se han tratado las diversas oportunidades y dificultades que aparecen en las filiales y que surgen a partir de grandes grupos multinacionales. Adem\u00e1s, de c\u00f3mo la confluencia de los intereses de esta sociedad matriz propone retos diarios a sus equipos<\/p>\n<p>Una vez m\u00e1s, gracias a la C\u00e1mara de Comercio de Zaragoza por dejarnos participar como patrocinadores en esta semana de la Internalizaci\u00f3n. Para el grupo es siempre un placer aportar nuestro granito de arena en sesiones que aporten valor al sector empresarial.<\/p>\t\t\t\t\t\t<\/div>\n\t\t\t\t<\/div>\n\t\t\t\t\t<\/div>\n\t\t<\/div>\n\t\t\t\t\t<\/div>\n\t\t<\/section>\n\t\t\t\t<\/div>\n\t\t","protected":false},"excerpt":{"rendered":"<p>Gi Group Announces A Landmark Moment In Its Company&#8217;s History &#8211; The Launch Of Gi Group Holding, A New Corporate Brand That Represents The Company&#8217;s Global, Multi-Brand Staffing And Recruitment Business Ecosystem With A Footprint In 30 Countries.<\/p>\n","protected":false},"author":16,"featured_media":10421,"comment_status":"open","ping_status":"open","sticky":false,"template":"","format":"standard","meta":{"_acf_changed":false,"footnotes":"","_links_to":"","_links_to_target":""},"categories":[75],"tags":[84,85],"class_list":["post-10384","post","type-post","status-publish","format-standard","has-post-thumbnail","hentry","category-eventos","tag-camara-de-comercio","tag-patrocinio"],"acf":[],"yoast_head":"<!-- This site is optimized with the Yoast SEO plugin v23.9 - https:\/\/yoast.com\/wordpress\/plugins\/seo\/ -->\n<title>C\u00e1mara de Comercio de Zaragoza: Semana de la Internacionalizaci\u00f3n<\/title>\n<meta name=\"description\" content=\"Gi Group Holding patrocina la mesa redonda \u201cGrupos multinacionales&quot; en la C\u00e1mara de Comercio de Zaragoza, tras los Premios a la Exportaci\u00f3n.\" \/>\n<meta name=\"robots\" content=\"index, follow, max-snippet:-1, max-image-preview:large, max-video-preview:-1\" \/>\n<link rel=\"canonical\" href=\"https:\/\/www.gigroupholding.com\/espana\/patrocinador-camara-comercio-zaragoza\/\" \/>\n<meta property=\"og:locale\" content=\"es_ES\" \/>\n<meta property=\"og:type\" content=\"article\" \/>\n<meta property=\"og:title\" content=\"Gi Group Holding Espana - Gi Group anuncia un importante hito en su historia. El lanzamiento de Gi Group Holding\" \/>\n<meta property=\"og:description\" content=\"Esta nueva marca corporativa posiciona al Grupo a nivel Global como una empresa de referencia ofreciendo soluciones 360\u00ba de Recursos Humanos, presente en 30 pa\u00edses.\" \/>\n<meta property=\"og:url\" content=\"https:\/\/www.gigroupholding.com\/espana\/patrocinador-camara-comercio-zaragoza\/\" \/>\n<meta property=\"og:site_name\" content=\"Gi Group Holding Espa\u00f1a\" \/>\n<meta property=\"article:published_time\" content=\"2022-06-01T17:00:03+00:00\" \/>\n<meta property=\"article:modified_time\" content=\"2022-10-06T10:36:30+00:00\" \/>\n<meta property=\"og:image\" content=\"https:\/\/www.gigroupholding.com\/espana\/wp-content\/uploads\/sites\/4\/2022\/04\/Featured-Image-social-media.png\" \/>\n\t<meta property=\"og:image:width\" content=\"1200\" \/>\n\t<meta property=\"og:image:height\" content=\"628\" \/>\n\t<meta property=\"og:image:type\" content=\"image\/png\" \/>\n<meta name=\"author\" content=\"bordas\" \/>\n<meta name=\"twitter:card\" content=\"summary_large_image\" \/>\n<meta name=\"twitter:title\" content=\"Gi Group Holding Espana - Gi Group anuncia un importante hito en su historia. El lanzamiento de Gi Group Holding\" \/>\n<meta name=\"twitter:description\" content=\"Esta nueva marca corporativa posiciona al Grupo a nivel Global como una empresa de referencia ofreciendo soluciones 360\u00ba de Recursos Humanos, presente en 30 pa\u00edses.\" \/>\n<meta name=\"twitter:image\" content=\"https:\/\/www.gigroupholding.com\/espana\/wp-content\/uploads\/sites\/4\/2022\/04\/Featured-Image-social-media.png\" \/>\n<meta name=\"twitter:label1\" content=\"Escrito por\" \/>\n\t<meta name=\"twitter:data1\" content=\"bordas\" \/>\n\t<meta name=\"twitter:label2\" content=\"Tiempo de lectura\" \/>\n\t<meta name=\"twitter:data2\" content=\"2 minutos\" \/>\n<script type=\"application\/ld+json\" class=\"yoast-schema-graph\">{\"@context\":\"https:\/\/schema.org\",\"@graph\":[{\"@type\":\"Article\",\"@id\":\"https:\/\/www.gigroupholding.com\/espana\/patrocinador-camara-comercio-zaragoza\/#article\",\"isPartOf\":{\"@id\":\"https:\/\/www.gigroupholding.com\/espana\/patrocinador-camara-comercio-zaragoza\/\"},\"author\":{\"name\":\"bordas\",\"@id\":\"https:\/\/www.gigroupholding.com\/espana\/#\/schema\/person\/6e2454d3545d53d8ac17ba8999b5ca0d\"},\"headline\":\"Gi Group Holding asiste como patrocinador a la Semana de la Internacionalizaci\u00f3n de la C\u00e1mara de Comercio de Zaragoza\",\"datePublished\":\"2022-06-01T17:00:03+00:00\",\"dateModified\":\"2022-10-06T10:36:30+00:00\",\"mainEntityOfPage\":{\"@id\":\"https:\/\/www.gigroupholding.com\/espana\/patrocinador-camara-comercio-zaragoza\/\"},\"wordCount\":371,\"commentCount\":0,\"publisher\":{\"@id\":\"https:\/\/www.gigroupholding.com\/espana\/#organization\"},\"image\":{\"@id\":\"https:\/\/www.gigroupholding.com\/espana\/patrocinador-camara-comercio-zaragoza\/#primaryimage\"},\"thumbnailUrl\":\"https:\/\/www.gigroupholding.com\/espana\/wp-content\/uploads\/sites\/4\/2022\/05\/WEB-01-e1654096638110.png\",\"keywords\":[\"camara de comercio\",\"patrocinio\"],\"articleSection\":[\"Eventos\"],\"inLanguage\":\"es\",\"potentialAction\":[{\"@type\":\"CommentAction\",\"name\":\"Comment\",\"target\":[\"https:\/\/www.gigroupholding.com\/espana\/patrocinador-camara-comercio-zaragoza\/#respond\"]}]},{\"@type\":\"WebPage\",\"@id\":\"https:\/\/www.gigroupholding.com\/espana\/patrocinador-camara-comercio-zaragoza\/\",\"url\":\"https:\/\/www.gigroupholding.com\/espana\/patrocinador-camara-comercio-zaragoza\/\",\"name\":\"C\u00e1mara de Comercio de Zaragoza: Semana de la Internacionalizaci\u00f3n\",\"isPartOf\":{\"@id\":\"https:\/\/www.gigroupholding.com\/espana\/#website\"},\"primaryImageOfPage\":{\"@id\":\"https:\/\/www.gigroupholding.com\/espana\/patrocinador-camara-comercio-zaragoza\/#primaryimage\"},\"image\":{\"@id\":\"https:\/\/www.gigroupholding.com\/espana\/patrocinador-camara-comercio-zaragoza\/#primaryimage\"},\"thumbnailUrl\":\"https:\/\/www.gigroupholding.com\/espana\/wp-content\/uploads\/sites\/4\/2022\/05\/WEB-01-e1654096638110.png\",\"datePublished\":\"2022-06-01T17:00:03+00:00\",\"dateModified\":\"2022-10-06T10:36:30+00:00\",\"description\":\"Gi Group Holding patrocina la mesa redonda \u201cGrupos multinacionales\\\" en la C\u00e1mara de Comercio de Zaragoza, tras los Premios a la Exportaci\u00f3n.\",\"breadcrumb\":{\"@id\":\"https:\/\/www.gigroupholding.com\/espana\/patrocinador-camara-comercio-zaragoza\/#breadcrumb\"},\"inLanguage\":\"es\",\"potentialAction\":[{\"@type\":\"ReadAction\",\"target\":[\"https:\/\/www.gigroupholding.com\/espana\/patrocinador-camara-comercio-zaragoza\/\"]}]},{\"@type\":\"ImageObject\",\"inLanguage\":\"es\",\"@id\":\"https:\/\/www.gigroupholding.com\/espana\/patrocinador-camara-comercio-zaragoza\/#primaryimage\",\"url\":\"https:\/\/www.gigroupholding.com\/espana\/wp-content\/uploads\/sites\/4\/2022\/05\/WEB-01-e1654096638110.png\",\"contentUrl\":\"https:\/\/www.gigroupholding.com\/espana\/wp-content\/uploads\/sites\/4\/2022\/05\/WEB-01-e1654096638110.png\",\"width\":900,\"height\":469,\"caption\":\"c\u00e1mara de comercio de zaragoza\"},{\"@type\":\"BreadcrumbList\",\"@id\":\"https:\/\/www.gigroupholding.com\/espana\/patrocinador-camara-comercio-zaragoza\/#breadcrumb\",\"itemListElement\":[{\"@type\":\"ListItem\",\"position\":1,\"name\":\"Eventos\",\"item\":\"https:\/\/www.gigroupholding.com\/espana\/category\/eventos\/\"},{\"@type\":\"ListItem\",\"position\":2,\"name\":\"Gi Group Holding asiste como patrocinador a la Semana de la Internacionalizaci\u00f3n de la C\u00e1mara de Comercio de Zaragoza\"}]},{\"@type\":\"WebSite\",\"@id\":\"https:\/\/www.gigroupholding.com\/espana\/#website\",\"url\":\"https:\/\/www.gigroupholding.com\/espana\/\",\"name\":\"Gi Group Holding Espa\u00f1a\",\"description\":\"Entorno global de servicios integrados de Recursos Humanos\",\"publisher\":{\"@id\":\"https:\/\/www.gigroupholding.com\/espana\/#organization\"},\"potentialAction\":[{\"@type\":\"SearchAction\",\"target\":{\"@type\":\"EntryPoint\",\"urlTemplate\":\"https:\/\/www.gigroupholding.com\/espana\/?s={search_term_string}\"},\"query-input\":{\"@type\":\"PropertyValueSpecification\",\"valueRequired\":true,\"valueName\":\"search_term_string\"}}],\"inLanguage\":\"es\"},{\"@type\":\"Organization\",\"@id\":\"https:\/\/www.gigroupholding.com\/espana\/#organization\",\"name\":\"Gi Group Holding\",\"url\":\"https:\/\/www.gigroupholding.com\/espana\/\",\"logo\":{\"@type\":\"ImageObject\",\"inLanguage\":\"es\",\"@id\":\"https:\/\/www.gigroupholding.com\/espana\/#\/schema\/logo\/image\/\",\"url\":\"https:\/\/www.gigroupholding.com\/espana\/wp-content\/uploads\/sites\/4\/2022\/04\/GIGROUPHOLDING-LOGO-RGB-e1649316299235.png\",\"contentUrl\":\"https:\/\/www.gigroupholding.com\/espana\/wp-content\/uploads\/sites\/4\/2022\/04\/GIGROUPHOLDING-LOGO-RGB-e1649316299235.png\",\"width\":900,\"height\":456,\"caption\":\"Gi Group Holding\"},\"image\":{\"@id\":\"https:\/\/www.gigroupholding.com\/espana\/#\/schema\/logo\/image\/\"}},{\"@type\":\"Person\",\"@id\":\"https:\/\/www.gigroupholding.com\/espana\/#\/schema\/person\/6e2454d3545d53d8ac17ba8999b5ca0d\",\"name\":\"bordas\",\"image\":{\"@type\":\"ImageObject\",\"inLanguage\":\"es\",\"@id\":\"https:\/\/www.gigroupholding.com\/espana\/#\/schema\/person\/image\/\",\"url\":\"https:\/\/secure.gravatar.com\/avatar\/f7b8b63c0e345c2f57eee77bd3a3f1e6?s=96&d=mm&r=g\",\"contentUrl\":\"https:\/\/secure.gravatar.com\/avatar\/f7b8b63c0e345c2f57eee77bd3a3f1e6?s=96&d=mm&r=g\",\"caption\":\"bordas\"},\"url\":\"https:\/\/www.gigroupholding.com\/espana\/author\/bordas\/\"}]}<\/script>\n<!-- \/ Yoast SEO plugin. -->","yoast_head_json":{"title":"C\u00e1mara de Comercio de Zaragoza: Semana de la Internacionalizaci\u00f3n","description":"Gi Group Holding patrocina la mesa redonda \u201cGrupos multinacionales\" en la C\u00e1mara de Comercio de Zaragoza, tras los Premios a la Exportaci\u00f3n.","robots":{"index":"index","follow":"follow","max-snippet":"max-snippet:-1","max-image-preview":"max-image-preview:large","max-video-preview":"max-video-preview:-1"},"canonical":"https:\/\/www.gigroupholding.com\/espana\/patrocinador-camara-comercio-zaragoza\/","og_locale":"es_ES","og_type":"article","og_title":"Gi Group Holding Espana - Gi Group anuncia un importante hito en su historia. El lanzamiento de Gi Group Holding","og_description":"Esta nueva marca corporativa posiciona al Grupo a nivel Global como una empresa de referencia ofreciendo soluciones 360\u00ba de Recursos Humanos, presente en 30 pa\u00edses.","og_url":"https:\/\/www.gigroupholding.com\/espana\/patrocinador-camara-comercio-zaragoza\/","og_site_name":"Gi Group Holding Espa\u00f1a","article_published_time":"2022-06-01T17:00:03+00:00","article_modified_time":"2022-10-06T10:36:30+00:00","og_image":[{"width":1200,"height":628,"url":"https:\/\/www.gigroupholding.com\/espana\/wp-content\/uploads\/sites\/4\/2022\/04\/Featured-Image-social-media.png","type":"image\/png"}],"author":"bordas","twitter_card":"summary_large_image","twitter_title":"Gi Group Holding Espana - Gi Group anuncia un importante hito en su historia. El lanzamiento de Gi Group Holding","twitter_description":"Esta nueva marca corporativa posiciona al Grupo a nivel Global como una empresa de referencia ofreciendo soluciones 360\u00ba de Recursos Humanos, presente en 30 pa\u00edses.","twitter_image":"https:\/\/www.gigroupholding.com\/espana\/wp-content\/uploads\/sites\/4\/2022\/04\/Featured-Image-social-media.png","twitter_misc":{"Escrito por":"bordas","Tiempo de lectura":"2 minutos"},"schema":{"@context":"https:\/\/schema.org","@graph":[{"@type":"Article","@id":"https:\/\/www.gigroupholding.com\/espana\/patrocinador-camara-comercio-zaragoza\/#article","isPartOf":{"@id":"https:\/\/www.gigroupholding.com\/espana\/patrocinador-camara-comercio-zaragoza\/"},"author":{"name":"bordas","@id":"https:\/\/www.gigroupholding.com\/espana\/#\/schema\/person\/6e2454d3545d53d8ac17ba8999b5ca0d"},"headline":"Gi Group Holding asiste como patrocinador a la Semana de la Internacionalizaci\u00f3n de la C\u00e1mara de Comercio de Zaragoza","datePublished":"2022-06-01T17:00:03+00:00","dateModified":"2022-10-06T10:36:30+00:00","mainEntityOfPage":{"@id":"https:\/\/www.gigroupholding.com\/espana\/patrocinador-camara-comercio-zaragoza\/"},"wordCount":371,"commentCount":0,"publisher":{"@id":"https:\/\/www.gigroupholding.com\/espana\/#organization"},"image":{"@id":"https:\/\/www.gigroupholding.com\/espana\/patrocinador-camara-comercio-zaragoza\/#primaryimage"},"thumbnailUrl":"https:\/\/www.gigroupholding.com\/espana\/wp-content\/uploads\/sites\/4\/2022\/05\/WEB-01-e1654096638110.png","keywords":["camara de comercio","patrocinio"],"articleSection":["Eventos"],"inLanguage":"es","potentialAction":[{"@type":"CommentAction","name":"Comment","target":["https:\/\/www.gigroupholding.com\/espana\/patrocinador-camara-comercio-zaragoza\/#respond"]}]},{"@type":"WebPage","@id":"https:\/\/www.gigroupholding.com\/espana\/patrocinador-camara-comercio-zaragoza\/","url":"https:\/\/www.gigroupholding.com\/espana\/patrocinador-camara-comercio-zaragoza\/","name":"C\u00e1mara de Comercio de Zaragoza: Semana de la Internacionalizaci\u00f3n","isPartOf":{"@id":"https:\/\/www.gigroupholding.com\/espana\/#website"},"primaryImageOfPage":{"@id":"https:\/\/www.gigroupholding.com\/espana\/patrocinador-camara-comercio-zaragoza\/#primaryimage"},"image":{"@id":"https:\/\/www.gigroupholding.com\/espana\/patrocinador-camara-comercio-zaragoza\/#primaryimage"},"thumbnailUrl":"https:\/\/www.gigroupholding.com\/espana\/wp-content\/uploads\/sites\/4\/2022\/05\/WEB-01-e1654096638110.png","datePublished":"2022-06-01T17:00:03+00:00","dateModified":"2022-10-06T10:36:30+00:00","description":"Gi Group Holding patrocina la mesa redonda \u201cGrupos multinacionales\" en la C\u00e1mara de Comercio de Zaragoza, tras los Premios a la Exportaci\u00f3n.","breadcrumb":{"@id":"https:\/\/www.gigroupholding.com\/espana\/patrocinador-camara-comercio-zaragoza\/#breadcrumb"},"inLanguage":"es","potentialAction":[{"@type":"ReadAction","target":["https:\/\/www.gigroupholding.com\/espana\/patrocinador-camara-comercio-zaragoza\/"]}]},{"@type":"ImageObject","inLanguage":"es","@id":"https:\/\/www.gigroupholding.com\/espana\/patrocinador-camara-comercio-zaragoza\/#primaryimage","url":"https:\/\/www.gigroupholding.com\/espana\/wp-content\/uploads\/sites\/4\/2022\/05\/WEB-01-e1654096638110.png","contentUrl":"https:\/\/www.gigroupholding.com\/espana\/wp-content\/uploads\/sites\/4\/2022\/05\/WEB-01-e1654096638110.png","width":900,"height":469,"caption":"c\u00e1mara de comercio de zaragoza"},{"@type":"BreadcrumbList","@id":"https:\/\/www.gigroupholding.com\/espana\/patrocinador-camara-comercio-zaragoza\/#breadcrumb","itemListElement":[{"@type":"ListItem","position":1,"name":"Eventos","item":"https:\/\/www.gigroupholding.com\/espana\/category\/eventos\/"},{"@type":"ListItem","position":2,"name":"Gi Group Holding asiste como patrocinador a la Semana de la Internacionalizaci\u00f3n de la C\u00e1mara de Comercio de Zaragoza"}]},{"@type":"WebSite","@id":"https:\/\/www.gigroupholding.com\/espana\/#website","url":"https:\/\/www.gigroupholding.com\/espana\/","name":"Gi Group Holding Espa\u00f1a","description":"Entorno global de servicios integrados de Recursos Humanos","publisher":{"@id":"https:\/\/www.gigroupholding.com\/espana\/#organization"},"potentialAction":[{"@type":"SearchAction","target":{"@type":"EntryPoint","urlTemplate":"https:\/\/www.gigroupholding.com\/espana\/?s={search_term_string}"},"query-input":{"@type":"PropertyValueSpecification","valueRequired":true,"valueName":"search_term_string"}}],"inLanguage":"es"},{"@type":"Organization","@id":"https:\/\/www.gigroupholding.com\/espana\/#organization","name":"Gi Group Holding","url":"https:\/\/www.gigroupholding.com\/espana\/","logo":{"@type":"ImageObject","inLanguage":"es","@id":"https:\/\/www.gigroupholding.com\/espana\/#\/schema\/logo\/image\/","url":"https:\/\/www.gigroupholding.com\/espana\/wp-content\/uploads\/sites\/4\/2022\/04\/GIGROUPHOLDING-LOGO-RGB-e1649316299235.png","contentUrl":"https:\/\/www.gigroupholding.com\/espana\/wp-content\/uploads\/sites\/4\/2022\/04\/GIGROUPHOLDING-LOGO-RGB-e1649316299235.png","width":900,"height":456,"caption":"Gi Group Holding"},"image":{"@id":"https:\/\/www.gigroupholding.com\/espana\/#\/schema\/logo\/image\/"}},{"@type":"Person","@id":"https:\/\/www.gigroupholding.com\/espana\/#\/schema\/person\/6e2454d3545d53d8ac17ba8999b5ca0d","name":"bordas","image":{"@type":"ImageObject","inLanguage":"es","@id":"https:\/\/www.gigroupholding.com\/espana\/#\/schema\/person\/image\/","url":"https:\/\/secure.gravatar.com\/avatar\/f7b8b63c0e345c2f57eee77bd3a3f1e6?s=96&d=mm&r=g","contentUrl":"https:\/\/secure.gravatar.com\/avatar\/f7b8b63c0e345c2f57eee77bd3a3f1e6?s=96&d=mm&r=g","caption":"bordas"},"url":"https:\/\/www.gigroupholding.com\/espana\/author\/bordas\/"}]}},"_links":{"self":[{"href":"https:\/\/www.gigroupholding.com\/espana\/wp-json\/wp\/v2\/posts\/10384","targetHints":{"allow":["GET"]}}],"collection":[{"href":"https:\/\/www.gigroupholding.com\/espana\/wp-json\/wp\/v2\/posts"}],"about":[{"href":"https:\/\/www.gigroupholding.com\/espana\/wp-json\/wp\/v2\/types\/post"}],"author":[{"embeddable":true,"href":"https:\/\/www.gigroupholding.com\/espana\/wp-json\/wp\/v2\/users\/16"}],"replies":[{"embeddable":true,"href":"https:\/\/www.gigroupholding.com\/espana\/wp-json\/wp\/v2\/comments?post=10384"}],"version-history":[{"count":31,"href":"https:\/\/www.gigroupholding.com\/espana\/wp-json\/wp\/v2\/posts\/10384\/revisions"}],"predecessor-version":[{"id":11164,"href":"https:\/\/www.gigroupholding.com\/espana\/wp-json\/wp\/v2\/posts\/10384\/revisions\/11164"}],"wp:featuredmedia":[{"embeddable":true,"href":"https:\/\/www.gigroupholding.com\/espana\/wp-json\/wp\/v2\/media\/10421"}],"wp:attachment":[{"href":"https:\/\/www.gigroupholding.com\/espana\/wp-json\/wp\/v2\/media?parent=10384"}],"wp:term":[{"taxonomy":"category","embeddable":true,"href":"https:\/\/www.gigroupholding.com\/espana\/wp-json\/wp\/v2\/categories?post=10384"},{"taxonomy":"post_tag","embeddable":true,"href":"https:\/\/www.gigroupholding.com\/espana\/wp-json\/wp\/v2\/tags?post=10384"}],"curies":[{"name":"wp","href":"https:\/\/api.w.org\/{rel}","templated":true}]}}